{"id":46678,"date":"2021-07-05T21:16:13","date_gmt":"2021-07-05T21:16:13","guid":{"rendered":"https:\/\/gazetaregionalna.com\/?p=46678"},"modified":"2021-07-05T21:16:15","modified_gmt":"2021-07-05T21:16:15","slug":"letni-jurajski-festiwal-muzyczny-podlesice","status":"publish","type":"post","link":"https:\/\/gazetaregionalna.com\/?p=46678","title":{"rendered":"Letni Jurajski Festiwal Muzyczny 2021 w Podlesicach. Teraz pora na Olsztyn"},"content":{"rendered":"\n<h2 class=\"wp-block-heading\">Letni Jurajski Festiwal Muzyczny doczeka\u0142 si\u0119 drugiej ods\u0142ony, czyli &#8222;Koncertu dla wspinaczy&#8221; w Podlesicach. Najbli\u017csze muzyczne spotkanie odb\u0119dzie si\u0119 za\u015b w Olsztynie.<\/h2>\n\n\n\n<p>Letni Jurajski Festiwal Muzyczny to najnowsza propozycja przygotowana przez Filharmoni\u0119 Cz\u0119stochowsk\u0105. Pomys\u0142 &#8211; jak podkre\u015blaj\u0105 organizatorzy -narodzi\u0142 si\u0119 z potrzeby kontaktu z publiczno\u015bci\u0105 (po d\u0142ugiej przerwie spowodowanej obostrzeniami pandemicznymi) oraz ch\u0119ci po\u0142\u0105czenia r\u00f3\u017cnorodnych w charakterze propozycji muzycznych w wykonaniu filharmonijnych zespo\u0142\u00f3w kameralnych oraz Orkiestry i Ch\u00f3ru Filharmonii Cz\u0119stochowskiej \u201cCollegium Cantorum\u201d z wra\u017ceniami turystyczno\u2013krajoznawczymi. St\u0105d festiwalowe koncerty organizowane s\u0105 na szlaku Jury Krakowsko-Cz\u0119stochowskiej.<\/p>\n\n\n\n<figure class=\"wp-block-image size-large\"><img decoding=\"async\" width=\"1024\" height=\"683\" data-src=\"https:\/\/gazetaregionalna.com\/wp-content\/uploads\/2021\/06\/1_ljfm_logo_40-1024x683.jpg\" alt=\"\" class=\"wp-image-46081 lazyload\" data-srcset=\"https:\/\/gazetaregionalna.com\/wp-content\/uploads\/2021\/06\/1_ljfm_logo_40-1024x683.jpg 1024w, https:\/\/gazetaregionalna.com\/wp-content\/uploads\/2021\/06\/1_ljfm_logo_40-300x200.jpg 300w, https:\/\/gazetaregionalna.com\/wp-content\/uploads\/2021\/06\/1_ljfm_logo_40-768x512.jpg 768w, https:\/\/gazetaregionalna.com\/wp-content\/uploads\/2021\/06\/1_ljfm_logo_40-1536x1024.jpg 1536w, https:\/\/gazetaregionalna.com\/wp-content\/uploads\/2021\/06\/1_ljfm_logo_40-696x464.jpg 696w, https:\/\/gazetaregionalna.com\/wp-content\/uploads\/2021\/06\/1_ljfm_logo_40-1068x712.jpg 1068w, https:\/\/gazetaregionalna.com\/wp-content\/uploads\/2021\/06\/1_ljfm_logo_40-630x420.jpg 630w, https:\/\/gazetaregionalna.com\/wp-content\/uploads\/2021\/06\/1_ljfm_logo_40.jpg 1200w\" data-sizes=\"(max-width: 1024px) 100vw, 1024px\" src=\"data:image\/svg+xml;base64,PHN2ZyB3aWR0aD0iMSIgaGVpZ2h0PSIxIiB4bWxucz0iaHR0cDovL3d3dy53My5vcmcvMjAwMC9zdmciPjwvc3ZnPg==\" style=\"--smush-placeholder-width: 1024px; --smush-placeholder-aspect-ratio: 1024\/683;\" \/><figcaption>Letni Jurajski Festiwal Muzyczny na Starym Rynku (fot. Agnieszka Ma\u0142asiewicz\/Filharmonia Cz\u0119stochowska)<\/figcaption><\/figure>\n\n\n\n<p>Inauguracja imprezy odby\u0142a si\u0119 na rozpocz\u0119cie wakacji, tj. 27 czerwca na zrewitalizowanym Starym Rynku. Orkiestra Kameralna Filharmonii Cz\u0119stochowskiej pod dyrekcj\u0105 Adama Klocka przygotowa\u0142a \u201cKoncert muzyki polskiej w 100-lecie Trzeciego Powstania \u015al\u0105skiego\u201d. Ca\u0142o\u015b\u0107 dope\u0142ni\u0142a historyczna opowie\u015b\u0107 dr Juliusza S\u0119towskiego, szefa O\u015brodka Dokumentacji Dziej\u00f3w Cz\u0119stochowy (zdj\u0119cia prezentowali\u015bmy <a href=\"https:\/\/gazetaregionalna.com\/letni-jurajski-festiwal-muzyczny-zainaugurowany\/\">TUTAJ<\/a>).<\/p>\n\n\n\n<figure class=\"wp-block-image size-large\"><img decoding=\"async\" width=\"1024\" height=\"683\" data-src=\"https:\/\/gazetaregionalna.com\/wp-content\/uploads\/2021\/07\/Podlesice2-1024x683.jpg\" alt=\"\" class=\"wp-image-46684 lazyload\" data-srcset=\"https:\/\/gazetaregionalna.com\/wp-content\/uploads\/2021\/07\/Podlesice2-1024x683.jpg 1024w, https:\/\/gazetaregionalna.com\/wp-content\/uploads\/2021\/07\/Podlesice2-300x200.jpg 300w, https:\/\/gazetaregionalna.com\/wp-content\/uploads\/2021\/07\/Podlesice2-768x512.jpg 768w, https:\/\/gazetaregionalna.com\/wp-content\/uploads\/2021\/07\/Podlesice2-1536x1025.jpg 1536w, https:\/\/gazetaregionalna.com\/wp-content\/uploads\/2021\/07\/Podlesice2-696x464.jpg 696w, https:\/\/gazetaregionalna.com\/wp-content\/uploads\/2021\/07\/Podlesice2-1068x713.jpg 1068w, https:\/\/gazetaregionalna.com\/wp-content\/uploads\/2021\/07\/Podlesice2-630x420.jpg 630w, https:\/\/gazetaregionalna.com\/wp-content\/uploads\/2021\/07\/Podlesice2.jpg 1200w\" data-sizes=\"(max-width: 1024px) 100vw, 1024px\" src=\"data:image\/svg+xml;base64,PHN2ZyB3aWR0aD0iMSIgaGVpZ2h0PSIxIiB4bWxucz0iaHR0cDovL3d3dy53My5vcmcvMjAwMC9zdmciPjwvc3ZnPg==\" style=\"--smush-placeholder-width: 1024px; --smush-placeholder-aspect-ratio: 1024\/683;\" \/><figcaption>Letni Jurajski Festiwal Muzyczny w Podlesicach (fot. Agnieszka Ma\u0142asiewicz\/Filharmonia Cz\u0119stochowska)<\/figcaption><\/figure>\n\n\n\n<p>Druga ods\u0142ona festiwalu &#8211; czyli &#8222;Koncert dla wspinaczy&#8221; mia\u0142a miejsce 3 lipca. Miejscem wydarzenia by\u0142o Trafo Base Camp w Podlesicach. To pensjonat, knajpa, sklep wspinaczkowy, bulderownia (miejsce, gdzie mo\u017cna wspina\u0107 si\u0119 na sztucznej \u015bcianie bez asekuracji) i szko\u0142a wspinania w jednym, umiejscowione w samym \u015brodku Jury Krakowsko-Cz\u0119stochowskiej. Wyst\u0105pili tu za\u015b Siergiej Wowkotrub \u2013 skrzypce, Alicja Miruk-Mirska \u2013 skrzypce, Tomasz Ptak \u2013 alt\u00f3wka, Adam Klocek \u2013 wiolonczela, prowadzenie, Jan Ko\u0142acki \u2013 kontrabas oraz bandoneonista Klaudiusz Baran.<\/p>\n\n\n\n<figure class=\"wp-block-image size-large\"><img decoding=\"async\" width=\"1024\" height=\"683\" data-src=\"https:\/\/gazetaregionalna.com\/wp-content\/uploads\/2021\/07\/Podlesice3-1024x683.jpg\" alt=\"\" class=\"wp-image-46685 lazyload\" data-srcset=\"https:\/\/gazetaregionalna.com\/wp-content\/uploads\/2021\/07\/Podlesice3-1024x683.jpg 1024w, https:\/\/gazetaregionalna.com\/wp-content\/uploads\/2021\/07\/Podlesice3-300x200.jpg 300w, https:\/\/gazetaregionalna.com\/wp-content\/uploads\/2021\/07\/Podlesice3-768x512.jpg 768w, https:\/\/gazetaregionalna.com\/wp-content\/uploads\/2021\/07\/Podlesice3-1536x1025.jpg 1536w, https:\/\/gazetaregionalna.com\/wp-content\/uploads\/2021\/07\/Podlesice3-696x464.jpg 696w, https:\/\/gazetaregionalna.com\/wp-content\/uploads\/2021\/07\/Podlesice3-1068x713.jpg 1068w, https:\/\/gazetaregionalna.com\/wp-content\/uploads\/2021\/07\/Podlesice3-630x420.jpg 630w, https:\/\/gazetaregionalna.com\/wp-content\/uploads\/2021\/07\/Podlesice3.jpg 1200w\" data-sizes=\"(max-width: 1024px) 100vw, 1024px\" src=\"data:image\/svg+xml;base64,PHN2ZyB3aWR0aD0iMSIgaGVpZ2h0PSIxIiB4bWxucz0iaHR0cDovL3d3dy53My5vcmcvMjAwMC9zdmciPjwvc3ZnPg==\" style=\"--smush-placeholder-width: 1024px; --smush-placeholder-aspect-ratio: 1024\/683;\" \/><figcaption>Letni Jurajski Festiwal Muzyczny w Podlesicach (fot. Agnieszka Ma\u0142asiewicz\/Filharmonia Cz\u0119stochowska)<\/figcaption><\/figure>\n\n\n\n<p>Zgodnie z za\u0142o\u017ceniem organizator\u00f3w, muzyczne spotkania b\u0119d\u0105 odbywa\u0142y si\u0119 w niemal wszystkie soboty wakacji (wyj\u0105tkiem jest jedna niedziela &#8211; program prezentujemy <a href=\"https:\/\/gazetaregionalna.com\/letni-jurajski-festiwal-muzyczny-inauguracja\/\">TUTAJ<\/a>). St\u0105d kolejne festiwalowe wydarzenie ju\u017c 10 lipca. Tym razem Filharmonia Cz\u0119stochowska zaprasza do Ko\u015bcio\u0142a pw. \u015bw. Jana Chrzciciela w Olsztynie. D\u017awi\u0119kami czarowa\u0107 ma Quartetto Notturno, w sk\u0142adzie: Alicja Miruk-Mirska \u2013 skrzypce, Siergiej Wowkotrub \u2013 skrzypce, Malwina K\u0119sicka \u2013 alt\u00f3wka i Adam Klocek \u2013 wiolonczela, prowadzenie. Pocz\u0105tek o godz. 19. Wst\u0119p jest wolny.<\/p>\n\n\n\n<figure class=\"wp-block-image size-large\"><img decoding=\"async\" width=\"1024\" height=\"683\" data-src=\"https:\/\/gazetaregionalna.com\/wp-content\/uploads\/2021\/07\/Podlesice12-1024x683.jpg\" alt=\"\" class=\"wp-image-46686 lazyload\" data-srcset=\"https:\/\/gazetaregionalna.com\/wp-content\/uploads\/2021\/07\/Podlesice12-1024x683.jpg 1024w, https:\/\/gazetaregionalna.com\/wp-content\/uploads\/2021\/07\/Podlesice12-300x200.jpg 300w, https:\/\/gazetaregionalna.com\/wp-content\/uploads\/2021\/07\/Podlesice12-768x512.jpg 768w, https:\/\/gazetaregionalna.com\/wp-content\/uploads\/2021\/07\/Podlesice12-1536x1024.jpg 1536w, https:\/\/gazetaregionalna.com\/wp-content\/uploads\/2021\/07\/Podlesice12-696x464.jpg 696w, https:\/\/gazetaregionalna.com\/wp-content\/uploads\/2021\/07\/Podlesice12-1068x712.jpg 1068w, https:\/\/gazetaregionalna.com\/wp-content\/uploads\/2021\/07\/Podlesice12-630x420.jpg 630w, https:\/\/gazetaregionalna.com\/wp-content\/uploads\/2021\/07\/Podlesice12.jpg 1200w\" data-sizes=\"(max-width: 1024px) 100vw, 1024px\" src=\"data:image\/svg+xml;base64,PHN2ZyB3aWR0aD0iMSIgaGVpZ2h0PSIxIiB4bWxucz0iaHR0cDovL3d3dy53My5vcmcvMjAwMC9zdmciPjwvc3ZnPg==\" style=\"--smush-placeholder-width: 1024px; --smush-placeholder-aspect-ratio: 1024\/683;\" \/><figcaption>Letni Jurajski Festiwal Muzyczny w Podlesicach (fot. Agnieszka Ma\u0142asiewicz\/Filharmonia Cz\u0119stochowska)<\/figcaption><\/figure>\n\n\n\n<p>Podczas wydarzenia obowi\u0105zuje limit os\u00f3b zwi\u0105zany z mo\u017cliwo\u015bci\u0105 obiektu. Uczestnik\u00f3w obowi\u0105zuje za\u015b respektowanie aktualnych wytycznych sanitarno-epidemiologicznych zgodnie z aktualnym rozporz\u0105dzeniem Rady Ministr\u00f3w. Szczeg\u00f3\u0142y: <a rel=\"noreferrer noopener\" href=\"http:\/\/www.filharmonia.com.pl\" target=\"_blank\">www.filharmonia.com.pl<\/a>.<\/p>\n\n\n\n<p><strong>ZS<\/strong><\/p>\n\n\n\n<figure class=\"wp-block-gallery columns-3 is-cropped wp-block-gallery-1 is-layout-flex wp-block-gallery-is-layout-flex\"><ul class=\"blocks-gallery-grid\"><li class=\"blocks-gallery-item\"><figure><img decoding=\"async\" width=\"1024\" height=\"683\" data-src=\"https:\/\/gazetaregionalna.com\/wp-content\/uploads\/2021\/07\/Podlesice4-1024x683.jpg\" alt=\"\" data-id=\"46687\" data-full-url=\"https:\/\/gazetaregionalna.com\/wp-content\/uploads\/2021\/07\/Podlesice4.jpg\" data-link=\"https:\/\/gazetaregionalna.com\/?attachment_id=46687\" class=\"wp-image-46687 lazyload\" data-srcset=\"https:\/\/gazetaregionalna.com\/wp-content\/uploads\/2021\/07\/Podlesice4-1024x683.jpg 1024w, https:\/\/gazetaregionalna.com\/wp-content\/uploads\/2021\/07\/Podlesice4-300x200.jpg 300w, https:\/\/gazetaregionalna.com\/wp-content\/uploads\/2021\/07\/Podlesice4-768x512.jpg 768w, https:\/\/gazetaregionalna.com\/wp-content\/uploads\/2021\/07\/Podlesice4-1536x1024.jpg 1536w, https:\/\/gazetaregionalna.com\/wp-content\/uploads\/2021\/07\/Podlesice4-696x464.jpg 696w, https:\/\/gazetaregionalna.com\/wp-content\/uploads\/2021\/07\/Podlesice4-1068x712.jpg 1068w, https:\/\/gazetaregionalna.com\/wp-content\/uploads\/2021\/07\/Podlesice4-630x420.jpg 630w, https:\/\/gazetaregionalna.com\/wp-content\/uploads\/2021\/07\/Podlesice4.jpg 1200w\" data-sizes=\"(max-width: 1024px) 100vw, 1024px\" src=\"data:image\/svg+xml;base64,PHN2ZyB3aWR0aD0iMSIgaGVpZ2h0PSIxIiB4bWxucz0iaHR0cDovL3d3dy53My5vcmcvMjAwMC9zdmciPjwvc3ZnPg==\" style=\"--smush-placeholder-width: 1024px; --smush-placeholder-aspect-ratio: 1024\/683;\" \/><figcaption class=\"blocks-gallery-item__caption\">Letni Jurajski Festiwal Muzyczny w Podlesicach (fot. Agnieszka Ma\u0142asiewicz\/Filharmonia Cz\u0119stochowska)<\/figcaption><\/figure><\/li><li class=\"blocks-gallery-item\"><figure><img decoding=\"async\" width=\"1024\" height=\"683\" data-src=\"https:\/\/gazetaregionalna.com\/wp-content\/uploads\/2021\/07\/Podlesice5-1024x683.jpg\" alt=\"\" data-id=\"46688\" data-full-url=\"https:\/\/gazetaregionalna.com\/wp-content\/uploads\/2021\/07\/Podlesice5.jpg\" data-link=\"https:\/\/gazetaregionalna.com\/?attachment_id=46688\" class=\"wp-image-46688 lazyload\" data-srcset=\"https:\/\/gazetaregionalna.com\/wp-content\/uploads\/2021\/07\/Podlesice5-1024x683.jpg 1024w, https:\/\/gazetaregionalna.com\/wp-content\/uploads\/2021\/07\/Podlesice5-300x200.jpg 300w, https:\/\/gazetaregionalna.com\/wp-content\/uploads\/2021\/07\/Podlesice5-768x512.jpg 768w, https:\/\/gazetaregionalna.com\/wp-content\/uploads\/2021\/07\/Podlesice5-1536x1024.jpg 1536w, https:\/\/gazetaregionalna.com\/wp-content\/uploads\/2021\/07\/Podlesice5-696x464.jpg 696w, https:\/\/gazetaregionalna.com\/wp-content\/uploads\/2021\/07\/Podlesice5-1068x712.jpg 1068w, https:\/\/gazetaregionalna.com\/wp-content\/uploads\/2021\/07\/Podlesice5-630x420.jpg 630w, https:\/\/gazetaregionalna.com\/wp-content\/uploads\/2021\/07\/Podlesice5.jpg 1200w\" data-sizes=\"(max-width: 1024px) 100vw, 1024px\" src=\"data:image\/svg+xml;base64,PHN2ZyB3aWR0aD0iMSIgaGVpZ2h0PSIxIiB4bWxucz0iaHR0cDovL3d3dy53My5vcmcvMjAwMC9zdmciPjwvc3ZnPg==\" style=\"--smush-placeholder-width: 1024px; --smush-placeholder-aspect-ratio: 1024\/683;\" \/><\/figure><\/li><li class=\"blocks-gallery-item\"><figure><img decoding=\"async\" width=\"1024\" height=\"683\" data-src=\"https:\/\/gazetaregionalna.com\/wp-content\/uploads\/2021\/07\/Podlesice6-1024x683.jpg\" alt=\"\" data-id=\"46689\" data-full-url=\"https:\/\/gazetaregionalna.com\/wp-content\/uploads\/2021\/07\/Podlesice6.jpg\" data-link=\"https:\/\/gazetaregionalna.com\/?attachment_id=46689\" class=\"wp-image-46689 lazyload\" data-srcset=\"https:\/\/gazetaregionalna.com\/wp-content\/uploads\/2021\/07\/Podlesice6-1024x683.jpg 1024w, https:\/\/gazetaregionalna.com\/wp-content\/uploads\/2021\/07\/Podlesice6-300x200.jpg 300w, https:\/\/gazetaregionalna.com\/wp-content\/uploads\/2021\/07\/Podlesice6-768x512.jpg 768w, https:\/\/gazetaregionalna.com\/wp-content\/uploads\/2021\/07\/Podlesice6-1536x1024.jpg 1536w, https:\/\/gazetaregionalna.com\/wp-content\/uploads\/2021\/07\/Podlesice6-696x464.jpg 696w, https:\/\/gazetaregionalna.com\/wp-content\/uploads\/2021\/07\/Podlesice6-1068x712.jpg 1068w, https:\/\/gazetaregionalna.com\/wp-content\/uploads\/2021\/07\/Podlesice6-630x420.jpg 630w, https:\/\/gazetaregionalna.com\/wp-content\/uploads\/2021\/07\/Podlesice6.jpg 1200w\" data-sizes=\"(max-width: 1024px) 100vw, 1024px\" src=\"data:image\/svg+xml;base64,PHN2ZyB3aWR0aD0iMSIgaGVpZ2h0PSIxIiB4bWxucz0iaHR0cDovL3d3dy53My5vcmcvMjAwMC9zdmciPjwvc3ZnPg==\" style=\"--smush-placeholder-width: 1024px; --smush-placeholder-aspect-ratio: 1024\/683;\" \/><figcaption class=\"blocks-gallery-item__caption\">Letni Jurajski Festiwal Muzyczny w Podlesicach (fot. Agnieszka Ma\u0142asiewicz\/Filharmonia Cz\u0119stochowska)<\/figcaption><\/figure><\/li><li class=\"blocks-gallery-item\"><figure><img decoding=\"async\" width=\"1024\" height=\"683\" data-src=\"https:\/\/gazetaregionalna.com\/wp-content\/uploads\/2021\/07\/Podlesice7-1024x683.jpg\" alt=\"\" data-id=\"46690\" data-full-url=\"https:\/\/gazetaregionalna.com\/wp-content\/uploads\/2021\/07\/Podlesice7.jpg\" data-link=\"https:\/\/gazetaregionalna.com\/?attachment_id=46690\" class=\"wp-image-46690 lazyload\" data-srcset=\"https:\/\/gazetaregionalna.com\/wp-content\/uploads\/2021\/07\/Podlesice7-1024x683.jpg 1024w, https:\/\/gazetaregionalna.com\/wp-content\/uploads\/2021\/07\/Podlesice7-300x200.jpg 300w, https:\/\/gazetaregionalna.com\/wp-content\/uploads\/2021\/07\/Podlesice7-768x512.jpg 768w, https:\/\/gazetaregionalna.com\/wp-content\/uploads\/2021\/07\/Podlesice7-1536x1025.jpg 1536w, https:\/\/gazetaregionalna.com\/wp-content\/uploads\/2021\/07\/Podlesice7-696x464.jpg 696w, https:\/\/gazetaregionalna.com\/wp-content\/uploads\/2021\/07\/Podlesice7-1068x713.jpg 1068w, https:\/\/gazetaregionalna.com\/wp-content\/uploads\/2021\/07\/Podlesice7-630x420.jpg 630w, https:\/\/gazetaregionalna.com\/wp-content\/uploads\/2021\/07\/Podlesice7.jpg 1200w\" data-sizes=\"(max-width: 1024px) 100vw, 1024px\" src=\"data:image\/svg+xml;base64,PHN2ZyB3aWR0aD0iMSIgaGVpZ2h0PSIxIiB4bWxucz0iaHR0cDovL3d3dy53My5vcmcvMjAwMC9zdmciPjwvc3ZnPg==\" style=\"--smush-placeholder-width: 1024px; --smush-placeholder-aspect-ratio: 1024\/683;\" \/><figcaption class=\"blocks-gallery-item__caption\">Letni Jurajski Festiwal Muzyczny w Podlesicach (fot. Agnieszka Ma\u0142asiewicz\/Filharmonia Cz\u0119stochowska)<\/figcaption><\/figure><\/li><li class=\"blocks-gallery-item\"><figure><img decoding=\"async\" width=\"1024\" height=\"683\" data-src=\"https:\/\/gazetaregionalna.com\/wp-content\/uploads\/2021\/07\/Podlesice8-1024x683.jpg\" alt=\"\" data-id=\"46691\" data-full-url=\"https:\/\/gazetaregionalna.com\/wp-content\/uploads\/2021\/07\/Podlesice8.jpg\" data-link=\"https:\/\/gazetaregionalna.com\/?attachment_id=46691\" class=\"wp-image-46691 lazyload\" data-srcset=\"https:\/\/gazetaregionalna.com\/wp-content\/uploads\/2021\/07\/Podlesice8-1024x683.jpg 1024w, https:\/\/gazetaregionalna.com\/wp-content\/uploads\/2021\/07\/Podlesice8-300x200.jpg 300w, https:\/\/gazetaregionalna.com\/wp-content\/uploads\/2021\/07\/Podlesice8-768x512.jpg 768w, https:\/\/gazetaregionalna.com\/wp-content\/uploads\/2021\/07\/Podlesice8-1536x1025.jpg 1536w, https:\/\/gazetaregionalna.com\/wp-content\/uploads\/2021\/07\/Podlesice8-696x464.jpg 696w, https:\/\/gazetaregionalna.com\/wp-content\/uploads\/2021\/07\/Podlesice8-1068x713.jpg 1068w, https:\/\/gazetaregionalna.com\/wp-content\/uploads\/2021\/07\/Podlesice8-630x420.jpg 630w, https:\/\/gazetaregionalna.com\/wp-content\/uploads\/2021\/07\/Podlesice8.jpg 1200w\" data-sizes=\"(max-width: 1024px) 100vw, 1024px\" src=\"data:image\/svg+xml;base64,PHN2ZyB3aWR0aD0iMSIgaGVpZ2h0PSIxIiB4bWxucz0iaHR0cDovL3d3dy53My5vcmcvMjAwMC9zdmciPjwvc3ZnPg==\" style=\"--smush-placeholder-width: 1024px; --smush-placeholder-aspect-ratio: 1024\/683;\" \/><figcaption class=\"blocks-gallery-item__caption\">Letni Jurajski Festiwal Muzyczny w Podlesicach (fot. Agnieszka Ma\u0142asiewicz\/Filharmonia Cz\u0119stochowska)<\/figcaption><\/figure><\/li><li class=\"blocks-gallery-item\"><figure><img decoding=\"async\" width=\"1024\" height=\"683\" data-src=\"https:\/\/gazetaregionalna.com\/wp-content\/uploads\/2021\/07\/Podlesice9-1024x683.jpg\" alt=\"\" data-id=\"46692\" data-full-url=\"https:\/\/gazetaregionalna.com\/wp-content\/uploads\/2021\/07\/Podlesice9.jpg\" data-link=\"https:\/\/gazetaregionalna.com\/?attachment_id=46692\" class=\"wp-image-46692 lazyload\" data-srcset=\"https:\/\/gazetaregionalna.com\/wp-content\/uploads\/2021\/07\/Podlesice9-1024x683.jpg 1024w, https:\/\/gazetaregionalna.com\/wp-content\/uploads\/2021\/07\/Podlesice9-300x200.jpg 300w, https:\/\/gazetaregionalna.com\/wp-content\/uploads\/2021\/07\/Podlesice9-768x512.jpg 768w, https:\/\/gazetaregionalna.com\/wp-content\/uploads\/2021\/07\/Podlesice9-1536x1024.jpg 1536w, https:\/\/gazetaregionalna.com\/wp-content\/uploads\/2021\/07\/Podlesice9-696x464.jpg 696w, https:\/\/gazetaregionalna.com\/wp-content\/uploads\/2021\/07\/Podlesice9-1068x712.jpg 1068w, https:\/\/gazetaregionalna.com\/wp-content\/uploads\/2021\/07\/Podlesice9-630x420.jpg 630w, https:\/\/gazetaregionalna.com\/wp-content\/uploads\/2021\/07\/Podlesice9.jpg 1200w\" data-sizes=\"(max-width: 1024px) 100vw, 1024px\" src=\"data:image\/svg+xml;base64,PHN2ZyB3aWR0aD0iMSIgaGVpZ2h0PSIxIiB4bWxucz0iaHR0cDovL3d3dy53My5vcmcvMjAwMC9zdmciPjwvc3ZnPg==\" style=\"--smush-placeholder-width: 1024px; --smush-placeholder-aspect-ratio: 1024\/683;\" \/><figcaption class=\"blocks-gallery-item__caption\">Letni Jurajski Festiwal Muzyczny w Podlesicach (fot. Agnieszka Ma\u0142asiewicz\/Filharmonia Cz\u0119stochowska)<\/figcaption><\/figure><\/li><li class=\"blocks-gallery-item\"><figure><img decoding=\"async\" width=\"1024\" height=\"683\" data-src=\"https:\/\/gazetaregionalna.com\/wp-content\/uploads\/2021\/07\/Podlesice10-1024x683.jpg\" alt=\"\" data-id=\"46693\" data-full-url=\"https:\/\/gazetaregionalna.com\/wp-content\/uploads\/2021\/07\/Podlesice10.jpg\" data-link=\"https:\/\/gazetaregionalna.com\/?attachment_id=46693\" class=\"wp-image-46693 lazyload\" data-srcset=\"https:\/\/gazetaregionalna.com\/wp-content\/uploads\/2021\/07\/Podlesice10-1024x683.jpg 1024w, https:\/\/gazetaregionalna.com\/wp-content\/uploads\/2021\/07\/Podlesice10-300x200.jpg 300w, https:\/\/gazetaregionalna.com\/wp-content\/uploads\/2021\/07\/Podlesice10-768x512.jpg 768w, https:\/\/gazetaregionalna.com\/wp-content\/uploads\/2021\/07\/Podlesice10-1536x1025.jpg 1536w, https:\/\/gazetaregionalna.com\/wp-content\/uploads\/2021\/07\/Podlesice10-696x464.jpg 696w, https:\/\/gazetaregionalna.com\/wp-content\/uploads\/2021\/07\/Podlesice10-1068x713.jpg 1068w, https:\/\/gazetaregionalna.com\/wp-content\/uploads\/2021\/07\/Podlesice10-630x420.jpg 630w, https:\/\/gazetaregionalna.com\/wp-content\/uploads\/2021\/07\/Podlesice10.jpg 1200w\" data-sizes=\"(max-width: 1024px) 100vw, 1024px\" src=\"data:image\/svg+xml;base64,PHN2ZyB3aWR0aD0iMSIgaGVpZ2h0PSIxIiB4bWxucz0iaHR0cDovL3d3dy53My5vcmcvMjAwMC9zdmciPjwvc3ZnPg==\" style=\"--smush-placeholder-width: 1024px; --smush-placeholder-aspect-ratio: 1024\/683;\" \/><figcaption class=\"blocks-gallery-item__caption\">Letni Jurajski Festiwal Muzyczny w Podlesicach (fot. Agnieszka Ma\u0142asiewicz\/Filharmonia Cz\u0119stochowska)<\/figcaption><\/figure><\/li><li class=\"blocks-gallery-item\"><figure><img decoding=\"async\" width=\"1024\" height=\"683\" data-src=\"https:\/\/gazetaregionalna.com\/wp-content\/uploads\/2021\/07\/Podlesice11-1024x683.jpg\" alt=\"\" data-id=\"46694\" data-full-url=\"https:\/\/gazetaregionalna.com\/wp-content\/uploads\/2021\/07\/Podlesice11.jpg\" data-link=\"https:\/\/gazetaregionalna.com\/?attachment_id=46694\" class=\"wp-image-46694 lazyload\" data-srcset=\"https:\/\/gazetaregionalna.com\/wp-content\/uploads\/2021\/07\/Podlesice11-1024x683.jpg 1024w, https:\/\/gazetaregionalna.com\/wp-content\/uploads\/2021\/07\/Podlesice11-300x200.jpg 300w, https:\/\/gazetaregionalna.com\/wp-content\/uploads\/2021\/07\/Podlesice11-768x512.jpg 768w, https:\/\/gazetaregionalna.com\/wp-content\/uploads\/2021\/07\/Podlesice11-1536x1024.jpg 1536w, https:\/\/gazetaregionalna.com\/wp-content\/uploads\/2021\/07\/Podlesice11-696x464.jpg 696w, https:\/\/gazetaregionalna.com\/wp-content\/uploads\/2021\/07\/Podlesice11-1068x712.jpg 1068w, https:\/\/gazetaregionalna.com\/wp-content\/uploads\/2021\/07\/Podlesice11-630x420.jpg 630w, https:\/\/gazetaregionalna.com\/wp-content\/uploads\/2021\/07\/Podlesice11.jpg 1200w\" data-sizes=\"(max-width: 1024px) 100vw, 1024px\" src=\"data:image\/svg+xml;base64,PHN2ZyB3aWR0aD0iMSIgaGVpZ2h0PSIxIiB4bWxucz0iaHR0cDovL3d3dy53My5vcmcvMjAwMC9zdmciPjwvc3ZnPg==\" style=\"--smush-placeholder-width: 1024px; --smush-placeholder-aspect-ratio: 1024\/683;\" \/><figcaption class=\"blocks-gallery-item__caption\">Letni Jurajski Festiwal Muzyczny w Podlesicach (fot. Agnieszka Ma\u0142asiewicz\/Filharmonia Cz\u0119stochowska)<\/figcaption><\/figure><\/li><\/ul><\/figure>\n\n\n\n<p><a href=\"https:\/\/gazetaregionalna.com\/piotr-machalica-uczczony-przez-kolegow-ze-sceny\/\">Czytaj tak\u017ce: Piotr Machalica uczczony przez koleg\u00f3w ze sceny. Wyj\u0105tkowy koncert w cz\u0119stochowskim teatrze [GALERIA ZDJ\u0118\u0106]<\/a><\/p>\n","protected":false},"excerpt":{"rendered":"<p>Letni Jurajski Festiwal Muzyczny doczeka\u0142 si\u0119 drugiej ods\u0142ony, czyli &#8222;Koncertu dla wspinaczy&#8221; w Podlesicach. Najbli\u017csze muzyczne spotkanie odb\u0119dzie si\u0119 za\u015b w Olsztynie. Letni Jurajski<\/p>\n","protected":false},"author":18,"featured_media":46683,"comment_status":"open","ping_status":"open","sticky":false,"template":"","format":"standard","meta":{"_monsterinsights_skip_tracking":false,"_monsterinsights_sitenote_active":false,"_monsterinsights_sitenote_note":"","_monsterinsights_sitenote_category":0,"_uf_show_specific_survey":0,"_uf_disable_surveys":false,"footnotes":""},"categories":[94,3,12,1568,2],"tags":[352,2239,201,2274],"class_list":["post-46678","post","type-post","status-publish","format-standard","has-post-thumbnail","hentry","category-polecane","category-czestochowa-informacje","category-kultura-i-rozrywka","category-muzyka","category-wiadomosci","tag-filharmonia-czestochowska","tag-letni-jurajski-festiwal-muzyczny","tag-olsztyn","tag-podlesice"],"_links":{"self":[{"href":"https:\/\/gazetaregionalna.com\/index.php?rest_route=\/wp\/v2\/posts\/46678","targetHints":{"allow":["GET"]}}],"collection":[{"href":"https:\/\/gazetaregionalna.com\/index.php?rest_route=\/wp\/v2\/posts"}],"about":[{"href":"https:\/\/gazetaregionalna.com\/index.php?rest_route=\/wp\/v2\/types\/post"}],"author":[{"embeddable":true,"href":"https:\/\/gazetaregionalna.com\/index.php?rest_route=\/wp\/v2\/users\/18"}],"replies":[{"embeddable":true,"href":"https:\/\/gazetaregionalna.com\/index.php?rest_route=%2Fwp%2Fv2%2Fcomments&post=46678"}],"version-history":[{"count":5,"href":"https:\/\/gazetaregionalna.com\/index.php?rest_route=\/wp\/v2\/posts\/46678\/revisions"}],"predecessor-version":[{"id":46695,"href":"https:\/\/gazetaregionalna.com\/index.php?rest_route=\/wp\/v2\/posts\/46678\/revisions\/46695"}],"wp:featuredmedia":[{"embeddable":true,"href":"https:\/\/gazetaregionalna.com\/index.php?rest_route=\/wp\/v2\/media\/46683"}],"wp:attachment":[{"href":"https:\/\/gazetaregionalna.com\/index.php?rest_route=%2Fwp%2Fv2%2Fmedia&parent=46678"}],"wp:term":[{"taxonomy":"category","embeddable":true,"href":"https:\/\/gazetaregionalna.com\/index.php?rest_route=%2Fwp%2Fv2%2Fcategories&post=46678"},{"taxonomy":"post_tag","embeddable":true,"href":"https:\/\/gazetaregionalna.com\/index.php?rest_route=%2Fwp%2Fv2%2Ftags&post=46678"}],"curies":[{"name":"wp","href":"https:\/\/api.w.org\/{rel}","templated":true}]}}