{"id":46477,"date":"2021-07-03T10:46:53","date_gmt":"2021-07-03T10:46:53","guid":{"rendered":"https:\/\/gazetaregionalna.com\/?p=46477"},"modified":"2021-07-03T10:46:54","modified_gmt":"2021-07-03T10:46:54","slug":"filmowcy-na-jasnej-gorze-prorok","status":"publish","type":"post","link":"https:\/\/gazetaregionalna.com\/?p=46477","title":{"rendered":"Filmowcy na Jasnej G\u00f3rze. Klasztor planem filmowym dla &#8222;Proroka&#8221;"},"content":{"rendered":"\n<h2 class=\"wp-block-heading\"><strong>Jasna G\u00f3ra<\/strong> sta\u0142a si\u0119 <strong>planem filmowym do nowego obrazu o kardynale Stefanie Wyszy\u0144skim<\/strong>. <strong>Re\u017cyserem filmu \u201eProrok\u201d <\/strong>jest Micha\u0142 Kondrat. <\/h2>\n\n\n\n<p>Tak, jak zapowiadali\u015bmy pod koniec czerwca w Cz\u0119stochowie realizowano zdj\u0119cia do filmu &#8222;Prorok&#8221; (o poszukiwaniu statyst\u00f3w pisali\u015bmy <a href=\"https:\/\/gazetaregionalna.com\/chcesz-wystapic-w-filmie\/\">TUTAJ<\/a>). Za re\u017cyseri\u0119 odpowiada Micha\u0142 Kondrat, tw\u00f3rca takich film\u00f3w jak \u201eCzy\u015bciec\u201d, \u201eMi\u0142o\u015b\u0107 i Mi\u0142osierdzie\u201d czy \u201eDwie korony\u201d.<\/p>\n\n\n\n<p>Obraz opowiada histori\u0119 kardyna\u0142a Stefana Wyszy\u0144skiego. Akcja filmu toczy si\u0119 w latach 1956-1970. Tytu\u0142 filmu zaczerpni\u0119ty zosta\u0142 z kryptonimu akcji S\u0142u\u017cb Bezpiecze\u0144stwa przeciwko Prymasowi. <\/p>\n\n\n\n<figure class=\"wp-block-image size-large\"><img decoding=\"async\" width=\"603\" height=\"452\" data-src=\"https:\/\/gazetaregionalna.com\/wp-content\/uploads\/2021\/07\/Prorok_JG2.jpg\" alt=\"\" class=\"wp-image-46502 lazyload\" data-srcset=\"https:\/\/gazetaregionalna.com\/wp-content\/uploads\/2021\/07\/Prorok_JG2.jpg 603w, https:\/\/gazetaregionalna.com\/wp-content\/uploads\/2021\/07\/Prorok_JG2-300x225.jpg 300w, https:\/\/gazetaregionalna.com\/wp-content\/uploads\/2021\/07\/Prorok_JG2-560x420.jpg 560w, https:\/\/gazetaregionalna.com\/wp-content\/uploads\/2021\/07\/Prorok_JG2-80x60.jpg 80w, https:\/\/gazetaregionalna.com\/wp-content\/uploads\/2021\/07\/Prorok_JG2-265x198.jpg 265w\" data-sizes=\"(max-width: 603px) 100vw, 603px\" src=\"data:image\/svg+xml;base64,PHN2ZyB3aWR0aD0iMSIgaGVpZ2h0PSIxIiB4bWxucz0iaHR0cDovL3d3dy53My5vcmcvMjAwMC9zdmciPjwvc3ZnPg==\" style=\"--smush-placeholder-width: 603px; --smush-placeholder-aspect-ratio: 603\/452;\" \/><figcaption>Zdj\u0119cia do filmu &#8222;Prorok&#8221; realizowane na Jasnej G\u00f3rze (fot. Biuro Prasowe Jasnej G\u00f3ry)<\/figcaption><\/figure>\n\n\n\n<p><br>Wed\u0142ug zapowiedzi \u201eProrok\u201d ma ukaza\u0107 ma publiczno\u015bci nieznane w\u0105tki z \u017cycia Wyszy\u0144skiego na tle wa\u017cnych dla Polski i Polak\u00f3w wydarze\u0144 historycznych, takich jak obchody milenijne czy wydarzenia z Tr\u00f3jmiasta z grudnia 1970 r. I w\u0142a\u015bnie sceny milenijne z maja 1966 r. kr\u0119cono na Jasnej G\u00f3rze.<\/p>\n\n\n\n<p>G\u0142\u00f3wn\u0105 rol\u0119 gra S\u0142awomir Grzymkowski, znany z licznych r\u00f3l dubbingowych oraz takich seriali jak m.in. &#8222;Rysa&#8221;, &#8222;Przyjaci\u00f3\u0142ki&#8221;, &#8222;Dziewczyny ze Lwowa&#8221; czy &#8222;Ojciec Mateusz&#8221;. <\/p>\n\n\n\n<figure class=\"wp-block-image size-large\"><img decoding=\"async\" width=\"678\" height=\"452\" data-src=\"https:\/\/gazetaregionalna.com\/wp-content\/uploads\/2021\/07\/Prorok_JG3.jpg\" alt=\"\" class=\"wp-image-46503 lazyload\" data-srcset=\"https:\/\/gazetaregionalna.com\/wp-content\/uploads\/2021\/07\/Prorok_JG3.jpg 678w, https:\/\/gazetaregionalna.com\/wp-content\/uploads\/2021\/07\/Prorok_JG3-300x200.jpg 300w, https:\/\/gazetaregionalna.com\/wp-content\/uploads\/2021\/07\/Prorok_JG3-630x420.jpg 630w\" data-sizes=\"(max-width: 678px) 100vw, 678px\" src=\"data:image\/svg+xml;base64,PHN2ZyB3aWR0aD0iMSIgaGVpZ2h0PSIxIiB4bWxucz0iaHR0cDovL3d3dy53My5vcmcvMjAwMC9zdmciPjwvc3ZnPg==\" style=\"--smush-placeholder-width: 678px; --smush-placeholder-aspect-ratio: 678\/452;\" \/><figcaption>Zdj\u0119cia do filmu &#8222;Prorok&#8221; realizowane na Jasnej G\u00f3rze (fot. Biuro Prasowe Jasnej G\u00f3ry)<\/figcaption><\/figure>\n\n\n\n<p>-Bez tego miejsca nie uda\u0142oby si\u0119 tej historii opowiedzie\u0107 &#8211; podkre\u015bla\u0142 aktor<strong> <\/strong>w rozmowie dla Biura Prasowego Jasnej G\u00f3ry. &#8211; Nie tylko autentyczna scenografia, kt\u00f3ra tutaj jest, ale te\u017c to wymodlone miejsce, to jest niezwyk\u0142y czas. Dostali\u015bmy tutaj nowych skrzyde\u0142, to jest co\u015b wspania\u0142ego, \u017ce jeste\u015bmy w tym miejscu, w kt\u00f3rym te wydarzenia si\u0119 rozgrywa\u0142y &#8211; dodawa\u0142.<br><br>Obsad\u0119 &#8222;Proroka&#8221; wsp\u00f3\u0142tworz\u0105 r\u00f3wnie\u017c Tomasz Sapryk (jako Zenon Kliszko), Adam Ferency (jako Gomu\u0142ka), Katarzyna Zawadzka (jako Magda), Micha\u0142 Meyer (jako Janek), Marcin Tro\u0144ski (jako Cyrankiewicz), Ma\u0142gorzata Buczkowska-Szlenkier (jako Maria Oko\u0144ska) oraz Karolina Bruchnicka (jako Kazia). Autorkami scenariusza s\u0105 za\u015b Katarzyna Bogucka, Karolina S\u0142yk, Joanna Dudek-\u0141awecka.<\/p>\n\n\n\n<figure class=\"wp-block-image size-large\"><img decoding=\"async\" width=\"678\" height=\"452\" data-src=\"https:\/\/gazetaregionalna.com\/wp-content\/uploads\/2021\/07\/Prorok_JG4.jpg\" alt=\"\" class=\"wp-image-46504 lazyload\" data-srcset=\"https:\/\/gazetaregionalna.com\/wp-content\/uploads\/2021\/07\/Prorok_JG4.jpg 678w, https:\/\/gazetaregionalna.com\/wp-content\/uploads\/2021\/07\/Prorok_JG4-300x200.jpg 300w, https:\/\/gazetaregionalna.com\/wp-content\/uploads\/2021\/07\/Prorok_JG4-630x420.jpg 630w\" data-sizes=\"(max-width: 678px) 100vw, 678px\" src=\"data:image\/svg+xml;base64,PHN2ZyB3aWR0aD0iMSIgaGVpZ2h0PSIxIiB4bWxucz0iaHR0cDovL3d3dy53My5vcmcvMjAwMC9zdmciPjwvc3ZnPg==\" style=\"--smush-placeholder-width: 678px; --smush-placeholder-aspect-ratio: 678\/452;\" \/><figcaption>Zdj\u0119cia do filmu &#8222;Prorok&#8221; realizowane na Jasnej G\u00f3rze (fot. Biuro Prasowe Jasnej G\u00f3ry)<\/figcaption><\/figure>\n\n\n\n<p>\u201eProrok\u201d upami\u0119tniaj\u0105cy Prymasa Tysi\u0105clecia z okazji jego zbli\u017caj\u0105cej si\u0119 beatyfikacji ma by\u0107 gotowy p\u00f3\u017an\u0105 jesieni\u0105. Sama beatyfikacja zaplanowana jest na 12 wrze\u015bnia (piszemy o tym <a href=\"https:\/\/gazetaregionalna.com\/jasna-gora-przygotowuje-sie-do-beatyfikacji-kard-wyszynskiego\/\">TUTAJ<\/a>). Szczeg\u00f3\u0142y: <a href=\"http:\/\/www.jasnagora.com\/\" target=\"_blank\" rel=\"noopener\">www.jasnagora.com<\/a>.<\/p>\n\n\n\n<p><strong>ZS<\/strong><\/p>\n\n\n\n<p><a href=\"https:\/\/gazetaregionalna.com\/w-lipcu-na-jasna-gore-przyjda-34-pielgrzymki\/\"><strong>Czytaj tak\u017ce: W lipcu na Jasn\u0105 G\u00f3r\u0119 przyjd\u0105 34 pielgrzymki. Szacuje si\u0119, \u017ce to blisko 5 tys. p\u0105tnik\u00f3w<\/strong><\/a><\/p>\n","protected":false},"excerpt":{"rendered":"<p>Jasna G\u00f3ra sta\u0142a si\u0119 planem filmowym do nowego obrazu o kardynale Stefanie Wyszy\u0144skim. Re\u017cyserem filmu \u201eProrok\u201d jest Micha\u0142 Kondrat. Tak, jak zapowiadali\u015bmy pod koniec<\/p>\n","protected":false},"author":18,"featured_media":46501,"comment_status":"open","ping_status":"open","sticky":false,"template":"","format":"standard","meta":{"_monsterinsights_skip_tracking":false,"_monsterinsights_sitenote_active":false,"_monsterinsights_sitenote_note":"","_monsterinsights_sitenote_category":0,"_uf_show_specific_survey":0,"_uf_disable_surveys":false,"footnotes":""},"categories":[94,3,12,2],"tags":[2164,200,2165,2162,1807],"class_list":["post-46477","post","type-post","status-publish","format-standard","has-post-thumbnail","hentry","category-polecane","category-czestochowa-informacje","category-kultura-i-rozrywka","category-wiadomosci","tag-film","tag-jasna-gora","tag-michal-kondrat","tag-prorok","tag-stefan-wyszynski"],"_links":{"self":[{"href":"https:\/\/gazetaregionalna.com\/index.php?rest_route=\/wp\/v2\/posts\/46477","targetHints":{"allow":["GET"]}}],"collection":[{"href":"https:\/\/gazetaregionalna.com\/index.php?rest_route=\/wp\/v2\/posts"}],"about":[{"href":"https:\/\/gazetaregionalna.com\/index.php?rest_route=\/wp\/v2\/types\/post"}],"author":[{"embeddable":true,"href":"https:\/\/gazetaregionalna.com\/index.php?rest_route=\/wp\/v2\/users\/18"}],"replies":[{"embeddable":true,"href":"https:\/\/gazetaregionalna.com\/index.php?rest_route=%2Fwp%2Fv2%2Fcomments&post=46477"}],"version-history":[{"count":6,"href":"https:\/\/gazetaregionalna.com\/index.php?rest_route=\/wp\/v2\/posts\/46477\/revisions"}],"predecessor-version":[{"id":46505,"href":"https:\/\/gazetaregionalna.com\/index.php?rest_route=\/wp\/v2\/posts\/46477\/revisions\/46505"}],"wp:featuredmedia":[{"embeddable":true,"href":"https:\/\/gazetaregionalna.com\/index.php?rest_route=\/wp\/v2\/media\/46501"}],"wp:attachment":[{"href":"https:\/\/gazetaregionalna.com\/index.php?rest_route=%2Fwp%2Fv2%2Fmedia&parent=46477"}],"wp:term":[{"taxonomy":"category","embeddable":true,"href":"https:\/\/gazetaregionalna.com\/index.php?rest_route=%2Fwp%2Fv2%2Fcategories&post=46477"},{"taxonomy":"post_tag","embeddable":true,"href":"https:\/\/gazetaregionalna.com\/index.php?rest_route=%2Fwp%2Fv2%2Ftags&post=46477"}],"curies":[{"name":"wp","href":"https:\/\/api.w.org\/{rel}","templated":true}]}}