{"id":46388,"date":"2021-07-02T06:46:47","date_gmt":"2021-07-02T06:46:47","guid":{"rendered":"https:\/\/gazetaregionalna.com\/?p=46388"},"modified":"2021-07-02T06:47:17","modified_gmt":"2021-07-02T06:47:17","slug":"w-truskolasach-i-weglowicach-zbieraja-plastikowe-nakretki-zbiorka-odbywa-sie-w-ramach-akcji-nakrecaj-sie-na-pomoc","status":"publish","type":"post","link":"https:\/\/gazetaregionalna.com\/?p=46388","title":{"rendered":"W Truskolasach i W\u0119glowicach zbieraj\u0105 plastikowe nakr\u0119tki. Zbi\u00f3rka odbywa si\u0119 w ramach akcji &#8222;Nakr\u0119caj si\u0119 na pomoc&#8221;"},"content":{"rendered":"\n<h2 class=\"wp-block-heading\">Akcja &#8222;Nakr\u0119caj si\u0119 na pomoc&#8221; polegaj\u0105ca na zbi\u00f3rce plastikowych nakr\u0119tek. \u0141\u0105czy ona dzia\u0142ania charytatywne i niesie pomoc chorych, ale tak\u017ce ma wymiar proekologiczny.<\/h2>\n\n\n\n<p>Gmina Wr\u0119czyca Wielka przy\u0142\u0105czy\u0142a si\u0119 akcji. Stan\u0119\u0142y tam kolejne serca na plastikowe nakr\u0119tki. Pojawi\u0142y si\u0119 one przy szko\u0142ach w Truskolasach oraz W\u0119glowicach. Samorz\u0105d liczy, \u017ce i tam serca nape\u0142ni\u0105 si\u0119 tak szybko, jak pojemnik na nakr\u0119tki, kt\u00f3ry stan\u0105\u0142 jako pierwszy w gminie przy Urz\u0119dzie Gminy. Tam serce nape\u0142ni\u0142o si\u0119 plastikowymi odpadami w niespe\u0142na trzy tygodnie.<\/p>\n\n\n\n<p>W\u00f3jt Tomasz Osi\u0144ski przekaza\u0142 podzi\u0119kowania mieszka\u0144com, kt\u00f3rzy zaanga\u017cowali si\u0119 w&nbsp;akcj\u0119.<\/p>\n\n\n\n<figure class=\"wp-block-gallery columns-3 is-cropped wp-block-gallery-1 is-layout-flex wp-block-gallery-is-layout-flex\"><ul class=\"blocks-gallery-grid\"><li class=\"blocks-gallery-item\"><figure><a href=\"https:\/\/gazetaregionalna.com\/wp-content\/uploads\/2021\/07\/DSC_0307-scaled.jpg\"><img decoding=\"async\" width=\"793\" height=\"1024\" data-src=\"https:\/\/gazetaregionalna.com\/wp-content\/uploads\/2021\/07\/DSC_0307-793x1024.jpg\" alt=\"\" data-id=\"46392\" data-full-url=\"https:\/\/gazetaregionalna.com\/wp-content\/uploads\/2021\/07\/DSC_0307-scaled.jpg\" data-link=\"https:\/\/gazetaregionalna.com\/?attachment_id=46392\" class=\"wp-image-46392 lazyload\" data-srcset=\"https:\/\/gazetaregionalna.com\/wp-content\/uploads\/2021\/07\/DSC_0307-793x1024.jpg 793w, https:\/\/gazetaregionalna.com\/wp-content\/uploads\/2021\/07\/DSC_0307-232x300.jpg 232w, https:\/\/gazetaregionalna.com\/wp-content\/uploads\/2021\/07\/DSC_0307-768x992.jpg 768w, https:\/\/gazetaregionalna.com\/wp-content\/uploads\/2021\/07\/DSC_0307-1190x1536.jpg 1190w, https:\/\/gazetaregionalna.com\/wp-content\/uploads\/2021\/07\/DSC_0307-1586x2048.jpg 1586w, https:\/\/gazetaregionalna.com\/wp-content\/uploads\/2021\/07\/DSC_0307-696x899.jpg 696w, https:\/\/gazetaregionalna.com\/wp-content\/uploads\/2021\/07\/DSC_0307-1068x1379.jpg 1068w, https:\/\/gazetaregionalna.com\/wp-content\/uploads\/2021\/07\/DSC_0307-1920x2479.jpg 1920w, https:\/\/gazetaregionalna.com\/wp-content\/uploads\/2021\/07\/DSC_0307-325x420.jpg 325w, https:\/\/gazetaregionalna.com\/wp-content\/uploads\/2021\/07\/DSC_0307-scaled.jpg 1200w\" data-sizes=\"(max-width: 793px) 100vw, 793px\" src=\"data:image\/svg+xml;base64,PHN2ZyB3aWR0aD0iMSIgaGVpZ2h0PSIxIiB4bWxucz0iaHR0cDovL3d3dy53My5vcmcvMjAwMC9zdmciPjwvc3ZnPg==\" style=\"--smush-placeholder-width: 793px; --smush-placeholder-aspect-ratio: 793\/1024;\" \/><\/a><\/figure><\/li><li class=\"blocks-gallery-item\"><figure><a href=\"https:\/\/gazetaregionalna.com\/wp-content\/uploads\/2021\/07\/DSC_0371-scaled.jpg\"><img decoding=\"async\" width=\"1024\" height=\"632\" data-src=\"https:\/\/gazetaregionalna.com\/wp-content\/uploads\/2021\/07\/DSC_0371-1024x632.jpg\" alt=\"\" data-id=\"46393\" data-full-url=\"https:\/\/gazetaregionalna.com\/wp-content\/uploads\/2021\/07\/DSC_0371-scaled.jpg\" data-link=\"https:\/\/gazetaregionalna.com\/?attachment_id=46393\" class=\"wp-image-46393 lazyload\" data-srcset=\"https:\/\/gazetaregionalna.com\/wp-content\/uploads\/2021\/07\/DSC_0371-1024x632.jpg 1024w, https:\/\/gazetaregionalna.com\/wp-content\/uploads\/2021\/07\/DSC_0371-300x185.jpg 300w, https:\/\/gazetaregionalna.com\/wp-content\/uploads\/2021\/07\/DSC_0371-768x474.jpg 768w, https:\/\/gazetaregionalna.com\/wp-content\/uploads\/2021\/07\/DSC_0371-1536x948.jpg 1536w, https:\/\/gazetaregionalna.com\/wp-content\/uploads\/2021\/07\/DSC_0371-2048x1264.jpg 2048w, https:\/\/gazetaregionalna.com\/wp-content\/uploads\/2021\/07\/DSC_0371-696x430.jpg 696w, https:\/\/gazetaregionalna.com\/wp-content\/uploads\/2021\/07\/DSC_0371-1068x659.jpg 1068w, https:\/\/gazetaregionalna.com\/wp-content\/uploads\/2021\/07\/DSC_0371-1920x1185.jpg 1920w, https:\/\/gazetaregionalna.com\/wp-content\/uploads\/2021\/07\/DSC_0371-681x420.jpg 681w, https:\/\/gazetaregionalna.com\/wp-content\/uploads\/2021\/07\/DSC_0371-356x220.jpg 356w, https:\/\/gazetaregionalna.com\/wp-content\/uploads\/2021\/07\/DSC_0371-scaled.jpg 1200w\" data-sizes=\"(max-width: 1024px) 100vw, 1024px\" src=\"data:image\/svg+xml;base64,PHN2ZyB3aWR0aD0iMSIgaGVpZ2h0PSIxIiB4bWxucz0iaHR0cDovL3d3dy53My5vcmcvMjAwMC9zdmciPjwvc3ZnPg==\" style=\"--smush-placeholder-width: 1024px; --smush-placeholder-aspect-ratio: 1024\/632;\" \/><\/a><\/figure><\/li><li class=\"blocks-gallery-item\"><figure><a href=\"https:\/\/gazetaregionalna.com\/wp-content\/uploads\/2021\/07\/DSC_0490-scaled.jpg\"><img decoding=\"async\" width=\"1024\" height=\"719\" data-src=\"https:\/\/gazetaregionalna.com\/wp-content\/uploads\/2021\/07\/DSC_0490-1024x719.jpg\" alt=\"\" data-id=\"46394\" data-full-url=\"https:\/\/gazetaregionalna.com\/wp-content\/uploads\/2021\/07\/DSC_0490-scaled.jpg\" data-link=\"https:\/\/gazetaregionalna.com\/?attachment_id=46394\" class=\"wp-image-46394 lazyload\" data-srcset=\"https:\/\/gazetaregionalna.com\/wp-content\/uploads\/2021\/07\/DSC_0490-1024x719.jpg 1024w, https:\/\/gazetaregionalna.com\/wp-content\/uploads\/2021\/07\/DSC_0490-300x211.jpg 300w, https:\/\/gazetaregionalna.com\/wp-content\/uploads\/2021\/07\/DSC_0490-768x539.jpg 768w, https:\/\/gazetaregionalna.com\/wp-content\/uploads\/2021\/07\/DSC_0490-1536x1078.jpg 1536w, https:\/\/gazetaregionalna.com\/wp-content\/uploads\/2021\/07\/DSC_0490-2048x1438.jpg 2048w, https:\/\/gazetaregionalna.com\/wp-content\/uploads\/2021\/07\/DSC_0490-696x489.jpg 696w, https:\/\/gazetaregionalna.com\/wp-content\/uploads\/2021\/07\/DSC_0490-1068x750.jpg 1068w, https:\/\/gazetaregionalna.com\/wp-content\/uploads\/2021\/07\/DSC_0490-1920x1348.jpg 1920w, https:\/\/gazetaregionalna.com\/wp-content\/uploads\/2021\/07\/DSC_0490-598x420.jpg 598w, https:\/\/gazetaregionalna.com\/wp-content\/uploads\/2021\/07\/DSC_0490-100x70.jpg 100w, https:\/\/gazetaregionalna.com\/wp-content\/uploads\/2021\/07\/DSC_0490-scaled.jpg 1200w\" data-sizes=\"(max-width: 1024px) 100vw, 1024px\" src=\"data:image\/svg+xml;base64,PHN2ZyB3aWR0aD0iMSIgaGVpZ2h0PSIxIiB4bWxucz0iaHR0cDovL3d3dy53My5vcmcvMjAwMC9zdmciPjwvc3ZnPg==\" style=\"--smush-placeholder-width: 1024px; --smush-placeholder-aspect-ratio: 1024\/719;\" \/><\/a><\/figure><\/li><\/ul><\/figure>\n\n\n\n<p>(fot. UG Wr\u0119czyca Wielka)<\/p>\n\n\n\n<p><\/p>\n","protected":false},"excerpt":{"rendered":"<p>Akcja &#8222;Nakr\u0119caj si\u0119 na pomoc&#8221; polegaj\u0105ca na zbi\u00f3rce plastikowych nakr\u0119tek. \u0141\u0105czy ona dzia\u0142ania charytatywne i niesie pomoc chorych, ale tak\u017ce ma wymiar proekologiczny. Gmina<\/p>\n","protected":false},"author":7,"featured_media":46394,"comment_status":"open","ping_status":"open","sticky":false,"template":"","format":"standard","meta":{"_monsterinsights_skip_tracking":false,"_monsterinsights_sitenote_active":false,"_monsterinsights_sitenote_note":"","_monsterinsights_sitenote_category":0,"_uf_show_specific_survey":0,"_uf_disable_surveys":false,"footnotes":""},"categories":[2,27],"tags":[],"class_list":["post-46388","post","type-post","status-publish","format-standard","has-post-thumbnail","hentry","category-wiadomosci","category-klobuck-informacje"],"_links":{"self":[{"href":"https:\/\/gazetaregionalna.com\/index.php?rest_route=\/wp\/v2\/posts\/46388","targetHints":{"allow":["GET"]}}],"collection":[{"href":"https:\/\/gazetaregionalna.com\/index.php?rest_route=\/wp\/v2\/posts"}],"about":[{"href":"https:\/\/gazetaregionalna.com\/index.php?rest_route=\/wp\/v2\/types\/post"}],"author":[{"embeddable":true,"href":"https:\/\/gazetaregionalna.com\/index.php?rest_route=\/wp\/v2\/users\/7"}],"replies":[{"embeddable":true,"href":"https:\/\/gazetaregionalna.com\/index.php?rest_route=%2Fwp%2Fv2%2Fcomments&post=46388"}],"version-history":[{"count":5,"href":"https:\/\/gazetaregionalna.com\/index.php?rest_route=\/wp\/v2\/posts\/46388\/revisions"}],"predecessor-version":[{"id":46396,"href":"https:\/\/gazetaregionalna.com\/index.php?rest_route=\/wp\/v2\/posts\/46388\/revisions\/46396"}],"wp:featuredmedia":[{"embeddable":true,"href":"https:\/\/gazetaregionalna.com\/index.php?rest_route=\/wp\/v2\/media\/46394"}],"wp:attachment":[{"href":"https:\/\/gazetaregionalna.com\/index.php?rest_route=%2Fwp%2Fv2%2Fmedia&parent=46388"}],"wp:term":[{"taxonomy":"category","embeddable":true,"href":"https:\/\/gazetaregionalna.com\/index.php?rest_route=%2Fwp%2Fv2%2Fcategories&post=46388"},{"taxonomy":"post_tag","embeddable":true,"href":"https:\/\/gazetaregionalna.com\/index.php?rest_route=%2Fwp%2Fv2%2Ftags&post=46388"}],"curies":[{"name":"wp","href":"https:\/\/api.w.org\/{rel}","templated":true}]}}