{"id":46372,"date":"2021-07-02T06:18:50","date_gmt":"2021-07-02T06:18:50","guid":{"rendered":"https:\/\/gazetaregionalna.com\/?p=46372"},"modified":"2021-07-02T06:18:50","modified_gmt":"2021-07-02T06:18:50","slug":"pijany-prowadzil-samochod-mimo-dozywotniego-zakazu-zatrzymala-go-myszkowska-policja","status":"publish","type":"post","link":"https:\/\/gazetaregionalna.com\/?p=46372","title":{"rendered":"Pijany prowadzi\u0142 samoch\u00f3d mimo do\u017cywotniego zakazu. Zatrzyma\u0142a go myszkowska policja"},"content":{"rendered":"\n<h2 class=\"wp-block-heading\">23-letni myszkowianin pijany prowadzi\u0142 samoch\u00f3d, mimo \u017ce mia\u0142 do\u017cywotni zakaz kierowania pojazdami. M\u0119\u017cczyzna zosta\u0142 zatrzymany przez patrol z Komendy Powiatowej w Myszkowie.<\/h2>\n\n\n\n<p>Kierowc\u0119 zatrzymano noc\u0105 w Myszkowie na ulicy Sucharskiego. Policyjny patrol zatrzyma\u0142 do kontroli auto, kt\u00f3rym kierowa\u0142 m\u0142ody m\u0119\u017cczyzna.  Podczas kontroli okaza\u0142o si\u0119, \u017ce kierowca jest pod wp\u0142ywem alkoholu. Jego badanie wykaza\u0142o ponad p\u00f3\u0142 promila alkoholu w organizmie. Po sprawdzeniu w policyjnych systemach wysz\u0142o na jaw, \u017ce m\u0119\u017cczyzn\u0119 obowi\u0105zuje do\u017cywotni zakaz prowadzenia pojazd\u00f3w. <\/p>\n\n\n\n<p>Teraz 23-latkowi gro\u017c\u0105: wysoka kara grzywny i nawet trzy lata wi\u0119zienia.<\/p>\n","protected":false},"excerpt":{"rendered":"<p>23-letni myszkowianin pijany prowadzi\u0142 samoch\u00f3d, mimo \u017ce mia\u0142 do\u017cywotni zakaz kierowania pojazdami. M\u0119\u017cczyzna zosta\u0142 zatrzymany przez patrol z Komendy Powiatowej w Myszkowie. Kierowc\u0119 zatrzymano<\/p>\n","protected":false},"author":7,"featured_media":40503,"comment_status":"open","ping_status":"open","sticky":false,"template":"","format":"standard","meta":{"_monsterinsights_skip_tracking":false,"_monsterinsights_sitenote_active":false,"_monsterinsights_sitenote_note":"","_monsterinsights_sitenote_category":0,"_uf_show_specific_survey":0,"_uf_disable_surveys":false,"footnotes":""},"categories":[2,26],"tags":[],"class_list":["post-46372","post","type-post","status-publish","format-standard","has-post-thumbnail","hentry","category-wiadomosci","category-myszkow"],"_links":{"self":[{"href":"https:\/\/gazetaregionalna.com\/index.php?rest_route=\/wp\/v2\/posts\/46372","targetHints":{"allow":["GET"]}}],"collection":[{"href":"https:\/\/gazetaregionalna.com\/index.php?rest_route=\/wp\/v2\/posts"}],"about":[{"href":"https:\/\/gazetaregionalna.com\/index.php?rest_route=\/wp\/v2\/types\/post"}],"author":[{"embeddable":true,"href":"https:\/\/gazetaregionalna.com\/index.php?rest_route=\/wp\/v2\/users\/7"}],"replies":[{"embeddable":true,"href":"https:\/\/gazetaregionalna.com\/index.php?rest_route=%2Fwp%2Fv2%2Fcomments&post=46372"}],"version-history":[{"count":5,"href":"https:\/\/gazetaregionalna.com\/index.php?rest_route=\/wp\/v2\/posts\/46372\/revisions"}],"predecessor-version":[{"id":46377,"href":"https:\/\/gazetaregionalna.com\/index.php?rest_route=\/wp\/v2\/posts\/46372\/revisions\/46377"}],"wp:featuredmedia":[{"embeddable":true,"href":"https:\/\/gazetaregionalna.com\/index.php?rest_route=\/wp\/v2\/media\/40503"}],"wp:attachment":[{"href":"https:\/\/gazetaregionalna.com\/index.php?rest_route=%2Fwp%2Fv2%2Fmedia&parent=46372"}],"wp:term":[{"taxonomy":"category","embeddable":true,"href":"https:\/\/gazetaregionalna.com\/index.php?rest_route=%2Fwp%2Fv2%2Fcategories&post=46372"},{"taxonomy":"post_tag","embeddable":true,"href":"https:\/\/gazetaregionalna.com\/index.php?rest_route=%2Fwp%2Fv2%2Ftags&post=46372"}],"curies":[{"name":"wp","href":"https:\/\/api.w.org\/{rel}","templated":true}]}}