{"id":4637,"date":"2019-07-27T12:48:11","date_gmt":"2019-07-27T12:48:11","guid":{"rendered":"https:\/\/gazetaregionalna.com\/?p=4637"},"modified":"2019-07-27T12:48:14","modified_gmt":"2019-07-27T12:48:14","slug":"balkony-i-dzialki-do-oceny","status":"publish","type":"post","link":"https:\/\/gazetaregionalna.com\/?p=4637","title":{"rendered":"Balkony i dzia\u0142ki do oceny"},"content":{"rendered":"\n<p>Jak co roku latem, w Cz\u0119stochowie organizowane s\u0105 konkursy na naj\u0142adniej ukwiecony balkon i naj\u0142adniejsz\u0105 dzia\u0142k\u0119 Rodzinnych Ogrod\u00f3w Dzia\u0142kowych.<br> Konkurs na \u201eNaj\u0142adniej ukwiecony balkon\u201dadresowany jest do w\u0142a\u015bcicieli balkon\u00f3w\/loggii, zaaran\u017cowanych z wykorzystaniem zieleni, kwiat\u00f3w oraz naturalnych element\u00f3w dekoracyjnych w budynkach wielorodzinnych.<br> Aby wzi\u0105\u0107 udzia\u0142, nale\u017cy wype\u0142ni\u0107 kart\u0119 zg\u0142oszeniow\u0105 i wraz z 2-3 fotografiami balkonu (wykonanymi z zewn\u0105trz, w formacie 10&#215;15 lub w wersji elektronicznej) z\u0142o\u017cy\u0107 je osobi\u015bcie w siedzibie Pe\u0142nomocnika Prezydenta Miasta ds. Estetyki Miasta \u2013 w Referacie Kultury Wydzia\u0142u Kultury, Promocji i Sportu (budynek Odwachu obok Ratusza), aleja Naj\u015bwi\u0119tszej Maryi Panny 45 A (od poniedzia\u0142ku do pi\u0105tku, w godz. 7.30-15.30), przes\u0142a\u0107 mailem na adres: kps@czestochowa.um.gov.pl b\u0105d\u017a poczt\u0105 na adres: Urz\u0105d Miasta Cz\u0119stochowy, Wydzia\u0142 Kultury, Promocji i Sportu, aleja Naj\u015bwi\u0119tszej Maryi Panny 45 A, 42-217 Cz\u0119stochowa.<br> Kart\u0119 zg\u0142oszenia mo\u017cna pobra\u0107 w siedzibie Pe\u0142nomocnika Prezydenta Miasta ds. Estetyki (godziny pracy: poniedzia\u0142ek \u2014 pi\u0105tek 7:30-15:30) b\u0105d\u017a ze strony internetowej www.czestochowa.pl, zak\u0142adka: Estetyka Miasta lub baner informacyjny).<\/p>\n\n\n\n<figure class=\"wp-block-image\"><img decoding=\"async\" width=\"960\" height=\"635\" data-src=\"https:\/\/gazetaregionalna.com\/wp-content\/uploads\/2019\/07\/ogrod.jpg\" alt=\"\" class=\"wp-image-4638 lazyload\" data-srcset=\"https:\/\/gazetaregionalna.com\/wp-content\/uploads\/2019\/07\/ogrod.jpg 960w, https:\/\/gazetaregionalna.com\/wp-content\/uploads\/2019\/07\/ogrod-300x198.jpg 300w, https:\/\/gazetaregionalna.com\/wp-content\/uploads\/2019\/07\/ogrod-768x508.jpg 768w\" data-sizes=\"(max-width: 960px) 100vw, 960px\" src=\"data:image\/svg+xml;base64,PHN2ZyB3aWR0aD0iMSIgaGVpZ2h0PSIxIiB4bWxucz0iaHR0cDovL3d3dy53My5vcmcvMjAwMC9zdmciPjwvc3ZnPg==\" style=\"--smush-placeholder-width: 960px; --smush-placeholder-aspect-ratio: 960\/635;\" \/><\/figure>\n\n\n\n<p><br> Zg\u0142oszenia s\u0105 przyjmowane do 15 sierpnia. W kolejnym etapie \u2014 od 16 do 23 sierpnia \u2014 komisja konkursowa oceni zg\u0142oszone balkony. Og\u0142oszenie wynik\u00f3w nast\u0105pi podczas 27. Dni Cz\u0119stochowy.<br> W\u0142a\u015bciciele trzech naj\u0142adniej ukwieconych balkon\u00f3w otrzymaj\u0105 nagrody pieni\u0119\u017cne: 700 z\u0142 (brutto) za I miejsce, 500 z\u0142 (brutto) za II miejsce i 400 z\u0142 (brutto) za III.<br> Tak\u017ce do po\u0142owy sierpnia przyjmowane s\u0105 zg\u0142oszenia na konkurs na ,,Naj\u0142adniejsz\u0105 dzia\u0142k\u0119 Rodzinnych Ogr\u00f3dk\u00f3w Dzia\u0142kowych&#8221; . Uczestnik\u00f3w konkursu mog\u0105 zg\u0142asza\u0107 ROD podlegaj\u0105ce Polskiemu Zwi\u0105zkowi Dzia\u0142kowc\u00f3w \u2013 Okr\u0119gowemu Zwi\u0105zkowi Dzia\u0142kowc\u00f3w w Cz\u0119stochowie. Zarz\u0105dy Rodzinnych Ogrod\u00f3w Dzia\u0142kowych maj\u0105 prawo do wytypowania po trzech kandydat\u00f3w spo\u015br\u00f3d podleg\u0142ych im ROD.<br> Kart\u0119 zg\u0142oszenia mo\u017cna pobra\u0107 w siedzibie Pe\u0142nomocnika Prezydenta Miasta ds. Estetyki (godz. pracy: poniedzia\u0142ek \u2014 pi\u0105tek 7:30-15:30) b\u0105d\u017a ze strony internetowej www.czestochowa.pl, zak\u0142adka: Estetyka Miasta lub baner informacyjny).<br> Wype\u0142nion\u0105 kart\u0119 zg\u0142oszeniow\u0105 wraz z fotografiami nale\u017cy z\u0142o\u017cy\u0107:<br> osobi\u015bcie w siedzibie Pe\u0142nomocnika Prezydenta Miasta ds. Estetyki Miasta:Wydzia\u0142 Kultury, Promocji i Sportu, Referat Kultury (budynek Odwachu obok Ratusza), Aleja Naj\u015bwi\u0119tszej Maryi Panny 45 A, przes\u0142a\u0107 mailem na adres: kps@czestochowa.um.gov.pl b\u0105d\u017a poczt\u0105 na adres:Urz\u0105d Miasta Cz\u0119stochowy, Wydzia\u0142 Kultury, Promocji i Sportu, Aleja Naj\u015bwi\u0119tszej Maryi Panny 45 A, 42-217 Cz\u0119stochowa.<br> W\u0142a\u015bciciele trzech naj\u0142adniejszych dzia\u0142ek otrzymaj\u0105 nagrody: 1000 z\u0142 (brutto) za I miejsce, 800 z\u0142 (brutto) za II miejsce i 600 z\u0142 (brutto) za III.<br> Organizatorem konkurs\u00f3w jest w imieniu Prezydenta Miasta Cz\u0119stochowy Pe\u0142nomocnik Prezydenta Miasta ds. Estetyki Miasta.<br> Regulaminy oraz karty zg\u0142oszeniowe znajduj\u0105 si\u0119 na stronie:<br> http:\/\/www.czestochowa.pl\/page\/6281,konkursy-estetyka-miasta.html<\/p>\n","protected":false},"excerpt":{"rendered":"<p>Jak co roku latem, w Cz\u0119stochowie organizowane s\u0105 konkursy na naj\u0142adniej ukwiecony balkon i naj\u0142adniejsz\u0105 dzia\u0142k\u0119 Rodzinnych Ogrod\u00f3w Dzia\u0142kowych. Konkurs na \u201eNaj\u0142adniej ukwiecony balkon\u201dadresowany<\/p>\n","protected":false},"author":3,"featured_media":4639,"comment_status":"open","ping_status":"open","sticky":false,"template":"","format":"standard","meta":{"_monsterinsights_skip_tracking":false,"_monsterinsights_sitenote_active":false,"_monsterinsights_sitenote_note":"","_monsterinsights_sitenote_category":0,"_uf_show_specific_survey":0,"_uf_disable_surveys":false,"footnotes":""},"categories":[3,34,2],"tags":[],"class_list":["post-4637","post","type-post","status-publish","format-standard","has-post-thumbnail","hentry","category-czestochowa-informacje","category-ogrod","category-wiadomosci"],"_links":{"self":[{"href":"https:\/\/gazetaregionalna.com\/index.php?rest_route=\/wp\/v2\/posts\/4637","targetHints":{"allow":["GET"]}}],"collection":[{"href":"https:\/\/gazetaregionalna.com\/index.php?rest_route=\/wp\/v2\/posts"}],"about":[{"href":"https:\/\/gazetaregionalna.com\/index.php?rest_route=\/wp\/v2\/types\/post"}],"author":[{"embeddable":true,"href":"https:\/\/gazetaregionalna.com\/index.php?rest_route=\/wp\/v2\/users\/3"}],"replies":[{"embeddable":true,"href":"https:\/\/gazetaregionalna.com\/index.php?rest_route=%2Fwp%2Fv2%2Fcomments&post=4637"}],"version-history":[{"count":1,"href":"https:\/\/gazetaregionalna.com\/index.php?rest_route=\/wp\/v2\/posts\/4637\/revisions"}],"predecessor-version":[{"id":4640,"href":"https:\/\/gazetaregionalna.com\/index.php?rest_route=\/wp\/v2\/posts\/4637\/revisions\/4640"}],"wp:featuredmedia":[{"embeddable":true,"href":"https:\/\/gazetaregionalna.com\/index.php?rest_route=\/wp\/v2\/media\/4639"}],"wp:attachment":[{"href":"https:\/\/gazetaregionalna.com\/index.php?rest_route=%2Fwp%2Fv2%2Fmedia&parent=4637"}],"wp:term":[{"taxonomy":"category","embeddable":true,"href":"https:\/\/gazetaregionalna.com\/index.php?rest_route=%2Fwp%2Fv2%2Fcategories&post=4637"},{"taxonomy":"post_tag","embeddable":true,"href":"https:\/\/gazetaregionalna.com\/index.php?rest_route=%2Fwp%2Fv2%2Ftags&post=4637"}],"curies":[{"name":"wp","href":"https:\/\/api.w.org\/{rel}","templated":true}]}}