{"id":4633,"date":"2019-07-27T12:35:09","date_gmt":"2019-07-27T12:35:09","guid":{"rendered":"https:\/\/gazetaregionalna.com\/?p=4633"},"modified":"2019-07-29T10:06:20","modified_gmt":"2019-07-29T10:06:20","slug":"wspolnota-samorzadowa-podliczyla-kto-jest-najbogatszy","status":"publish","type":"post","link":"https:\/\/gazetaregionalna.com\/?p=4633","title":{"rendered":"&#8222;Wsp\u00f3lnota&#8221; podliczy\u0142a, kto jest najbogatszy"},"content":{"rendered":"\n<p>Pismo samorz\u0105du terytorialnego &#8222;Wsp\u00f3lnota&#8221; jak co roku og\u0142osi\u0142o ranking bogactwa samorz\u0105d\u00f3w. W zestawieniu uwzgl\u0119dniono: wojew\u00f3dztwa i miasta wojew\u00f3dzkie, miasta na prawach powiatu, powiaty, miasta powiatowe, a tak\u017ce tzw. inne miasta oraz gminy wiejskie. Autorzy, wzorem lat ubieg\u0142ych, opracowuj\u0105c ranking brali  pod uwag\u0119 dochody poszczeg\u00f3lnych samorz\u0105d\u00f3w, kt\u00f3re nast\u0119pnie dzielili przez liczb\u0119 ich mieszka\u0144c\u00f3w.<\/p>\n\n\n\n<figure class=\"wp-block-image\"><img decoding=\"async\" width=\"960\" height=\"640\" data-src=\"https:\/\/gazetaregionalna.com\/wp-content\/uploads\/2019\/07\/money-2180330_960_720.jpg\" alt=\"\" class=\"wp-image-4634 lazyload\" data-srcset=\"https:\/\/gazetaregionalna.com\/wp-content\/uploads\/2019\/07\/money-2180330_960_720.jpg 960w, https:\/\/gazetaregionalna.com\/wp-content\/uploads\/2019\/07\/money-2180330_960_720-300x200.jpg 300w, https:\/\/gazetaregionalna.com\/wp-content\/uploads\/2019\/07\/money-2180330_960_720-768x512.jpg 768w\" data-sizes=\"(max-width: 960px) 100vw, 960px\" src=\"data:image\/svg+xml;base64,PHN2ZyB3aWR0aD0iMSIgaGVpZ2h0PSIxIiB4bWxucz0iaHR0cDovL3d3dy53My5vcmcvMjAwMC9zdmciPjwvc3ZnPg==\" style=\"--smush-placeholder-width: 960px; --smush-placeholder-aspect-ratio: 960\/640;\" \/><\/figure>\n\n\n\n<p> &#8211;<em> W dochodach samorz\u0105d\u00f3w pomini\u0119te zosta\u0142y wp\u0142ywy z dotacji celowych. <\/em>-napisali autorzy zestawienia. <em>&#8211; Zw\u0142aszcza w okresie intensywnego korzystania z funduszy unijnych maj\u0105 one chwilowy, ale bardzo silny wp\u0142yw na wielko\u015b\u0107 dochod\u00f3w. Uwzgl\u0119dnienie tylko dochod\u00f3w w\u0142asnych i otrzymywanych subwencji lepiej oddaje has\u0142o naszego rankingu (zamo\u017cno\u015b\u0107).<\/em> Jak podaje &#8222;Wsp\u00f3lnota&#8221; , przy wyliczeniach odj\u0119to sk\u0142adki przekazywane przez samorz\u0105dy w zwi\u0105zku z subwencj\u0105 r\u00f3wnowa\u017c\u0105c\u0105 (regionaln\u0105 w przypadku wojew\u00f3dztw) &#8211; tzw. &#8222;podatek janosikowy&#8221;.<\/p>\n\n\n\n<p> &#8211; D<em>o faktycznie zebranych dochod\u00f3w dodali\u015bmy skutki zmniejszenia stawek, ulg i zwolnie\u0144 w podatkach lokalnych <\/em>\u2014 napisano we &#8222;Wsp\u00f3lnocie&#8221;. &#8211;<em> Chodzi o to, by por\u00f3wnywa\u0107 faktyczn\u0105 zamo\u017cno\u015b\u0107, a nie skutki podejmowanych w gminach decyzji fiskalnych. <\/em><\/p>\n\n\n\n<p>W og\u0142oszonym w\u0142a\u015bnie rankingu wzi\u0119to pod uwag\u0119 dochody samorz\u0105d\u00f3w za ubieg\u0142y rok. W zestawieniu &#8222;Wsp\u00f3lnoty Samorz\u0105dowej&#8221; wojew\u00f3dztwo \u015bl\u0105skie znalaz\u0142o si\u0119 na si\u00f3dmej pozycji. <\/p>\n\n\n\n<p>W grupie 48 miast na prawach powiatu Cz\u0119stochow\u0119 ulokowano na 27. miejscu. Ranking ten otwiera Sopot. W\u015br\u00f3d miasta na prawach powiatu z wojew\u00f3dztwa \u015bl\u0105skiego, kt\u00f3re wyprzedzi\u0142y Cz\u0119stochow\u0119 znalaz\u0142y si\u0119: Tychy, Gliwice, D\u0105browa G\u00f3rnicza, Jaworzno, Chorz\u00f3w i Rybnik. Bielsko Bia\u0142a, kt\u00f3ra podobnie jak Cz\u0119stochowa by\u0142a przed reform\u0105 samorz\u0105dow\u0105 miastem wojew\u00f3dzkim uplasowa\u0142a si\u0119 na 14. pozycji. Bogatsze od Cz\u0119stochowy okaza\u0142y si\u0119 tak\u017ce m.in. Konin, Leszno czy Piotrk\u00f3w Trybunalski.  Pozycja Cz\u0119stochowy w dw\u00f3ch poprzednich rankingach by\u0142a lepsza. Rok temu miasto znajdowa\u0142o si\u0119 na 26., a dwa lata temu na 24. miejscu.<\/p>\n\n\n\n<p>W grupie powiat\u00f3w najwy\u017cej z naszego regionu sklasyfikowano powiat lubliniecki, kt\u00f3ry zaj\u0105\u0142 47. na 314 miejsc w rankingu. Znacznie ni\u017cej, bo na miejscu 196. znalaz\u0142 si\u0119 powiat radomszcza\u0144ski. Jeszcze gorzej pod tym wzgl\u0119dem wypad\u0142y powiaty: myszkowski (291), cz\u0119stochowski (298) i k\u0142obucki (311). <\/p>\n\n\n\n<p>Lubliniec zaj\u0105\u0142 tak\u017ce najwy\u017csze miejsce spo\u015br\u00f3d miast powiatowych w naszym regionie. Umieszczono go na 58. miejscu. Na 101. miejscu znalaz\u0142 si\u0119 K\u0142obuck, na 109. Radomska, a dopiero na 205. pozycji sklasyfikowano Myszk\u00f3w. W zestawieniu uwzgl\u0119dniono 267 miast powiatowych.<\/p>\n","protected":false},"excerpt":{"rendered":"<p>Pismo samorz\u0105du terytorialnego &#8222;Wsp\u00f3lnota&#8221; jak co roku og\u0142osi\u0142o ranking bogactwa samorz\u0105d\u00f3w. W zestawieniu uwzgl\u0119dniono: wojew\u00f3dztwa i miasta wojew\u00f3dzkie, miasta na prawach powiatu, powiaty, miasta<\/p>\n","protected":false},"author":3,"featured_media":4635,"comment_status":"open","ping_status":"open","sticky":false,"template":"","format":"standard","meta":{"_monsterinsights_skip_tracking":false,"_monsterinsights_sitenote_active":false,"_monsterinsights_sitenote_note":"","_monsterinsights_sitenote_category":0,"_uf_show_specific_survey":0,"_uf_disable_surveys":false,"footnotes":""},"categories":[3,42,2],"tags":[],"class_list":["post-4633","post","type-post","status-publish","format-standard","has-post-thumbnail","hentry","category-czestochowa-informacje","category-finanse","category-wiadomosci"],"_links":{"self":[{"href":"https:\/\/gazetaregionalna.com\/index.php?rest_route=\/wp\/v2\/posts\/4633","targetHints":{"allow":["GET"]}}],"collection":[{"href":"https:\/\/gazetaregionalna.com\/index.php?rest_route=\/wp\/v2\/posts"}],"about":[{"href":"https:\/\/gazetaregionalna.com\/index.php?rest_route=\/wp\/v2\/types\/post"}],"author":[{"embeddable":true,"href":"https:\/\/gazetaregionalna.com\/index.php?rest_route=\/wp\/v2\/users\/3"}],"replies":[{"embeddable":true,"href":"https:\/\/gazetaregionalna.com\/index.php?rest_route=%2Fwp%2Fv2%2Fcomments&post=4633"}],"version-history":[{"count":4,"href":"https:\/\/gazetaregionalna.com\/index.php?rest_route=\/wp\/v2\/posts\/4633\/revisions"}],"predecessor-version":[{"id":4725,"href":"https:\/\/gazetaregionalna.com\/index.php?rest_route=\/wp\/v2\/posts\/4633\/revisions\/4725"}],"wp:featuredmedia":[{"embeddable":true,"href":"https:\/\/gazetaregionalna.com\/index.php?rest_route=\/wp\/v2\/media\/4635"}],"wp:attachment":[{"href":"https:\/\/gazetaregionalna.com\/index.php?rest_route=%2Fwp%2Fv2%2Fmedia&parent=4633"}],"wp:term":[{"taxonomy":"category","embeddable":true,"href":"https:\/\/gazetaregionalna.com\/index.php?rest_route=%2Fwp%2Fv2%2Fcategories&post=4633"},{"taxonomy":"post_tag","embeddable":true,"href":"https:\/\/gazetaregionalna.com\/index.php?rest_route=%2Fwp%2Fv2%2Ftags&post=4633"}],"curies":[{"name":"wp","href":"https:\/\/api.w.org\/{rel}","templated":true}]}}