{"id":46318,"date":"2021-07-01T14:44:40","date_gmt":"2021-07-01T14:44:40","guid":{"rendered":"https:\/\/gazetaregionalna.com\/?p=46318"},"modified":"2021-07-01T14:44:41","modified_gmt":"2021-07-01T14:44:41","slug":"szpadzista-wlks-u-kmicic-czestochowa-marcin-zelazny-medalista-ogolnopolskiej-olimpiady-mlodziezy","status":"publish","type":"post","link":"https:\/\/gazetaregionalna.com\/?p=46318","title":{"rendered":"Szpadzista WLKS-u Kmicic Cz\u0119stochowa Marcin \u017belazny medalist\u0105 Og\u00f3lnopolskiej Olimpiady M\u0142odzie\u017cy!"},"content":{"rendered":"\n<p>Po 36 latach przerwy szermierze z Cz\u0119stochowy zdobyli medal podczas Og\u00f3lnopolskiej Olimpiady M\u0142odzie\u017cy. Wyczynu tego dokona\u0142 szpadzista WLKS-u Kmicic Cz\u0119stochowa, Marcin \u017belazny, kt\u00f3ry na planszach w \u0141odzi wywalczy\u0142 br\u0105zowy kr\u0105\u017cek w indywidualnej rywalizacji szpadzist\u00f3w.<\/p>\n\n\n\n<p>&#8211; Kosztowa\u0142o nas to 10 lat ci\u0119\u017ckiej pracy \u2013 m\u00f3wi trener WLKS Kmicic Andrzej Zagu\u0142a. &#8211; Wiemy co to wylany pot, wyrzeczenia zar\u00f3wno samych zawodnik\u00f3w, jak i nas trener\u00f3w, walka z najr\u00f3\u017cniejszymi przeciwno\u015bciami. G\u0142\u00f3wnie permanentnym brakiem \u015brodk\u00f3w na szermierk\u0119, kt\u00f3ra utrzymywana jest g\u0142\u00f3wnie dzi\u0119ki wsparciu miasta. Przed laty po kr\u0105\u017cki olimpiady, w\u00f3wczas spartakiady si\u0119gali szpadzi\u015bcie nieistniej\u0105cego ju\u017c MKS-u \u017bak Cz\u0119stochowa. Teraz zrobili\u015bmy to my. W og\u00f3le ten rok jest dla nas niezwyk\u0142y. Kilka miesi\u0119cy temu na mistrzostwa \u015bwiata w szermierce w Kairze zakwalifikowa\u0142 si\u0119 \u0141ukasz Parafiniuk. Teraz medal \u017belaznego pokazuje, \u017ce powinno si\u0119 inwestowa\u0107 w szermierk\u0119. Dlatego bardzo cieszymy si\u0119, \u017ce zawi\u0105zana zosta\u0142a wsp\u00f3\u0142praca klubu z firm\u0105 B\u00e4nninger-Formtechnik. Ta firma wyci\u0105ga do nas pomocn\u0105 d\u0142o\u0144. Ale szukamy kolejnych partner\u00f3w do wsp\u00f3\u0142pracy, \u017ceby jeszcze mocniej zaistnie\u0107 na krajowych i mi\u0119dzynarodowych planszach. Szermierka jest w programie igrzysk od 1896 roku, czyli pierwszej nowo\u017cytnej olimpiady w Atenach. Teraz w Tokio polskie szpadzistki s\u0105 faworytkami zar\u00f3wno w konkurencji indywidualnej, jak i dru\u017cynowej.<\/p>\n\n\n\n<p>Cz\u0119stochowianie zaliczani byli do faworyt\u00f3w OOM. &#8211; \u017belazny dopiero w p\u00f3\u0142finale zawod\u00f3w z udzia\u0142em najlepszych 42 zawodnik\u00f3w w kraju wy\u0142onionych na podstawie listy klasyfikacyjnego przegra\u0142 z aktualnym mistrzem \u015bwiata kadet\u00f3w Antonim Soch\u0105 z Polskiego Klubu Szermierczego \u2013 dodaje trener Zagu\u0142a, na co dzie\u0144 wspierany przez innego by\u0142ego szermierza Dariusza Radziejewskiego. &#8211; Wcze\u015bniej bi\u0142 si\u0119 znakomicie. W \u0107wier\u0107fina\u0142owym pojedynku pokonuj\u0105c by\u0142ego mistrza Polski m\u0142odzik\u00f3w Krzysztofa Bezucha z RMKS-u Rybnik. Blisko medalu by\u0142 inny cz\u0119stochowian, reprezentant naszego kraju w ostatnich mistrzostwach \u015bwiata, \u0141ukasz Parafiniuk, kt\u00f3ry zaj\u0105\u0142 w zawodach pi\u0105t\u0105 pozycj\u0119. W walce o awans do najlepszej \u201e\u00f3semki\u201d Parafiniuk okaza\u0142 si\u0119 lepszy od klubowego kolegi, Miko\u0142aja Pucha\u0142y. Ten uko\u0144czy\u0142 zawody na 13. pozycji. Jeden z najm\u0142odszych w stawce uczestnik\u00f3w, Szymon Wojciechowski z Kmicica by\u0142 18.<\/p>\n\n\n\n<p>Pot\u0119\u017cny niedosyt czuli cz\u0119stochowianie po turnieju dru\u017cynowym. Po dramatycznym boju z PKSzerm Warszawa i pora\u017cce z 44:45 nie uda\u0142o im si\u0119 awansowa\u0107 do fina\u0142u. I tym razem w roli g\u0142\u00f3wnej wyst\u0105pi\u0142 wspomniany Antoni Socha, kt\u00f3ry w decyduj\u0105cym boju z \u017belaznym zada\u0142 ostatnie, decyduj\u0105ce trafienie. W meczu o br\u0105z pod\u0142amani cz\u0119stochowianie nie byli ju\u017c w stanie podnie\u015b\u0107 si\u0119, przegrywaj\u0105c potyczk\u0119 ze Szpad\u0105 Wroc\u0142aw. Ostatecznie zaj\u0119li w turnieju czwarte miejsce.<\/p>\n\n\n\n<p>Foto i info: Materia\u0142 prasowy<\/p>\n\n\n\n<figure class=\"wp-block-image size-large\"><img decoding=\"async\" width=\"1024\" height=\"682\" data-src=\"https:\/\/gazetaregionalna.com\/wp-content\/uploads\/2021\/07\/Szpada-2-1024x682.jpg\" alt=\"\" class=\"wp-image-46320 lazyload\" data-srcset=\"https:\/\/gazetaregionalna.com\/wp-content\/uploads\/2021\/07\/Szpada-2-1024x682.jpg 1024w, https:\/\/gazetaregionalna.com\/wp-content\/uploads\/2021\/07\/Szpada-2-300x200.jpg 300w, https:\/\/gazetaregionalna.com\/wp-content\/uploads\/2021\/07\/Szpada-2-768x511.jpg 768w, https:\/\/gazetaregionalna.com\/wp-content\/uploads\/2021\/07\/Szpada-2-1536x1022.jpg 1536w, https:\/\/gazetaregionalna.com\/wp-content\/uploads\/2021\/07\/Szpada-2-696x463.jpg 696w, https:\/\/gazetaregionalna.com\/wp-content\/uploads\/2021\/07\/Szpada-2-1068x711.jpg 1068w, https:\/\/gazetaregionalna.com\/wp-content\/uploads\/2021\/07\/Szpada-2-1920x1278.jpg 1920w, https:\/\/gazetaregionalna.com\/wp-content\/uploads\/2021\/07\/Szpada-2-631x420.jpg 631w, https:\/\/gazetaregionalna.com\/wp-content\/uploads\/2021\/07\/Szpada-2.jpg 1200w\" data-sizes=\"(max-width: 1024px) 100vw, 1024px\" src=\"data:image\/svg+xml;base64,PHN2ZyB3aWR0aD0iMSIgaGVpZ2h0PSIxIiB4bWxucz0iaHR0cDovL3d3dy53My5vcmcvMjAwMC9zdmciPjwvc3ZnPg==\" style=\"--smush-placeholder-width: 1024px; --smush-placeholder-aspect-ratio: 1024\/682;\" \/><\/figure>\n\n\n\n<figure class=\"wp-block-image size-large\"><img decoding=\"async\" width=\"1024\" height=\"768\" data-src=\"https:\/\/gazetaregionalna.com\/wp-content\/uploads\/2021\/07\/Szpada-3-1024x768.jpg\" alt=\"\" class=\"wp-image-46321 lazyload\" data-srcset=\"https:\/\/gazetaregionalna.com\/wp-content\/uploads\/2021\/07\/Szpada-3-1024x768.jpg 1024w, https:\/\/gazetaregionalna.com\/wp-content\/uploads\/2021\/07\/Szpada-3-300x225.jpg 300w, https:\/\/gazetaregionalna.com\/wp-content\/uploads\/2021\/07\/Szpada-3-768x576.jpg 768w, https:\/\/gazetaregionalna.com\/wp-content\/uploads\/2021\/07\/Szpada-3-1536x1152.jpg 1536w, https:\/\/gazetaregionalna.com\/wp-content\/uploads\/2021\/07\/Szpada-3-696x522.jpg 696w, https:\/\/gazetaregionalna.com\/wp-content\/uploads\/2021\/07\/Szpada-3-1068x801.jpg 1068w, https:\/\/gazetaregionalna.com\/wp-content\/uploads\/2021\/07\/Szpada-3-1920x1440.jpg 1920w, https:\/\/gazetaregionalna.com\/wp-content\/uploads\/2021\/07\/Szpada-3-560x420.jpg 560w, https:\/\/gazetaregionalna.com\/wp-content\/uploads\/2021\/07\/Szpada-3-80x60.jpg 80w, https:\/\/gazetaregionalna.com\/wp-content\/uploads\/2021\/07\/Szpada-3-265x198.jpg 265w, https:\/\/gazetaregionalna.com\/wp-content\/uploads\/2021\/07\/Szpada-3.jpg 1200w\" data-sizes=\"(max-width: 1024px) 100vw, 1024px\" src=\"data:image\/svg+xml;base64,PHN2ZyB3aWR0aD0iMSIgaGVpZ2h0PSIxIiB4bWxucz0iaHR0cDovL3d3dy53My5vcmcvMjAwMC9zdmciPjwvc3ZnPg==\" style=\"--smush-placeholder-width: 1024px; --smush-placeholder-aspect-ratio: 1024\/768;\" \/><\/figure>\n\n\n\n<figure class=\"wp-block-image size-large\"><img decoding=\"async\" width=\"1024\" height=\"685\" data-src=\"https:\/\/gazetaregionalna.com\/wp-content\/uploads\/2021\/07\/Szpada-1-1024x685.jpg\" alt=\"\" class=\"wp-image-46319 lazyload\" data-srcset=\"https:\/\/gazetaregionalna.com\/wp-content\/uploads\/2021\/07\/Szpada-1-1024x685.jpg 1024w, https:\/\/gazetaregionalna.com\/wp-content\/uploads\/2021\/07\/Szpada-1-300x201.jpg 300w, https:\/\/gazetaregionalna.com\/wp-content\/uploads\/2021\/07\/Szpada-1-768x513.jpg 768w, https:\/\/gazetaregionalna.com\/wp-content\/uploads\/2021\/07\/Szpada-1-1536x1027.jpg 1536w, https:\/\/gazetaregionalna.com\/wp-content\/uploads\/2021\/07\/Szpada-1-696x465.jpg 696w, https:\/\/gazetaregionalna.com\/wp-content\/uploads\/2021\/07\/Szpada-1-1068x714.jpg 1068w, https:\/\/gazetaregionalna.com\/wp-content\/uploads\/2021\/07\/Szpada-1-1920x1283.jpg 1920w, https:\/\/gazetaregionalna.com\/wp-content\/uploads\/2021\/07\/Szpada-1-628x420.jpg 628w, https:\/\/gazetaregionalna.com\/wp-content\/uploads\/2021\/07\/Szpada-1.jpg 1200w\" data-sizes=\"(max-width: 1024px) 100vw, 1024px\" src=\"data:image\/svg+xml;base64,PHN2ZyB3aWR0aD0iMSIgaGVpZ2h0PSIxIiB4bWxucz0iaHR0cDovL3d3dy53My5vcmcvMjAwMC9zdmciPjwvc3ZnPg==\" style=\"--smush-placeholder-width: 1024px; --smush-placeholder-aspect-ratio: 1024\/685;\" \/><\/figure>\n","protected":false},"excerpt":{"rendered":"<p>Po 36 latach przerwy szermierze z Cz\u0119stochowy zdobyli medal podczas Og\u00f3lnopolskiej Olimpiady M\u0142odzie\u017cy. Wyczynu tego dokona\u0142 szpadzista WLKS-u Kmicic Cz\u0119stochowa, Marcin \u017belazny, kt\u00f3ry na<\/p>\n","protected":false},"author":15,"featured_media":46320,"comment_status":"open","ping_status":"open","sticky":false,"template":"","format":"standard","meta":{"_monsterinsights_skip_tracking":false,"_monsterinsights_sitenote_active":false,"_monsterinsights_sitenote_note":"","_monsterinsights_sitenote_category":0,"_uf_show_specific_survey":0,"_uf_disable_surveys":false,"footnotes":""},"categories":[5,11],"tags":[],"class_list":["post-46318","post","type-post","status-publish","format-standard","has-post-thumbnail","hentry","category-sport","category-pozostale"],"_links":{"self":[{"href":"https:\/\/gazetaregionalna.com\/index.php?rest_route=\/wp\/v2\/posts\/46318","targetHints":{"allow":["GET"]}}],"collection":[{"href":"https:\/\/gazetaregionalna.com\/index.php?rest_route=\/wp\/v2\/posts"}],"about":[{"href":"https:\/\/gazetaregionalna.com\/index.php?rest_route=\/wp\/v2\/types\/post"}],"author":[{"embeddable":true,"href":"https:\/\/gazetaregionalna.com\/index.php?rest_route=\/wp\/v2\/users\/15"}],"replies":[{"embeddable":true,"href":"https:\/\/gazetaregionalna.com\/index.php?rest_route=%2Fwp%2Fv2%2Fcomments&post=46318"}],"version-history":[{"count":1,"href":"https:\/\/gazetaregionalna.com\/index.php?rest_route=\/wp\/v2\/posts\/46318\/revisions"}],"predecessor-version":[{"id":46323,"href":"https:\/\/gazetaregionalna.com\/index.php?rest_route=\/wp\/v2\/posts\/46318\/revisions\/46323"}],"wp:featuredmedia":[{"embeddable":true,"href":"https:\/\/gazetaregionalna.com\/index.php?rest_route=\/wp\/v2\/media\/46320"}],"wp:attachment":[{"href":"https:\/\/gazetaregionalna.com\/index.php?rest_route=%2Fwp%2Fv2%2Fmedia&parent=46318"}],"wp:term":[{"taxonomy":"category","embeddable":true,"href":"https:\/\/gazetaregionalna.com\/index.php?rest_route=%2Fwp%2Fv2%2Fcategories&post=46318"},{"taxonomy":"post_tag","embeddable":true,"href":"https:\/\/gazetaregionalna.com\/index.php?rest_route=%2Fwp%2Fv2%2Ftags&post=46318"}],"curies":[{"name":"wp","href":"https:\/\/api.w.org\/{rel}","templated":true}]}}