{"id":46257,"date":"2021-07-01T09:05:58","date_gmt":"2021-07-01T09:05:58","guid":{"rendered":"https:\/\/gazetaregionalna.com\/?p=46257"},"modified":"2021-07-01T09:06:03","modified_gmt":"2021-07-01T09:06:03","slug":"jura-krakowsko-czestochowska-i-zarki-czekaja-na-wakacje-przygotowano-wiele-atrakcji","status":"publish","type":"post","link":"https:\/\/gazetaregionalna.com\/?p=46257","title":{"rendered":"Jura Krakowsko-Cz\u0119stochowska i \u017barki czekaj\u0105. Na wakacje przygotowano wiele atrakcji"},"content":{"rendered":"\n<h2 class=\"wp-block-heading\">Jura Krakowsko-Cz\u0119stochowska i \u017barki czekaj\u0105 na turyst\u00f3w. Przygotowano wiele atrakcji. W ofercie propozycje dla dzieci i doros\u0142ych.<\/h2>\n\n\n\n<p>Dawne rzemios\u0142a, kreatywne warsztaty, \u015bwiat rycerzy i dam dworu, okoliczno\u015bci przyrody oraz oddany po rewitalizacji basen k\u0105pielowy, to zaledwie cz\u0119\u015b\u0107 atrakcji, jakie czekaj\u0105 na turyst\u00f3w, kt\u00f3rzy wybior\u0105 si\u0119 na Jur\u0119 Krakowsko-Cz\u0119stochowsk\u0105, w okolice \u017barek.<\/p>\n\n\n\n<figure class=\"wp-block-image size-large\"><img decoding=\"async\" width=\"1024\" height=\"768\" data-src=\"https:\/\/gazetaregionalna.com\/wp-content\/uploads\/2021\/07\/basen_07-1024x768.jpg\" alt=\"\" class=\"wp-image-46261 lazyload\" data-srcset=\"https:\/\/gazetaregionalna.com\/wp-content\/uploads\/2021\/07\/basen_07-1024x768.jpg 1024w, https:\/\/gazetaregionalna.com\/wp-content\/uploads\/2021\/07\/basen_07-300x225.jpg 300w, https:\/\/gazetaregionalna.com\/wp-content\/uploads\/2021\/07\/basen_07-768x576.jpg 768w, https:\/\/gazetaregionalna.com\/wp-content\/uploads\/2021\/07\/basen_07-1536x1152.jpg 1536w, https:\/\/gazetaregionalna.com\/wp-content\/uploads\/2021\/07\/basen_07-2048x1536.jpg 2048w, https:\/\/gazetaregionalna.com\/wp-content\/uploads\/2021\/07\/basen_07-696x522.jpg 696w, https:\/\/gazetaregionalna.com\/wp-content\/uploads\/2021\/07\/basen_07-1068x801.jpg 1068w, https:\/\/gazetaregionalna.com\/wp-content\/uploads\/2021\/07\/basen_07-1920x1440.jpg 1920w, https:\/\/gazetaregionalna.com\/wp-content\/uploads\/2021\/07\/basen_07-560x420.jpg 560w, https:\/\/gazetaregionalna.com\/wp-content\/uploads\/2021\/07\/basen_07-80x60.jpg 80w, https:\/\/gazetaregionalna.com\/wp-content\/uploads\/2021\/07\/basen_07-265x198.jpg 265w, https:\/\/gazetaregionalna.com\/wp-content\/uploads\/2021\/07\/basen_07-scaled.jpg 1200w\" data-sizes=\"(max-width: 1024px) 100vw, 1024px\" src=\"data:image\/svg+xml;base64,PHN2ZyB3aWR0aD0iMSIgaGVpZ2h0PSIxIiB4bWxucz0iaHR0cDovL3d3dy53My5vcmcvMjAwMC9zdmciPjwvc3ZnPg==\" style=\"--smush-placeholder-width: 1024px; --smush-placeholder-aspect-ratio: 1024\/768;\" \/><figcaption>oznor<\/figcaption><\/figure>\n\n\n\n<p><strong>K\u0105pielisko letnie<\/strong><\/p>\n\n\n\n<p>Basen oddany w\u0142a\u015bnie do u\u017cytku czeka na mi\u0142o\u015bnik\u00f3w k\u0105pieli. Korzystanie z obiektu bez op\u0142at za wst\u0119p. Na miejscu tury\u015bci znajd\u0105: basen (powierzchnia 2 684,0 metr\u00f3w kwadratowych), brodzik dla dzieci, a tak\u017ce, pomost do skakania. Opieka ratownik\u00f3w jest zapewniona codziennie godz. 11.00-19.00 do 25 sierpnia w\u0142\u0105cznie. Basen znajduje si\u0119 w \u017barkach, przy ul. Wierzbowej 21.<\/p>\n\n\n\n<p><strong>Dawne rzemios\u0142a, ale multimedialnie<\/strong><\/p>\n\n\n\n<p>Muzeum Dawnych Rzemios\u0142 w Starym M\u0142ynie to nowoczesna wystawa, kt\u00f3ra przedstawia dzieje dawnych rzemie\u015blnik\u00f3w. Multimedialna ekspozycja, interaktywne gry, autentyczne maszyny oraz warsztaty.<\/p>\n\n\n\n<p>Czynne pon.-pt. godz. 8.00-16.00, weekendy godz. 10.00-18.00. Rezerwacje 690 070 772, wej\u015bcia o pe\u0142nych godzinach, ostatnie godzin\u0119 przed zamkni\u0119ciem. Obiekt na Szlaku Zabytk\u00f3w Techniki.<\/p>\n\n\n\n<p>Od dzisiaj czynna wystawa \u201eUrok dawnej szko\u0142y\u201d. Jej autorami s\u0105&nbsp; Agnieszka Radosz \u2013 Solska i Zbigniew Poloczek.&nbsp; Prezentacja obejmuje: wyposa\u017cenie przedwojennej szko\u0142y, mundurki szkolne z czas\u00f3w przedwojennych oraz powojennych,&nbsp; \u015bwiadectwa szkolne i inne dokumenty, a tak\u017ce czasopisma i stare ksi\u0105\u017cki.<\/p>\n\n\n\n<p>Muzeum Dawnych Rzemios\u0142 w Starym M\u0142ynie w \u017barkach, ul. Ofiar Katynia 5, 42-310 \u017barki, tel. 690 070 772,&nbsp;<a href=\"https:\/\/poczta.wp.pl\/w\/#\" target=\"_blank\" rel=\"noopener\">poczta@muzeumzarki.pl<\/a>,&nbsp;<a href=\"http:\/\/www.muzeumzarki.pl\/\" target=\"_blank\" rel=\"noopener\">www.muzeumzarki.pl<\/a><\/p>\n\n\n\n<p><strong>Hokus Pokuss- najs\u0142odsze miejsce na Jurze<\/strong><\/p>\n\n\n\n<p>Ka\u017cdy \u0142asuch musi koniecznie odwiedzi\u0107 Manufaktur\u0119 S\u0142odyczy Hokus Pokuss, gdzie prowadzone s\u0105 warsztaty wytwarzania kolorowych lizak\u00f3w. Warsztaty pon.-pt. godz. oko\u0142o po\u0142udnia. W trakcie warsztat\u00f3w: produkcja s\u0142odko\u015bci, w\u0142asnor\u0119czne wytwarzanie lizaka, kosztowanie jeszcze ciep\u0142ych karmelk\u00f3w. Rezerwacje 530 815 045.<\/p>\n\n\n\n<p>Manufaktura Hokus Pokuss, ul. Pi\u0142sudskiego 17, 42-310 \u017barki, tel. 530 815 045,&nbsp;<a href=\"https:\/\/poczta.wp.pl\/w\/#\" target=\"_blank\" rel=\"noopener\">manufaktura.zarki@gmail.com<\/a>,&nbsp;<a href=\"http:\/\/www.hokuspokuss.pl\/\" target=\"_blank\" rel=\"noopener\">www.hokuspokuss.pl<\/a><\/p>\n\n\n\n<p><strong>Gazikiem przez Jur\u0119<\/strong><\/p>\n\n\n\n<p>Przysta\u0144 Le\u015bni\u00f3w zaprasza na niepowtarzaln\u0105 wycieczk\u0119 oryginalnym militarnym pojazdem po jurajskich bezdro\u017cach. Odkryj pi\u0119kno jurajskiego krajobrazu, tajemnice bunkr\u00f3w II wojny \u015bwiatowej, \u017cydowskiego cmentarza czy zabytkowych stod\u00f3\u0142. Rezerwacje z jednodniowym wyprzedzeniem 887 803 303<\/p>\n\n\n\n<p>Przysta\u0144 Turystyczna Le\u015bni\u00f3w, ul. \u0179r\u00f3dlana 5, 42-310 \u017barki, tel. 887 803 303,&nbsp;<a href=\"https:\/\/poczta.wp.pl\/w\/#\" target=\"_blank\" rel=\"noopener\">recepcja@przystanlesniow.pl<\/a>,&nbsp;<a href=\"http:\/\/www.przystanlesniow.pl\/\" target=\"_blank\" rel=\"noopener\">www.przystanlesniow.pl<\/a><\/p>\n\n\n\n<p><strong>\u015aredniowieczny \u015bwiat rycerzy i dam dworu<\/strong><\/p>\n\n\n\n<p>Wehiku\u0142 Czasu na Jurajskim Szlaku oferuje zwiedzanie \u015bredniowiecznej ekspozycji z przewodnikiem. Dodatkowo warsztaty: lepienia z gliny, rycerskie koniki, makramowe ludziki i bransoletki, dodatkowo strzelanie z \u0142uku. Teminy: pon.-sob., rezerwacje tel. 603 770 627.<\/p>\n\n\n\n<p>Wehiku\u0142 Czasu na Jurajskim Szlaku, ul. Le\u015bna&nbsp; 19, 42-310 \u017barki, tel. 603 770 627,&nbsp;<a href=\"http:\/\/www.wehikul-czasu.eu\/\" target=\"_blank\" rel=\"noopener\">www.wehikul-czasu.eu<\/a>,<\/p>\n\n\n\n<p><strong>Etno naturalnie<\/strong><\/p>\n\n\n\n<p>Etno Pracownia to jedno z miejsc pracy tw\u00f3rczej. Podczas warsztat\u00f3w wykorzystywane s\u0105 naturalne materia\u0142y. W Etno Pracowni powstan\u0105 weso\u0142e zwierzaki z siana lub wikliny, drewniane zabawki, postacie z gier komputerowych czy sk\u00f3rzane breloki. Warsztaty pon. \u2013 sob. godz. 10.00-14.00. Warsztaty na \u015bwie\u017cym powietrzu w osadzie przy \u0142\u0105kach, a w razie niepogody w jednej z zabytkowych stod\u00f3\u0142. Rezerwacje tel. 731 926 776.<\/p>\n\n\n\n<p>Etno Pracownia, ul. Ofiar Katynia 4, 42-310 \u017barki, tel. 731 926 776,&nbsp;<a href=\"https:\/\/poczta.wp.pl\/w\/#\" target=\"_blank\" rel=\"noopener\">kontakt@kampus-eureka.pl<\/a>,&nbsp;<a href=\"http:\/\/www.etnopracownia.pl\/\" target=\"_blank\" rel=\"noopener\">www.etnopracownia.pl<\/a><\/p>\n\n\n\n<p><strong>Jurajskie amonity<\/strong><\/p>\n\n\n\n<p>Wystawa Skamienia\u0142o\u015bci Jurajskich i Minera\u0142\u00f3w w Piwnicach Klasztornych prezentuje ponad 1200 sztuk r\u00f3\u017cnych skamienia\u0142ych istot \u017cyj\u0105cych ponad 170 mln lat temu na terenie Jury Krakowsko- Cz\u0119stochowskiej. Kolekcja&nbsp; minera\u0142\u00f3w z kraju i ze \u015bwiata. Pon. \u2013 niedz. godz. 10.00- 18.00, rezerwacje: 535 106 119.<\/p>\n\n\n\n<p>Wystawa Amonit\u00f3w Piwnice Klasztorne Sanktuarium Matki Bo\u017cej Le\u015bniowskiej Patronki Rodzin, ul. Le\u015bniowska 99, 42 \u2013 310 \u017barki,tel. 535 106 119,&nbsp;<a href=\"https:\/\/poczta.wp.pl\/w\/#\" target=\"_blank\" rel=\"noopener\">kontakt@amonity.com<\/a>,&nbsp;<a href=\"http:\/\/www.amonity.com\/\" target=\"_blank\" rel=\"noopener\">www.amonity.com<\/a>,<\/p>\n\n\n\n<p><strong>Kreatywnie w Maciej\u00f3wce<\/strong><\/p>\n\n\n\n<p>Zagroda Edukacyjna Maciej\u00f3wka zaprasza&nbsp; na kreatywne warsztaty filcowania, warsztaty tkackie, decoupage, maskotki Misie Przytulisie oraz warsztaty kulinarne. Rezerwacje 609 989 464.<\/p>\n\n\n\n<p>Maciej\u00f3wka, Ostr\u00f3w, ul. Jurajska 70, 42-310 \u017barki, tel. 609 989 464,&nbsp;<a href=\"https:\/\/poczta.wp.pl\/w\/#\" target=\"_blank\" rel=\"noopener\">dekoracje3@onet.eu<\/a>,&nbsp;<a href=\"http:\/\/www.zagroda-maciejowka.pl\/\" target=\"_blank\" rel=\"noopener\">www.zagroda-maciejowka.pl<\/a><\/p>\n\n\n\n<figure class=\"wp-block-image size-large\"><img decoding=\"async\" width=\"1024\" height=\"802\" data-src=\"https:\/\/gazetaregionalna.com\/wp-content\/uploads\/2020\/09\/zarki1-1024x802.jpg\" alt=\"\" class=\"wp-image-22037 lazyload\" data-srcset=\"https:\/\/gazetaregionalna.com\/wp-content\/uploads\/2020\/09\/zarki1-1024x802.jpg 1024w, https:\/\/gazetaregionalna.com\/wp-content\/uploads\/2020\/09\/zarki1-300x235.jpg 300w, https:\/\/gazetaregionalna.com\/wp-content\/uploads\/2020\/09\/zarki1-768x602.jpg 768w, https:\/\/gazetaregionalna.com\/wp-content\/uploads\/2020\/09\/zarki1-1536x1203.jpg 1536w, https:\/\/gazetaregionalna.com\/wp-content\/uploads\/2020\/09\/zarki1-696x545.jpg 696w, https:\/\/gazetaregionalna.com\/wp-content\/uploads\/2020\/09\/zarki1-1068x837.jpg 1068w, https:\/\/gazetaregionalna.com\/wp-content\/uploads\/2020\/09\/zarki1-536x420.jpg 536w, https:\/\/gazetaregionalna.com\/wp-content\/uploads\/2020\/09\/zarki1.jpg 1200w\" data-sizes=\"(max-width: 1024px) 100vw, 1024px\" src=\"data:image\/svg+xml;base64,PHN2ZyB3aWR0aD0iMSIgaGVpZ2h0PSIxIiB4bWxucz0iaHR0cDovL3d3dy53My5vcmcvMjAwMC9zdmciPjwvc3ZnPg==\" style=\"--smush-placeholder-width: 1024px; --smush-placeholder-aspect-ratio: 1024\/802;\" \/><\/figure>\n\n\n\n<p><strong>Przygoda na wsi<\/strong><\/p>\n\n\n\n<p>Agrogospodarstwo \u201ePod Ska\u0142k\u0105\u201d w wakacyjne weekendy w godz. 11.00- 18.00 oferuje warsztaty edukacyjne, wizyt\u0119 w skansenie, zwierzy\u0144cu, plac zabaw na \u015bwie\u017cym powietrzu z dmuchanymi zamkami oraz wycieczki Jurajskim Ekspresem.<\/p>\n\n\n\n<p>Agrogospodarstwo \u201ePod Ska\u0142k\u0105\u201d, Przybyn\u00f3w ul. Szkolna 34, 42-310 \u017barki, tel. 501 154 921, (34) 314 88 29,&nbsp;<a href=\"https:\/\/poczta.wp.pl\/w\/#\" target=\"_blank\" rel=\"noopener\">info@agroskalka.pl<\/a>,&nbsp;&nbsp;<a href=\"http:\/\/www.agroskalka.pl\/\" target=\"_blank\" rel=\"noopener\">www.agroskalka.pl<\/a><\/p>\n","protected":false},"excerpt":{"rendered":"<p>Jura Krakowsko-Cz\u0119stochowska i \u017barki czekaj\u0105 na turyst\u00f3w. Przygotowano wiele atrakcji. W ofercie propozycje dla dzieci i doros\u0142ych. Dawne rzemios\u0142a, kreatywne warsztaty, \u015bwiat rycerzy i<\/p>\n","protected":false},"author":7,"featured_media":13763,"comment_status":"open","ping_status":"open","sticky":false,"template":"","format":"standard","meta":{"_monsterinsights_skip_tracking":false,"_monsterinsights_sitenote_active":false,"_monsterinsights_sitenote_note":"","_monsterinsights_sitenote_category":0,"_uf_show_specific_survey":0,"_uf_disable_surveys":false,"footnotes":""},"categories":[94,26,4,2],"tags":[],"class_list":["post-46257","post","type-post","status-publish","format-standard","has-post-thumbnail","hentry","category-polecane","category-myszkow","category-region","category-wiadomosci"],"_links":{"self":[{"href":"https:\/\/gazetaregionalna.com\/index.php?rest_route=\/wp\/v2\/posts\/46257","targetHints":{"allow":["GET"]}}],"collection":[{"href":"https:\/\/gazetaregionalna.com\/index.php?rest_route=\/wp\/v2\/posts"}],"about":[{"href":"https:\/\/gazetaregionalna.com\/index.php?rest_route=\/wp\/v2\/types\/post"}],"author":[{"embeddable":true,"href":"https:\/\/gazetaregionalna.com\/index.php?rest_route=\/wp\/v2\/users\/7"}],"replies":[{"embeddable":true,"href":"https:\/\/gazetaregionalna.com\/index.php?rest_route=%2Fwp%2Fv2%2Fcomments&post=46257"}],"version-history":[{"count":4,"href":"https:\/\/gazetaregionalna.com\/index.php?rest_route=\/wp\/v2\/posts\/46257\/revisions"}],"predecessor-version":[{"id":46262,"href":"https:\/\/gazetaregionalna.com\/index.php?rest_route=\/wp\/v2\/posts\/46257\/revisions\/46262"}],"wp:featuredmedia":[{"embeddable":true,"href":"https:\/\/gazetaregionalna.com\/index.php?rest_route=\/wp\/v2\/media\/13763"}],"wp:attachment":[{"href":"https:\/\/gazetaregionalna.com\/index.php?rest_route=%2Fwp%2Fv2%2Fmedia&parent=46257"}],"wp:term":[{"taxonomy":"category","embeddable":true,"href":"https:\/\/gazetaregionalna.com\/index.php?rest_route=%2Fwp%2Fv2%2Fcategories&post=46257"},{"taxonomy":"post_tag","embeddable":true,"href":"https:\/\/gazetaregionalna.com\/index.php?rest_route=%2Fwp%2Fv2%2Ftags&post=46257"}],"curies":[{"name":"wp","href":"https:\/\/api.w.org\/{rel}","templated":true}]}}