{"id":46222,"date":"2021-06-30T09:27:32","date_gmt":"2021-06-30T09:27:32","guid":{"rendered":"https:\/\/gazetaregionalna.com\/?p=46222"},"modified":"2021-06-30T09:27:34","modified_gmt":"2021-06-30T09:27:34","slug":"uwaga-juz-od-jutra-duze-zmiany-w-funkcjonowaniu-komunikacji-miejskiej-w-czestochowie","status":"publish","type":"post","link":"https:\/\/gazetaregionalna.com\/?p=46222","title":{"rendered":"Uwaga! Ju\u017c od jutra du\u017ce zmiany w funkcjonowaniu komunikacji miejskiej w Cz\u0119stochowie"},"content":{"rendered":"\n<h2 class=\"wp-block-heading\">Od jutra, czyli od 1 lipca zmiany w cz\u0119stochowskiej komunikacji miejskiej. Korekt\u0119 tras miejskich autobus\u00f3w wymusi\u0142y na MPK remonty ulic, w tym cz\u0119stochowskiego odcinka DK1.<\/h2>\n\n\n\n<p>Zmiany kursach MPK w Cz\u0119stochowie zwi\u0105zana jest z: otwarciem ronda na skrzy\u017cowaniu ulic Legion\u00f3w i \u017bu\u017clowej,  zamkni\u0119ciem ulicy Mirowskiej od Nadrzecznej do Faradaya, zamkni\u0119ciem drogi \u0142\u0105cz\u0105cej Mst\u00f3w z Siedlcem oraz planowan\u0105 na po\u0142ow\u0119 lipca przebudow\u0105 alei Wojska Polskiego.<\/p>\n\n\n\n<p><strong>Oto szczeg\u00f3\u0142y:<\/strong><\/p>\n\n\n\n<p>Bez zmian b\u0119d\u0105 kursowa\u0107 linie: 3 (tramwaj), 01, 02, 03, 14, 15, 19, 22, 25, 29, 33, 37, 69 i 80.<\/p>\n\n\n\n<p><strong>Linia nr 10<\/strong> \u2013 trasa skr\u00f3cona do odcinka PARKITKA SZPITAL \u2013 KRAKOWSKA. Trasa od przystanku \u201eMa\u0142a\u201d do B\u0142eszna zostaje zawieszona (patrz linie 12, 32 i 35).<\/p>\n\n\n\n<p><strong>Linia nr 11<\/strong> \u2013 od Cmentarza \u015bw. Rocha do Starego Rynku b\u0119dzie kursowa\u0107 bez zmian, nast\u0119pnie Nadrzeczn\u0105 (powr\u00f3t Warszawsk\u0105), Al. Jana Paw\u0142a II, Drogowc\u00f3w, Srebrn\u0105 oraz Mirowsk\u0105 do Faradaya i dalej bez zmian do LEGION\u00d3W lub p\u0119tli KUSI\u0118CKA KSSE.<\/p>\n\n\n\n<p>Uwaga! Linia nr 11 b\u0119dzie obs\u0142ugiwa\u0107 ca\u0142y uk\u0142ad drogowy przy ulicach Strefowej i Kusi\u0119ckiej, w zamian za lini\u0119 nr 27. Ponadto na linii nr 11 zostanie zwi\u0119kszona liczba kurs\u00f3w. Objazd obowi\u0105zuje w obu kierunkach.<\/p>\n\n\n\n<p><strong>Linia nr 12<\/strong> \u2013 od Gnaszyna do Dworca PKS b\u0119dzie kursowa\u0107 bez zmian, nast\u0119pnie Al. Wolno\u015bci, Al. Niepodleg\u0142o\u015bci, Al. Pokoju, przez Rak\u00f3w Dw. PKP, \u0141ukasi\u0144skiego, Okrzei, Limanowskiego, Rakowsk\u0105, wykona wjazd na p\u0119tl\u0119 B\u0141ESZNO, powr\u00f3ci Bohater\u00f3w Katynia i ul. Jesienn\u0105 do p\u0119tli JESIENNA.<\/p>\n\n\n\n<p>Od poniedzia\u0142ku do pi\u0105tku nast\u0105pi zwi\u0119kszenie liczby kurs\u00f3w.<\/p>\n\n\n\n<p>Objazd obowi\u0105zuje w obu kierunkach.<\/p>\n\n\n\n<p><strong>Linia nr 13<\/strong> \u2013 od Wierzchowiska i Kiedrzyna do Starego Rynku b\u0119dzie kursowa\u0107 bez zmian, nast\u0119pnie Nadrzeczn\u0105 (powr\u00f3t Warszawsk\u0105), Al. Jana Paw\u0142a II, Drogowc\u00f3w, Srebrn\u0105 oraz Mirowsk\u0105 do Faradaya i dalej bez zmian do p\u0119tli KUCELIN SZPITAL, WALCOWNIA lub HUTA WYDZIA\u0141 TRANSPORTU.<\/p>\n\n\n\n<p>Objazd obowi\u0105zuje w obu kierunkach.<\/p>\n\n\n\n<p>Uwaga! Ze wzgl\u0119du na wyd\u0142u\u017cenie trasy przejazdu, mo\u017cliwe s\u0105 przetasowania kurs\u00f3w wykonywanych do Walcowni i Wydzia\u0142u Transportu pomi\u0119dzy liniami nr 13 i 28 \u2013 prosimy sprawdza\u0107 rozk\u0142ady obu linii.<\/p>\n\n\n\n<p><strong>Linia nr 17<\/strong> \u2013 na wnioski pasa\u017cer\u00f3w, zostanie przesuni\u0119ty pierwszy odjazd z Liszki Dolnej w kierunku centrum we wszystkie dni tygodnia (o kilkana\u015bcie minut).<\/p>\n\n\n\n<p><strong>Linia nr 18<\/strong> \u2013 od Pi\u0142sudskiego do Starego Rynku b\u0119dzie kursowa\u0107 bez zmian, nast\u0119pnie Nadrzeczn\u0105 (powr\u00f3t Warszawsk\u0105), Al. Jana Paw\u0142a II, Drogowc\u00f3w i Srebrn\u0105 do Mirowskiej i od Z\u0142otej G\u00f3ry bez zmian, do p\u0119tli BATALION\u00d3W CH\u0141OPSKICH z przejazdami przez ulic\u0119 Hektarow\u0105.<\/p>\n\n\n\n<p>Ze wzgl\u0119du na wyd\u0142u\u017con\u0105 tras\u0119 przejazdu, ulegn\u0105 zmianie godziny realizacji cz\u0119\u015bci kurs\u00f3w.<\/p>\n\n\n\n<p>Objazd obowi\u0105zuje w obu kierunkach.<\/p>\n\n\n\n<p><strong>Linia nr 20<\/strong> \u2013 od Wyczerp do Ronda Trzech Krzy\u017cy b\u0119dzie kursowa\u0107 bez zmian, nast\u0119pnie Al. Jana Paw\u0142a II i Al. Wojska Polskiego do Estakady i dalej bez zmian do p\u0119tli KORKOWA lub p\u0119tli BRZEZINY.<\/p>\n\n\n\n<p>Od Ronda Trzech Krzy\u017cy do Estakady nie b\u0119d\u0105 obowi\u0105zywa\u0142y \u017cadne przystanki po\u015brednie!<\/p>\n\n\n\n<p>Objazd obowi\u0105zuje w obu kierunkach.<\/p>\n\n\n\n<p><strong>Linia nr 21<\/strong> \u2013 trasa ulegnie skr\u00f3ceniu do odcinka D\u0179B\u00d3W KSSE SKORKI \u2013 PI\u0141SUDSKIEGO, a cz\u0119\u015b\u0107 trasy na Zawodzie nie b\u0119dzie obs\u0142ugiwana (dojazd na Zawodzie liniami 11, 13 i 28).<\/p>\n\n\n\n<p><strong>Linia nr 23<\/strong> \u2013 trasa ulegnie skr\u00f3ceniu do odcinka D\u0179B\u00d3W KSSE SKORKI \u2013 DWORZEC G\u0141\u00d3WNY PKP (Orzechowskiego), natomiast odcinek od Al. Wolno\u015bci do ulicy Rejtana zostanie zawieszony (dojazd na ulic\u0119 Rejtana lini\u0105 nr 32 od strony Rakowa).<\/p>\n\n\n\n<p><strong>Linia nr 24<\/strong> \u2013 trasa skr\u00f3cona do odcinka KUKUCZKI \u2013 KRAKOWSKA. Odcinek od przystanku \u201eMa\u0142a\u201d do Jesiennej zostaje zawieszony (patrz linie 12, 32 i 35).<\/p>\n\n\n\n<p>Autobusy linii nr 24 nadal b\u0119d\u0105 kursowa\u0107 Alej\u0105 Naj\u015bwi\u0119tszej Maryi Panny z uwagi na przebudow\u0119 torowiska tramwajowego na skrzy\u017cowaniu z Al. Jana Paw\u0142a II.<\/p>\n\n\n\n<p><strong>Linia nr 26<\/strong> \u2013 od Grab\u00f3wki do Starego Rynku b\u0119dzie kursowa\u0107 bez zmian, nast\u0119pnie Nadrzeczn\u0105 (powr\u00f3t Warszawsk\u0105), Al. Jana Paw\u0142a II, Drogowc\u00f3w do Srebrnej i dalej bez zmian do p\u0119tli BURSZTYNOWA, MIR\u00d3W PEGAZ lub SIEDLEC.<\/p>\n\n\n\n<p>Uwaga! Zostanie zwi\u0119kszona liczba kurs\u00f3w wyd\u0142u\u017conych do Siedlca<br>w dni robocze oraz pojawi\u0105 si\u0119 one r\u00f3wnie\u017c w soboty i niedziele (dotychczas nie by\u0142y realizowane).<\/p>\n\n\n\n<p>Objazd obowi\u0105zuje w obu kierunkach.<\/p>\n\n\n\n<p><strong>Linia nr 27<\/strong> \u2013 zostaje utrzymane skr\u00f3cenie trasy do odcinka GNASZYN DOSPEL \u2013 DWORZEC G\u0141\u00d3WNY PKP, wprowadzone od 12.06.2021 r (dojazd na Zawodzie liniami nr 11, 13 i 28).<\/p>\n\n\n\n<p><strong>Linia nr 28<\/strong> \u2013 od Parkitki do Starego Rynku b\u0119dzie kursowa\u0107 nadal przez Al. Ko\u015bciuszki i Aleje Naj\u015bwi\u0119tszej Maryi Panny, nast\u0119pnie Nadrzeczn\u0105 (powr\u00f3t Warszawsk\u0105), Al. Jana Paw\u0142a II, Drogowc\u00f3w, Srebrn\u0105 oraz Mirowsk\u0105 do Faradaya i dalej bez zmian do p\u0119tli KUCELIN SZPITAL, WALCOWNIA lub HUTA WYDZIA\u0141 TRANSPORTU.<\/p>\n\n\n\n<p>Objazd obowi\u0105zuje w obu kierunkach.<\/p>\n\n\n\n<p>Uwaga! Ze wzgl\u0119du na wyd\u0142u\u017cenie trasy przejazdu, mo\u017cliwe s\u0105 przetasowania kurs\u00f3w wykonywanych do Walcowni i Wydzia\u0142u Transportu pomi\u0119dzy liniami nr 13 i 28 \u2013 prosimy sprawdza\u0107 rozk\u0142ady obu linii.<\/p>\n\n\n\n<p><strong>Linia nr 30<\/strong> \u2013 linia zostanie skr\u00f3cona w gminie Mst\u00f3w,<br>z uwagi na przebudow\u0119 drogi powiatowej w kierunku Siedlca<br>i Srocka. Autobusy b\u0119d\u0105 ko\u0144czy\u0107 i rozpoczyna\u0107 kursy na przystanku MST\u00d3W S\u0141OWACKIEGO.<\/p>\n\n\n\n<p>Ze wzgl\u0119d\u00f3w technicznych, w lipcu i sierpniu linia b\u0119dzie obs\u0142ugiwana wy\u0142\u0105cznie autobusami kr\u00f3tkimi.<\/p>\n\n\n\n<p><strong>Linia nr 31<\/strong> \u2013 od Cmentarza Komunalnego do Dworca PKS b\u0119dzie kursowa\u0107 bez zmian, nast\u0119pnie Al. Wolno\u015bci, Al. Niepodleg\u0142o\u015bci<br>i Al. Wojska Polskiego do Bugajskiej, nast\u0119pnie do p\u0119tli KR\u0118CIWILK (dojazd na Zawodzie liniami nr 11, 13 i 28).<\/p>\n\n\n\n<p>Uwaga! Od Przystank\u00f3w C.H.JAGIELLO\u0143CZYCY\/ESTAKADA, do przystanku BUGAJSKA, nie b\u0119d\u0105 obs\u0142ugiwane przystanki po\u015brednie: Okrzei, Mireckiego<br>i Rakowska.<\/p>\n\n\n\n<p>Objazd obowi\u0105zuje w obu kierunkach.<\/p>\n\n\n\n<p><strong>Linia nr 32<\/strong> \u2013 od Starej Gorzelni i Wielkoborskiej do Placu Biega\u0144skiego bez zmian, nast\u0119pnie Nowowiejskiego (powr\u00f3t \u015al\u0105sk\u0105), Korczaka, Al. Bohater\u00f3w Monte Cassino, Jagiello\u0144sk\u0105,<br>Al. 11 Listopada, Zes\u0142a\u0144c\u00f3w Sybiru, Bohater\u00f3w Katynia do przystanku B\u0141ESZNO, powr\u00f3t do ul. Rakowskiej, nast\u0119pnie Limanowskiego, Okrzei, \u0141ukasi\u0144skiego, przez Rak\u00f3w Dw. PKP,<br>Al. Pokoju i Rejtana do przystanku ARCHIWUM PA\u0143STWOWE.<\/p>\n\n\n\n<p>Objazd obowi\u0105zuje w obu kierunkach.<\/p>\n\n\n\n<p><strong>Linia nr 35<\/strong> \u2013 zmieniona trasa: ZAJEZDNIA MPK \u2013<br>Al. Niepodleg\u0142o\u015bci \u2013 Al. 11 Listopada, Zes\u0142a\u0144c\u00f3w Sybiru \u2013 Bohater\u00f3w Katynia \u2013 Rakowska \u2013 Limanowskiego \u2013 Okrzei \u2013 \u0141ukasi\u0144skiego \u2013 Rak\u00f3w Dw. PKP \u2013 Al. Pokoju \u2013 Gilowa \u2013 Orla \u2013 Hutnik\u00f3w \u2013 Orlik-R\u0171ckemanna \u2013 Legion\u00f3w \u2013 Strefowa \u2013 KUSI\u0118CKA KSSE \u2013 LEGION\u00d3W.<\/p>\n\n\n\n<p>Zostanie zwi\u0119kszona liczba kurs\u00f3w w zamian za zawieszon\u0105 lini\u0119 36.<\/p>\n\n\n\n<p>Trasa linii nr 35 obowi\u0105zuje w obu kierunkach.<\/p>\n\n\n\n<p><strong>Linia nr 36<\/strong> \u2013 zostaje zawieszona do odwo\u0142ania.<\/p>\n\n\n\n<p><strong>Linia nr 38<\/strong> \u2013 zostaje na sta\u0142e przed\u0142u\u017cona z Al. Niepodleg\u0142o\u015bci do przystanku ZAJEZDNIA MPK, celem u\u0142atwienia przesiadek,<br>a przystanek ko\u0144cowy przy ulicy \u0179r\u00f3dlanej ulegnie likwidacji.<\/p>\n\n\n\n<p><strong>Linie nr 53, 57, 58, 59, 65, 67 i 68<\/strong> \u2013 od ZAJEZDNI MPK b\u0119d\u0105 kursowa\u0107 Al. Niepodleg\u0142o\u015bci i Al. Wojska Polskiego do przystanku BUGAJSKA i dalej bez zmian w kierunku gmin Olsztyn i Poczesna.<\/p>\n\n\n\n<p>Uwaga! Od Przystank\u00f3w C.H.JAGIELLO\u0143CZYCY\/ESTAKADA, do przystanku BUGAJSKA, nie b\u0119d\u0105 obs\u0142ugiwane przystanki po\u015brednie: Okrzei, Mireckiego<br>i Rakowska.<\/p>\n\n\n\n<p>Objazd obowi\u0105zuje w obu kierunkach.<\/p>\n","protected":false},"excerpt":{"rendered":"<p>Od jutra, czyli od 1 lipca zmiany w cz\u0119stochowskiej komunikacji miejskiej. Korekt\u0119 tras miejskich autobus\u00f3w wymusi\u0142y na MPK remonty ulic, w tym cz\u0119stochowskiego odcinka<\/p>\n","protected":false},"author":7,"featured_media":28458,"comment_status":"open","ping_status":"open","sticky":false,"template":"","format":"standard","meta":{"_monsterinsights_skip_tracking":false,"_monsterinsights_sitenote_active":false,"_monsterinsights_sitenote_note":"","_monsterinsights_sitenote_category":0,"_uf_show_specific_survey":0,"_uf_disable_surveys":false,"footnotes":""},"categories":[94,3,2],"tags":[],"class_list":["post-46222","post","type-post","status-publish","format-standard","has-post-thumbnail","hentry","category-polecane","category-czestochowa-informacje","category-wiadomosci"],"_links":{"self":[{"href":"https:\/\/gazetaregionalna.com\/index.php?rest_route=\/wp\/v2\/posts\/46222","targetHints":{"allow":["GET"]}}],"collection":[{"href":"https:\/\/gazetaregionalna.com\/index.php?rest_route=\/wp\/v2\/posts"}],"about":[{"href":"https:\/\/gazetaregionalna.com\/index.php?rest_route=\/wp\/v2\/types\/post"}],"author":[{"embeddable":true,"href":"https:\/\/gazetaregionalna.com\/index.php?rest_route=\/wp\/v2\/users\/7"}],"replies":[{"embeddable":true,"href":"https:\/\/gazetaregionalna.com\/index.php?rest_route=%2Fwp%2Fv2%2Fcomments&post=46222"}],"version-history":[{"count":4,"href":"https:\/\/gazetaregionalna.com\/index.php?rest_route=\/wp\/v2\/posts\/46222\/revisions"}],"predecessor-version":[{"id":46226,"href":"https:\/\/gazetaregionalna.com\/index.php?rest_route=\/wp\/v2\/posts\/46222\/revisions\/46226"}],"wp:featuredmedia":[{"embeddable":true,"href":"https:\/\/gazetaregionalna.com\/index.php?rest_route=\/wp\/v2\/media\/28458"}],"wp:attachment":[{"href":"https:\/\/gazetaregionalna.com\/index.php?rest_route=%2Fwp%2Fv2%2Fmedia&parent=46222"}],"wp:term":[{"taxonomy":"category","embeddable":true,"href":"https:\/\/gazetaregionalna.com\/index.php?rest_route=%2Fwp%2Fv2%2Fcategories&post=46222"},{"taxonomy":"post_tag","embeddable":true,"href":"https:\/\/gazetaregionalna.com\/index.php?rest_route=%2Fwp%2Fv2%2Ftags&post=46222"}],"curies":[{"name":"wp","href":"https:\/\/api.w.org\/{rel}","templated":true}]}}