{"id":46207,"date":"2021-06-30T08:04:26","date_gmt":"2021-06-30T08:04:26","guid":{"rendered":"https:\/\/gazetaregionalna.com\/?p=46207"},"modified":"2021-06-30T08:04:28","modified_gmt":"2021-06-30T08:04:28","slug":"czestochowska-policja-w-zalobie-zmarl-jeden-z-policjantow","status":"publish","type":"post","link":"https:\/\/gazetaregionalna.com\/?p=46207","title":{"rendered":"Cz\u0119stochowska policja w \u017ca\u0142obie &#8211; zmar\u0142 jeden z policjant\u00f3w"},"content":{"rendered":"\n<h2 class=\"wp-block-heading\">Od wczoraj strona internetowa Komendy Miejskiej Policji w Cz\u0119stochowie jest czarno-bia\u0142a. To na znak \u017ca\u0142oby, w jakiej jest cz\u0119stochowska policja po \u015bmierci nadkomisarza Dawida Rorata.<\/h2>\n\n\n\n<p>Policjant zmar\u0142 po kr\u00f3tkiej chorobie w wieku zaledwie 44 lat. Zmar\u0142ego \u017cegnaj\u0105 na portalu policji: Komendant Miejski Policji w Cz\u0119stochowie inspektor Dariusz At\u0142asik oraz kole\u017canki koledzy.<\/p>\n\n\n\n<p>&#8211; Dawid Rorat przez 24 lata swojej s\u0142u\u017cby zwi\u0105zany by\u0142 z garnizonem cz\u0119stochowskim &#8211; napisano na stronie internetowej Komendy Miejskiej Policji w Cz\u0119stochowie. &#8211; S\u0142u\u017cb\u0119 rozpocz\u0105\u0142 w plutonie prewencyjnym w \u00f3wczesnej komendzie wojew\u00f3dzkiej w Cz\u0119stochowie. By\u0142 sumiennym i ambitnym policjantem, dlatego szybko zosta\u0142 zauwa\u017cony przez prze\u0142o\u017conych. Po 5 latach trafi\u0142 do referatu kryminalnego, a po kolejnych 8 zosta\u0142 specjalist\u0105 w wydziale do walki z przest\u0119pczo\u015bci\u0105 przeciwko \u017cyciu i zdrowiu. Od 2012 roku wzorowo realizowa\u0142 powierzone mu zadania w zespole do walki z korupcj\u0105, a od 2019 roku w zespole kontroli.<\/p>\n\n\n\n<p>Jak napisali w po\u017cegnaniu cz\u0119stochowscy policjanci, Zmar\u0142y by\u0142 wspania\u0142ym cz\u0142owiekiem, pogodnym, pe\u0142nym energii i rado\u015bci. Ch\u0119tny do pomocy, zawsze dzieli\u0142 si\u0119 swoim do\u015bwiadczeniem z m\u0142odszymi kolegami ze s\u0142u\u017cby.<\/p>\n","protected":false},"excerpt":{"rendered":"<p>Od wczoraj strona internetowa Komendy Miejskiej Policji w Cz\u0119stochowie jest czarno-bia\u0142a. To na znak \u017ca\u0142oby, w jakiej jest cz\u0119stochowska policja po \u015bmierci nadkomisarza Dawida<\/p>\n","protected":false},"author":7,"featured_media":46215,"comment_status":"open","ping_status":"open","sticky":false,"template":"","format":"standard","meta":{"_monsterinsights_skip_tracking":false,"_monsterinsights_sitenote_active":false,"_monsterinsights_sitenote_note":"","_monsterinsights_sitenote_category":0,"_uf_show_specific_survey":0,"_uf_disable_surveys":false,"footnotes":""},"categories":[2,3],"tags":[],"class_list":["post-46207","post","type-post","status-publish","format-standard","has-post-thumbnail","hentry","category-wiadomosci","category-czestochowa-informacje"],"_links":{"self":[{"href":"https:\/\/gazetaregionalna.com\/index.php?rest_route=\/wp\/v2\/posts\/46207","targetHints":{"allow":["GET"]}}],"collection":[{"href":"https:\/\/gazetaregionalna.com\/index.php?rest_route=\/wp\/v2\/posts"}],"about":[{"href":"https:\/\/gazetaregionalna.com\/index.php?rest_route=\/wp\/v2\/types\/post"}],"author":[{"embeddable":true,"href":"https:\/\/gazetaregionalna.com\/index.php?rest_route=\/wp\/v2\/users\/7"}],"replies":[{"embeddable":true,"href":"https:\/\/gazetaregionalna.com\/index.php?rest_route=%2Fwp%2Fv2%2Fcomments&post=46207"}],"version-history":[{"count":4,"href":"https:\/\/gazetaregionalna.com\/index.php?rest_route=\/wp\/v2\/posts\/46207\/revisions"}],"predecessor-version":[{"id":46214,"href":"https:\/\/gazetaregionalna.com\/index.php?rest_route=\/wp\/v2\/posts\/46207\/revisions\/46214"}],"wp:featuredmedia":[{"embeddable":true,"href":"https:\/\/gazetaregionalna.com\/index.php?rest_route=\/wp\/v2\/media\/46215"}],"wp:attachment":[{"href":"https:\/\/gazetaregionalna.com\/index.php?rest_route=%2Fwp%2Fv2%2Fmedia&parent=46207"}],"wp:term":[{"taxonomy":"category","embeddable":true,"href":"https:\/\/gazetaregionalna.com\/index.php?rest_route=%2Fwp%2Fv2%2Fcategories&post=46207"},{"taxonomy":"post_tag","embeddable":true,"href":"https:\/\/gazetaregionalna.com\/index.php?rest_route=%2Fwp%2Fv2%2Ftags&post=46207"}],"curies":[{"name":"wp","href":"https:\/\/api.w.org\/{rel}","templated":true}]}}