{"id":46204,"date":"2021-06-30T08:04:33","date_gmt":"2021-06-30T08:04:33","guid":{"rendered":"https:\/\/gazetaregionalna.com\/?p=46204"},"modified":"2021-06-30T08:04:35","modified_gmt":"2021-06-30T08:04:35","slug":"w-kusietach","status":"publish","type":"post","link":"https:\/\/gazetaregionalna.com\/?p=46204","title":{"rendered":"Nad jeziorkiem Krasowym w Kusi\u0119tach powstanie przestrze\u0144 wypoczynkowa"},"content":{"rendered":"\n<h2 class=\"wp-block-heading\">W ramach konkursu \u201eInicjatywa So\u0142ecka\u201d nad jeziorkiem Krasowym w Kusi\u0119tach powstanie przestrze\u0144 wypoczynkowa. B\u0119dzie pla\u017ca, le\u017caki i inne udogodnienia wypoczywaj\u0105cych.<\/h2>\n\n\n\n<figure class=\"wp-block-image size-large\"><img decoding=\"async\" data-src=\"https:\/\/gazetaregionalna.com\/wp-content\/uploads\/2021\/06\/jeziorko-Krasowe-2.jpg\" alt=\"jeziorko Krasowe 2\" class=\"wp-image-46212 lazyload\" src=\"data:image\/svg+xml;base64,PHN2ZyB3aWR0aD0iMSIgaGVpZ2h0PSIxIiB4bWxucz0iaHR0cDovL3d3dy53My5vcmcvMjAwMC9zdmciPjwvc3ZnPg==\" \/><figcaption>fot. <em>Tomasz Sieniawski<\/em><\/figcaption><\/figure>\n\n\n\n<p>W Kusi\u0119tach w tym roku rozpoczn\u0105 si\u0119 prace maj\u0105ce na celu zagospodarowanie terenu wok\u00f3\u0142 <strong>jeziorka Krasowego<\/strong>. Dla odwiedzaj\u0105cych to miejsce powstanie typowa przestrze\u0144 wypoczynkowa, w kt\u00f3rej znajdzie si\u0119:<\/p>\n\n\n\n<ul class=\"wp-block-list\"><li>Pla\u017ca;<\/li><li>&nbsp;Altana paleniskiem;<\/li><li>Le\u017caki;<\/li><li>\u0141awki;<\/li><li>Stojaki na rowery;<\/li><li>Alejki spacerowe.<\/li><\/ul>\n\n\n\n<p>Dodatkowo zostanie r\u00f3wnie\u017c posadzona nowa ro\u015blinno\u015b\u0107.<\/p>\n\n\n\n<p><strong>Ca\u0142kowity koszt przedsi\u0119wzi\u0119cia to 125 tys. z\u0142<\/strong>, z czego w ramach konkursu <strong>\u201eInicjatywa So\u0142ecka\u201d<\/strong> z\u00a0 Urz\u0119du Marsza\u0142kowskiego Wojew\u00f3dztwa \u015al\u0105skiego zosta\u0142o pozyskane 60 tys. z\u0142, natomiast 65 tys. z\u0142 pochodzi z bud\u017cetu gminy.<\/p>\n\n\n\n<p>Prace maj\u0105 by\u0107 zrealizowane <strong>do ko\u0144ca wrze\u015bnia 2021 roku<\/strong>.<\/p>\n\n\n\n<p>Wcze\u015bniej, z funduszu so\u0142eckiego Kusi\u0105t za kwot\u0119 10 tys. z\u0142 zosta\u0142a opracowana dokumentacja projektowa.<\/p>\n","protected":false},"excerpt":{"rendered":"<p>W ramach konkursu \u201eInicjatywa So\u0142ecka\u201d nad jeziorkiem Krasowym w Kusi\u0119tach powstanie przestrze\u0144 wypoczynkowa. B\u0119dzie pla\u017ca, le\u017caki i inne udogodnienia wypoczywaj\u0105cych. W Kusi\u0119tach w tym<\/p>\n","protected":false},"author":12,"featured_media":46211,"comment_status":"open","ping_status":"open","sticky":false,"template":"","format":"standard","meta":{"_monsterinsights_skip_tracking":false,"_monsterinsights_sitenote_active":false,"_monsterinsights_sitenote_note":"","_monsterinsights_sitenote_category":0,"_uf_show_specific_survey":0,"_uf_disable_surveys":false,"footnotes":""},"categories":[33,94,4,2],"tags":[2247,2246],"class_list":["post-46204","post","type-post","status-publish","format-standard","has-post-thumbnail","hentry","category-inwestycje","category-polecane","category-region","category-wiadomosci","tag-jeziorko-krasowe","tag-kusieta"],"_links":{"self":[{"href":"https:\/\/gazetaregionalna.com\/index.php?rest_route=\/wp\/v2\/posts\/46204","targetHints":{"allow":["GET"]}}],"collection":[{"href":"https:\/\/gazetaregionalna.com\/index.php?rest_route=\/wp\/v2\/posts"}],"about":[{"href":"https:\/\/gazetaregionalna.com\/index.php?rest_route=\/wp\/v2\/types\/post"}],"author":[{"embeddable":true,"href":"https:\/\/gazetaregionalna.com\/index.php?rest_route=\/wp\/v2\/users\/12"}],"replies":[{"embeddable":true,"href":"https:\/\/gazetaregionalna.com\/index.php?rest_route=%2Fwp%2Fv2%2Fcomments&post=46204"}],"version-history":[{"count":1,"href":"https:\/\/gazetaregionalna.com\/index.php?rest_route=\/wp\/v2\/posts\/46204\/revisions"}],"predecessor-version":[{"id":46216,"href":"https:\/\/gazetaregionalna.com\/index.php?rest_route=\/wp\/v2\/posts\/46204\/revisions\/46216"}],"wp:featuredmedia":[{"embeddable":true,"href":"https:\/\/gazetaregionalna.com\/index.php?rest_route=\/wp\/v2\/media\/46211"}],"wp:attachment":[{"href":"https:\/\/gazetaregionalna.com\/index.php?rest_route=%2Fwp%2Fv2%2Fmedia&parent=46204"}],"wp:term":[{"taxonomy":"category","embeddable":true,"href":"https:\/\/gazetaregionalna.com\/index.php?rest_route=%2Fwp%2Fv2%2Fcategories&post=46204"},{"taxonomy":"post_tag","embeddable":true,"href":"https:\/\/gazetaregionalna.com\/index.php?rest_route=%2Fwp%2Fv2%2Ftags&post=46204"}],"curies":[{"name":"wp","href":"https:\/\/api.w.org\/{rel}","templated":true}]}}