{"id":46111,"date":"2021-06-29T10:21:10","date_gmt":"2021-06-29T10:21:10","guid":{"rendered":"https:\/\/gazetaregionalna.com\/?p=46111"},"modified":"2021-06-29T10:22:56","modified_gmt":"2021-06-29T10:22:56","slug":"zatancz-w-balecie-ognisko-baletowe-w-zarkach-czeka","status":"publish","type":"post","link":"https:\/\/gazetaregionalna.com\/?p=46111","title":{"rendered":"Zata\u0144cz w balecie. Ognisko Baletowe w \u017barkach czeka"},"content":{"rendered":"\n<h2 class=\"wp-block-heading\">Zata\u0144cz w balecie. Ognisko Baletowe w \u017barkach czeka. Zapisy odbywa\u0107 si\u0119 maj\u0105 ju\u017c w trakcie wakacji.<\/h2>\n\n\n\n<figure class=\"wp-block-gallery columns-3 is-cropped wp-block-gallery-1 is-layout-flex wp-block-gallery-is-layout-flex\"><ul class=\"blocks-gallery-grid\"><li class=\"blocks-gallery-item\"><figure><a href=\"https:\/\/gazetaregionalna.com\/wp-content\/uploads\/2021\/06\/0-scaled.jpg\"><img decoding=\"async\" width=\"1024\" height=\"685\" data-src=\"https:\/\/gazetaregionalna.com\/wp-content\/uploads\/2021\/06\/0-1024x685.jpg\" alt=\"\" data-id=\"46116\" data-full-url=\"https:\/\/gazetaregionalna.com\/wp-content\/uploads\/2021\/06\/0-scaled.jpg\" data-link=\"https:\/\/gazetaregionalna.com\/?attachment_id=46116\" class=\"wp-image-46116 lazyload\" data-srcset=\"https:\/\/gazetaregionalna.com\/wp-content\/uploads\/2021\/06\/0-1024x685.jpg 1024w, https:\/\/gazetaregionalna.com\/wp-content\/uploads\/2021\/06\/0-300x201.jpg 300w, https:\/\/gazetaregionalna.com\/wp-content\/uploads\/2021\/06\/0-768x514.jpg 768w, https:\/\/gazetaregionalna.com\/wp-content\/uploads\/2021\/06\/0-1536x1028.jpg 1536w, https:\/\/gazetaregionalna.com\/wp-content\/uploads\/2021\/06\/0-2048x1371.jpg 2048w, https:\/\/gazetaregionalna.com\/wp-content\/uploads\/2021\/06\/0-696x466.jpg 696w, https:\/\/gazetaregionalna.com\/wp-content\/uploads\/2021\/06\/0-1068x715.jpg 1068w, https:\/\/gazetaregionalna.com\/wp-content\/uploads\/2021\/06\/0-1920x1285.jpg 1920w, https:\/\/gazetaregionalna.com\/wp-content\/uploads\/2021\/06\/0-627x420.jpg 627w, https:\/\/gazetaregionalna.com\/wp-content\/uploads\/2021\/06\/0-scaled.jpg 1200w\" data-sizes=\"(max-width: 1024px) 100vw, 1024px\" src=\"data:image\/svg+xml;base64,PHN2ZyB3aWR0aD0iMSIgaGVpZ2h0PSIxIiB4bWxucz0iaHR0cDovL3d3dy53My5vcmcvMjAwMC9zdmciPjwvc3ZnPg==\" style=\"--smush-placeholder-width: 1024px; --smush-placeholder-aspect-ratio: 1024\/685;\" \/><\/a><\/figure><\/li><li class=\"blocks-gallery-item\"><figure><a href=\"https:\/\/gazetaregionalna.com\/wp-content\/uploads\/2021\/06\/0a-scaled.jpg\"><img decoding=\"async\" width=\"1024\" height=\"685\" data-src=\"https:\/\/gazetaregionalna.com\/wp-content\/uploads\/2021\/06\/0a-1024x685.jpg\" alt=\"\" data-id=\"46117\" data-full-url=\"https:\/\/gazetaregionalna.com\/wp-content\/uploads\/2021\/06\/0a-scaled.jpg\" data-link=\"https:\/\/gazetaregionalna.com\/?attachment_id=46117\" class=\"wp-image-46117 lazyload\" data-srcset=\"https:\/\/gazetaregionalna.com\/wp-content\/uploads\/2021\/06\/0a-1024x685.jpg 1024w, https:\/\/gazetaregionalna.com\/wp-content\/uploads\/2021\/06\/0a-300x201.jpg 300w, https:\/\/gazetaregionalna.com\/wp-content\/uploads\/2021\/06\/0a-768x514.jpg 768w, https:\/\/gazetaregionalna.com\/wp-content\/uploads\/2021\/06\/0a-1536x1028.jpg 1536w, https:\/\/gazetaregionalna.com\/wp-content\/uploads\/2021\/06\/0a-2048x1371.jpg 2048w, https:\/\/gazetaregionalna.com\/wp-content\/uploads\/2021\/06\/0a-696x466.jpg 696w, https:\/\/gazetaregionalna.com\/wp-content\/uploads\/2021\/06\/0a-1068x715.jpg 1068w, https:\/\/gazetaregionalna.com\/wp-content\/uploads\/2021\/06\/0a-1920x1285.jpg 1920w, https:\/\/gazetaregionalna.com\/wp-content\/uploads\/2021\/06\/0a-627x420.jpg 627w, https:\/\/gazetaregionalna.com\/wp-content\/uploads\/2021\/06\/0a-scaled.jpg 1200w\" data-sizes=\"(max-width: 1024px) 100vw, 1024px\" src=\"data:image\/svg+xml;base64,PHN2ZyB3aWR0aD0iMSIgaGVpZ2h0PSIxIiB4bWxucz0iaHR0cDovL3d3dy53My5vcmcvMjAwMC9zdmciPjwvc3ZnPg==\" style=\"--smush-placeholder-width: 1024px; --smush-placeholder-aspect-ratio: 1024\/685;\" \/><\/a><\/figure><\/li><li class=\"blocks-gallery-item\"><figure><a href=\"https:\/\/gazetaregionalna.com\/wp-content\/uploads\/2021\/06\/0b-scaled.jpg\"><img decoding=\"async\" width=\"1024\" height=\"589\" data-src=\"https:\/\/gazetaregionalna.com\/wp-content\/uploads\/2021\/06\/0b-1024x589.jpg\" alt=\"\" data-id=\"46118\" data-full-url=\"https:\/\/gazetaregionalna.com\/wp-content\/uploads\/2021\/06\/0b-scaled.jpg\" data-link=\"https:\/\/gazetaregionalna.com\/?attachment_id=46118\" class=\"wp-image-46118 lazyload\" data-srcset=\"https:\/\/gazetaregionalna.com\/wp-content\/uploads\/2021\/06\/0b-1024x589.jpg 1024w, https:\/\/gazetaregionalna.com\/wp-content\/uploads\/2021\/06\/0b-300x173.jpg 300w, https:\/\/gazetaregionalna.com\/wp-content\/uploads\/2021\/06\/0b-768x442.jpg 768w, https:\/\/gazetaregionalna.com\/wp-content\/uploads\/2021\/06\/0b-1536x884.jpg 1536w, https:\/\/gazetaregionalna.com\/wp-content\/uploads\/2021\/06\/0b-2048x1179.jpg 2048w, https:\/\/gazetaregionalna.com\/wp-content\/uploads\/2021\/06\/0b-696x401.jpg 696w, https:\/\/gazetaregionalna.com\/wp-content\/uploads\/2021\/06\/0b-1068x615.jpg 1068w, https:\/\/gazetaregionalna.com\/wp-content\/uploads\/2021\/06\/0b-1920x1105.jpg 1920w, https:\/\/gazetaregionalna.com\/wp-content\/uploads\/2021\/06\/0b-730x420.jpg 730w, https:\/\/gazetaregionalna.com\/wp-content\/uploads\/2021\/06\/0b-scaled.jpg 1200w\" data-sizes=\"(max-width: 1024px) 100vw, 1024px\" src=\"data:image\/svg+xml;base64,PHN2ZyB3aWR0aD0iMSIgaGVpZ2h0PSIxIiB4bWxucz0iaHR0cDovL3d3dy53My5vcmcvMjAwMC9zdmciPjwvc3ZnPg==\" style=\"--smush-placeholder-width: 1024px; --smush-placeholder-aspect-ratio: 1024\/589;\" \/><\/a><\/figure><\/li><li class=\"blocks-gallery-item\"><figure><a href=\"https:\/\/gazetaregionalna.com\/wp-content\/uploads\/2021\/06\/1-scaled.jpg\"><img decoding=\"async\" width=\"1024\" height=\"651\" data-src=\"https:\/\/gazetaregionalna.com\/wp-content\/uploads\/2021\/06\/1-1024x651.jpg\" alt=\"\" data-id=\"46119\" data-full-url=\"https:\/\/gazetaregionalna.com\/wp-content\/uploads\/2021\/06\/1-scaled.jpg\" data-link=\"https:\/\/gazetaregionalna.com\/?attachment_id=46119\" class=\"wp-image-46119 lazyload\" data-srcset=\"https:\/\/gazetaregionalna.com\/wp-content\/uploads\/2021\/06\/1-1024x651.jpg 1024w, https:\/\/gazetaregionalna.com\/wp-content\/uploads\/2021\/06\/1-300x191.jpg 300w, https:\/\/gazetaregionalna.com\/wp-content\/uploads\/2021\/06\/1-768x488.jpg 768w, https:\/\/gazetaregionalna.com\/wp-content\/uploads\/2021\/06\/1-1536x977.jpg 1536w, https:\/\/gazetaregionalna.com\/wp-content\/uploads\/2021\/06\/1-2048x1302.jpg 2048w, https:\/\/gazetaregionalna.com\/wp-content\/uploads\/2021\/06\/1-696x442.jpg 696w, https:\/\/gazetaregionalna.com\/wp-content\/uploads\/2021\/06\/1-1068x679.jpg 1068w, https:\/\/gazetaregionalna.com\/wp-content\/uploads\/2021\/06\/1-1920x1221.jpg 1920w, https:\/\/gazetaregionalna.com\/wp-content\/uploads\/2021\/06\/1-661x420.jpg 661w, https:\/\/gazetaregionalna.com\/wp-content\/uploads\/2021\/06\/1-scaled.jpg 1200w\" data-sizes=\"(max-width: 1024px) 100vw, 1024px\" src=\"data:image\/svg+xml;base64,PHN2ZyB3aWR0aD0iMSIgaGVpZ2h0PSIxIiB4bWxucz0iaHR0cDovL3d3dy53My5vcmcvMjAwMC9zdmciPjwvc3ZnPg==\" style=\"--smush-placeholder-width: 1024px; --smush-placeholder-aspect-ratio: 1024\/651;\" \/><\/a><\/figure><\/li><li class=\"blocks-gallery-item\"><figure><a href=\"https:\/\/gazetaregionalna.com\/wp-content\/uploads\/2021\/06\/1a-scaled.jpg\"><img decoding=\"async\" width=\"1024\" height=\"725\" data-src=\"https:\/\/gazetaregionalna.com\/wp-content\/uploads\/2021\/06\/1a-1024x725.jpg\" alt=\"\" data-id=\"46120\" data-full-url=\"https:\/\/gazetaregionalna.com\/wp-content\/uploads\/2021\/06\/1a-scaled.jpg\" data-link=\"https:\/\/gazetaregionalna.com\/?attachment_id=46120\" class=\"wp-image-46120 lazyload\" data-srcset=\"https:\/\/gazetaregionalna.com\/wp-content\/uploads\/2021\/06\/1a-1024x725.jpg 1024w, https:\/\/gazetaregionalna.com\/wp-content\/uploads\/2021\/06\/1a-300x212.jpg 300w, https:\/\/gazetaregionalna.com\/wp-content\/uploads\/2021\/06\/1a-768x544.jpg 768w, https:\/\/gazetaregionalna.com\/wp-content\/uploads\/2021\/06\/1a-1536x1087.jpg 1536w, https:\/\/gazetaregionalna.com\/wp-content\/uploads\/2021\/06\/1a-2048x1450.jpg 2048w, https:\/\/gazetaregionalna.com\/wp-content\/uploads\/2021\/06\/1a-696x493.jpg 696w, https:\/\/gazetaregionalna.com\/wp-content\/uploads\/2021\/06\/1a-1068x756.jpg 1068w, https:\/\/gazetaregionalna.com\/wp-content\/uploads\/2021\/06\/1a-1920x1359.jpg 1920w, https:\/\/gazetaregionalna.com\/wp-content\/uploads\/2021\/06\/1a-593x420.jpg 593w, https:\/\/gazetaregionalna.com\/wp-content\/uploads\/2021\/06\/1a-100x70.jpg 100w, https:\/\/gazetaregionalna.com\/wp-content\/uploads\/2021\/06\/1a-scaled.jpg 1200w\" data-sizes=\"(max-width: 1024px) 100vw, 1024px\" src=\"data:image\/svg+xml;base64,PHN2ZyB3aWR0aD0iMSIgaGVpZ2h0PSIxIiB4bWxucz0iaHR0cDovL3d3dy53My5vcmcvMjAwMC9zdmciPjwvc3ZnPg==\" style=\"--smush-placeholder-width: 1024px; --smush-placeholder-aspect-ratio: 1024\/725;\" \/><\/a><\/figure><\/li><li class=\"blocks-gallery-item\"><figure><a href=\"https:\/\/gazetaregionalna.com\/wp-content\/uploads\/2021\/06\/2-scaled.jpg\"><img decoding=\"async\" width=\"1024\" height=\"652\" data-src=\"https:\/\/gazetaregionalna.com\/wp-content\/uploads\/2021\/06\/2-1024x652.jpg\" alt=\"\" data-id=\"46121\" data-full-url=\"https:\/\/gazetaregionalna.com\/wp-content\/uploads\/2021\/06\/2-scaled.jpg\" data-link=\"https:\/\/gazetaregionalna.com\/?attachment_id=46121\" class=\"wp-image-46121 lazyload\" data-srcset=\"https:\/\/gazetaregionalna.com\/wp-content\/uploads\/2021\/06\/2-1024x652.jpg 1024w, https:\/\/gazetaregionalna.com\/wp-content\/uploads\/2021\/06\/2-300x191.jpg 300w, https:\/\/gazetaregionalna.com\/wp-content\/uploads\/2021\/06\/2-768x489.jpg 768w, https:\/\/gazetaregionalna.com\/wp-content\/uploads\/2021\/06\/2-1536x978.jpg 1536w, https:\/\/gazetaregionalna.com\/wp-content\/uploads\/2021\/06\/2-2048x1304.jpg 2048w, https:\/\/gazetaregionalna.com\/wp-content\/uploads\/2021\/06\/2-696x443.jpg 696w, https:\/\/gazetaregionalna.com\/wp-content\/uploads\/2021\/06\/2-1068x680.jpg 1068w, https:\/\/gazetaregionalna.com\/wp-content\/uploads\/2021\/06\/2-1920x1222.jpg 1920w, https:\/\/gazetaregionalna.com\/wp-content\/uploads\/2021\/06\/2-660x420.jpg 660w, https:\/\/gazetaregionalna.com\/wp-content\/uploads\/2021\/06\/2-scaled.jpg 1200w\" data-sizes=\"(max-width: 1024px) 100vw, 1024px\" src=\"data:image\/svg+xml;base64,PHN2ZyB3aWR0aD0iMSIgaGVpZ2h0PSIxIiB4bWxucz0iaHR0cDovL3d3dy53My5vcmcvMjAwMC9zdmciPjwvc3ZnPg==\" style=\"--smush-placeholder-width: 1024px; --smush-placeholder-aspect-ratio: 1024\/652;\" \/><\/a><\/figure><\/li><li class=\"blocks-gallery-item\"><figure><a href=\"https:\/\/gazetaregionalna.com\/wp-content\/uploads\/2021\/06\/2a-scaled.jpg\"><img decoding=\"async\" width=\"1024\" height=\"810\" data-src=\"https:\/\/gazetaregionalna.com\/wp-content\/uploads\/2021\/06\/2a-1024x810.jpg\" alt=\"\" data-id=\"46122\" data-full-url=\"https:\/\/gazetaregionalna.com\/wp-content\/uploads\/2021\/06\/2a-scaled.jpg\" data-link=\"https:\/\/gazetaregionalna.com\/?attachment_id=46122\" class=\"wp-image-46122 lazyload\" data-srcset=\"https:\/\/gazetaregionalna.com\/wp-content\/uploads\/2021\/06\/2a-1024x810.jpg 1024w, https:\/\/gazetaregionalna.com\/wp-content\/uploads\/2021\/06\/2a-300x237.jpg 300w, https:\/\/gazetaregionalna.com\/wp-content\/uploads\/2021\/06\/2a-768x608.jpg 768w, https:\/\/gazetaregionalna.com\/wp-content\/uploads\/2021\/06\/2a-1536x1215.jpg 1536w, https:\/\/gazetaregionalna.com\/wp-content\/uploads\/2021\/06\/2a-2048x1620.jpg 2048w, https:\/\/gazetaregionalna.com\/wp-content\/uploads\/2021\/06\/2a-696x551.jpg 696w, https:\/\/gazetaregionalna.com\/wp-content\/uploads\/2021\/06\/2a-1068x845.jpg 1068w, https:\/\/gazetaregionalna.com\/wp-content\/uploads\/2021\/06\/2a-1920x1519.jpg 1920w, https:\/\/gazetaregionalna.com\/wp-content\/uploads\/2021\/06\/2a-531x420.jpg 531w, https:\/\/gazetaregionalna.com\/wp-content\/uploads\/2021\/06\/2a-scaled.jpg 1200w\" data-sizes=\"(max-width: 1024px) 100vw, 1024px\" src=\"data:image\/svg+xml;base64,PHN2ZyB3aWR0aD0iMSIgaGVpZ2h0PSIxIiB4bWxucz0iaHR0cDovL3d3dy53My5vcmcvMjAwMC9zdmciPjwvc3ZnPg==\" style=\"--smush-placeholder-width: 1024px; --smush-placeholder-aspect-ratio: 1024\/810;\" \/><\/a><\/figure><\/li><li class=\"blocks-gallery-item\"><figure><a href=\"https:\/\/gazetaregionalna.com\/wp-content\/uploads\/2021\/06\/3-scaled.jpg\"><img decoding=\"async\" width=\"1024\" height=\"643\" data-src=\"https:\/\/gazetaregionalna.com\/wp-content\/uploads\/2021\/06\/3-1024x643.jpg\" alt=\"\" data-id=\"46123\" data-full-url=\"https:\/\/gazetaregionalna.com\/wp-content\/uploads\/2021\/06\/3-scaled.jpg\" data-link=\"https:\/\/gazetaregionalna.com\/?attachment_id=46123\" class=\"wp-image-46123 lazyload\" data-srcset=\"https:\/\/gazetaregionalna.com\/wp-content\/uploads\/2021\/06\/3-1024x643.jpg 1024w, https:\/\/gazetaregionalna.com\/wp-content\/uploads\/2021\/06\/3-300x188.jpg 300w, https:\/\/gazetaregionalna.com\/wp-content\/uploads\/2021\/06\/3-768x482.jpg 768w, https:\/\/gazetaregionalna.com\/wp-content\/uploads\/2021\/06\/3-1536x964.jpg 1536w, https:\/\/gazetaregionalna.com\/wp-content\/uploads\/2021\/06\/3-2048x1286.jpg 2048w, https:\/\/gazetaregionalna.com\/wp-content\/uploads\/2021\/06\/3-696x437.jpg 696w, https:\/\/gazetaregionalna.com\/wp-content\/uploads\/2021\/06\/3-1068x671.jpg 1068w, https:\/\/gazetaregionalna.com\/wp-content\/uploads\/2021\/06\/3-1920x1205.jpg 1920w, https:\/\/gazetaregionalna.com\/wp-content\/uploads\/2021\/06\/3-669x420.jpg 669w, https:\/\/gazetaregionalna.com\/wp-content\/uploads\/2021\/06\/3-scaled.jpg 1200w\" data-sizes=\"(max-width: 1024px) 100vw, 1024px\" src=\"data:image\/svg+xml;base64,PHN2ZyB3aWR0aD0iMSIgaGVpZ2h0PSIxIiB4bWxucz0iaHR0cDovL3d3dy53My5vcmcvMjAwMC9zdmciPjwvc3ZnPg==\" style=\"--smush-placeholder-width: 1024px; --smush-placeholder-aspect-ratio: 1024\/643;\" \/><\/a><\/figure><\/li><li class=\"blocks-gallery-item\"><figure><a href=\"https:\/\/gazetaregionalna.com\/wp-content\/uploads\/2021\/06\/3a-scaled.jpg\"><img decoding=\"async\" width=\"1024\" height=\"524\" data-src=\"https:\/\/gazetaregionalna.com\/wp-content\/uploads\/2021\/06\/3a-1024x524.jpg\" alt=\"\" data-id=\"46124\" data-full-url=\"https:\/\/gazetaregionalna.com\/wp-content\/uploads\/2021\/06\/3a-scaled.jpg\" data-link=\"https:\/\/gazetaregionalna.com\/?attachment_id=46124\" class=\"wp-image-46124 lazyload\" data-srcset=\"https:\/\/gazetaregionalna.com\/wp-content\/uploads\/2021\/06\/3a-1024x524.jpg 1024w, https:\/\/gazetaregionalna.com\/wp-content\/uploads\/2021\/06\/3a-300x153.jpg 300w, https:\/\/gazetaregionalna.com\/wp-content\/uploads\/2021\/06\/3a-768x393.jpg 768w, https:\/\/gazetaregionalna.com\/wp-content\/uploads\/2021\/06\/3a-1536x786.jpg 1536w, https:\/\/gazetaregionalna.com\/wp-content\/uploads\/2021\/06\/3a-2048x1048.jpg 2048w, https:\/\/gazetaregionalna.com\/wp-content\/uploads\/2021\/06\/3a-696x356.jpg 696w, https:\/\/gazetaregionalna.com\/wp-content\/uploads\/2021\/06\/3a-1068x546.jpg 1068w, https:\/\/gazetaregionalna.com\/wp-content\/uploads\/2021\/06\/3a-1920x982.jpg 1920w, https:\/\/gazetaregionalna.com\/wp-content\/uploads\/2021\/06\/3a-821x420.jpg 821w, https:\/\/gazetaregionalna.com\/wp-content\/uploads\/2021\/06\/3a-scaled.jpg 1200w\" data-sizes=\"(max-width: 1024px) 100vw, 1024px\" src=\"data:image\/svg+xml;base64,PHN2ZyB3aWR0aD0iMSIgaGVpZ2h0PSIxIiB4bWxucz0iaHR0cDovL3d3dy53My5vcmcvMjAwMC9zdmciPjwvc3ZnPg==\" style=\"--smush-placeholder-width: 1024px; --smush-placeholder-aspect-ratio: 1024\/524;\" \/><\/a><\/figure><\/li><li class=\"blocks-gallery-item\"><figure><a href=\"https:\/\/gazetaregionalna.com\/wp-content\/uploads\/2021\/06\/4-scaled.jpg\"><img decoding=\"async\" width=\"1024\" height=\"526\" data-src=\"https:\/\/gazetaregionalna.com\/wp-content\/uploads\/2021\/06\/4-1024x526.jpg\" alt=\"\" data-id=\"46125\" data-full-url=\"https:\/\/gazetaregionalna.com\/wp-content\/uploads\/2021\/06\/4-scaled.jpg\" data-link=\"https:\/\/gazetaregionalna.com\/?attachment_id=46125\" class=\"wp-image-46125 lazyload\" data-srcset=\"https:\/\/gazetaregionalna.com\/wp-content\/uploads\/2021\/06\/4-1024x526.jpg 1024w, https:\/\/gazetaregionalna.com\/wp-content\/uploads\/2021\/06\/4-300x154.jpg 300w, https:\/\/gazetaregionalna.com\/wp-content\/uploads\/2021\/06\/4-768x395.jpg 768w, https:\/\/gazetaregionalna.com\/wp-content\/uploads\/2021\/06\/4-1536x790.jpg 1536w, https:\/\/gazetaregionalna.com\/wp-content\/uploads\/2021\/06\/4-2048x1053.jpg 2048w, https:\/\/gazetaregionalna.com\/wp-content\/uploads\/2021\/06\/4-696x358.jpg 696w, https:\/\/gazetaregionalna.com\/wp-content\/uploads\/2021\/06\/4-1068x549.jpg 1068w, https:\/\/gazetaregionalna.com\/wp-content\/uploads\/2021\/06\/4-1920x987.jpg 1920w, https:\/\/gazetaregionalna.com\/wp-content\/uploads\/2021\/06\/4-817x420.jpg 817w, https:\/\/gazetaregionalna.com\/wp-content\/uploads\/2021\/06\/4-scaled.jpg 1200w\" data-sizes=\"(max-width: 1024px) 100vw, 1024px\" src=\"data:image\/svg+xml;base64,PHN2ZyB3aWR0aD0iMSIgaGVpZ2h0PSIxIiB4bWxucz0iaHR0cDovL3d3dy53My5vcmcvMjAwMC9zdmciPjwvc3ZnPg==\" style=\"--smush-placeholder-width: 1024px; --smush-placeholder-aspect-ratio: 1024\/526;\" \/><\/a><\/figure><\/li><li class=\"blocks-gallery-item\"><figure><a href=\"https:\/\/gazetaregionalna.com\/wp-content\/uploads\/2021\/06\/5a-scaled.jpg\"><img decoding=\"async\" width=\"1024\" height=\"716\" data-src=\"https:\/\/gazetaregionalna.com\/wp-content\/uploads\/2021\/06\/5a-1024x716.jpg\" alt=\"\" data-id=\"46126\" data-full-url=\"https:\/\/gazetaregionalna.com\/wp-content\/uploads\/2021\/06\/5a-scaled.jpg\" data-link=\"https:\/\/gazetaregionalna.com\/?attachment_id=46126\" class=\"wp-image-46126 lazyload\" data-srcset=\"https:\/\/gazetaregionalna.com\/wp-content\/uploads\/2021\/06\/5a-1024x716.jpg 1024w, https:\/\/gazetaregionalna.com\/wp-content\/uploads\/2021\/06\/5a-300x210.jpg 300w, https:\/\/gazetaregionalna.com\/wp-content\/uploads\/2021\/06\/5a-768x537.jpg 768w, https:\/\/gazetaregionalna.com\/wp-content\/uploads\/2021\/06\/5a-1536x1074.jpg 1536w, https:\/\/gazetaregionalna.com\/wp-content\/uploads\/2021\/06\/5a-2048x1431.jpg 2048w, https:\/\/gazetaregionalna.com\/wp-content\/uploads\/2021\/06\/5a-696x486.jpg 696w, https:\/\/gazetaregionalna.com\/wp-content\/uploads\/2021\/06\/5a-1068x746.jpg 1068w, https:\/\/gazetaregionalna.com\/wp-content\/uploads\/2021\/06\/5a-1920x1342.jpg 1920w, https:\/\/gazetaregionalna.com\/wp-content\/uploads\/2021\/06\/5a-601x420.jpg 601w, https:\/\/gazetaregionalna.com\/wp-content\/uploads\/2021\/06\/5a-100x70.jpg 100w, https:\/\/gazetaregionalna.com\/wp-content\/uploads\/2021\/06\/5a-scaled.jpg 1200w\" data-sizes=\"(max-width: 1024px) 100vw, 1024px\" src=\"data:image\/svg+xml;base64,PHN2ZyB3aWR0aD0iMSIgaGVpZ2h0PSIxIiB4bWxucz0iaHR0cDovL3d3dy53My5vcmcvMjAwMC9zdmciPjwvc3ZnPg==\" style=\"--smush-placeholder-width: 1024px; --smush-placeholder-aspect-ratio: 1024\/716;\" \/><\/a><\/figure><\/li><li class=\"blocks-gallery-item\"><figure><a href=\"https:\/\/gazetaregionalna.com\/wp-content\/uploads\/2021\/06\/7a-scaled.jpg\"><img decoding=\"async\" width=\"1024\" height=\"589\" data-src=\"https:\/\/gazetaregionalna.com\/wp-content\/uploads\/2021\/06\/7a-1024x589.jpg\" alt=\"\" data-id=\"46127\" data-full-url=\"https:\/\/gazetaregionalna.com\/wp-content\/uploads\/2021\/06\/7a-scaled.jpg\" data-link=\"https:\/\/gazetaregionalna.com\/?attachment_id=46127\" class=\"wp-image-46127 lazyload\" data-srcset=\"https:\/\/gazetaregionalna.com\/wp-content\/uploads\/2021\/06\/7a-1024x589.jpg 1024w, https:\/\/gazetaregionalna.com\/wp-content\/uploads\/2021\/06\/7a-300x173.jpg 300w, https:\/\/gazetaregionalna.com\/wp-content\/uploads\/2021\/06\/7a-768x442.jpg 768w, https:\/\/gazetaregionalna.com\/wp-content\/uploads\/2021\/06\/7a-1536x884.jpg 1536w, https:\/\/gazetaregionalna.com\/wp-content\/uploads\/2021\/06\/7a-2048x1179.jpg 2048w, https:\/\/gazetaregionalna.com\/wp-content\/uploads\/2021\/06\/7a-696x401.jpg 696w, https:\/\/gazetaregionalna.com\/wp-content\/uploads\/2021\/06\/7a-1068x615.jpg 1068w, https:\/\/gazetaregionalna.com\/wp-content\/uploads\/2021\/06\/7a-1920x1105.jpg 1920w, https:\/\/gazetaregionalna.com\/wp-content\/uploads\/2021\/06\/7a-730x420.jpg 730w, https:\/\/gazetaregionalna.com\/wp-content\/uploads\/2021\/06\/7a-scaled.jpg 1200w\" data-sizes=\"(max-width: 1024px) 100vw, 1024px\" src=\"data:image\/svg+xml;base64,PHN2ZyB3aWR0aD0iMSIgaGVpZ2h0PSIxIiB4bWxucz0iaHR0cDovL3d3dy53My5vcmcvMjAwMC9zdmciPjwvc3ZnPg==\" style=\"--smush-placeholder-width: 1024px; --smush-placeholder-aspect-ratio: 1024\/589;\" \/><\/a><\/figure><\/li><\/ul><\/figure>\n\n\n\n<p>Aby pokaza\u0107, czego m\u0142odzi tancerze mog\u0105 si\u0119 nauczy\u0107 bior\u0105c udzia\u0142 w zaj\u0119ciach Ogniska Baletowego, kt\u00f3re dzia\u0142a przy Miejsko-Gminnym O\u015brodku Kultury w \u017barkach przygotowano na zako\u0144czenie roku szkolnego lekcje pokazowe. Wzi\u0119\u0142o w nich udzia\u0142 9 grup \u017careckiego ogniska. Na sali widowiskowej przed rodzinami, dzieci zaprezentowa\u0142y to, czego ucz\u0105 si\u0119 pod kierunkiem prowadz\u0105cych, w tym&nbsp; baletmistrza \u0141ukasza Zasika oraz akompaniator\u00f3w.<\/p>\n\n\n\n<p>&#8211; Zaj\u0119cia odbywaj\u0105 si\u0119 dwa razy w tygodniu, za zamkni\u0119tymi drzwiami. Dlatego zapraszamy rodziny&nbsp; podopiecznych na lekcje pokazowe, aby zobaczy\u0142y, jak wygl\u0105daj\u0105 zaj\u0119cia, aby zaobserwowa\u0142y post\u0119py pociech. Jeste\u015bmy bardzo dumni z uczni\u00f3w. Dzieci rozwijaj\u0105 si\u0119 wspaniale. Bardzo dzi\u0119kujemy rodzicom i opiekunom za zaufanie i systematyczno\u015b\u0107 &#8211; m\u00f3wi baletmistrz \u0141ukasz Zasik.&nbsp; &#8211; Mamy nadziej\u0119, \u017ce przysz\u0142y rok szkolny b\u0119dzie normalny i uda nam si\u0119 zorganizowa\u0107 wspania\u0142y, wyczekiwany wyst\u0119p.&nbsp; &nbsp;<\/p>\n\n\n\n<p>Chocia\u017c dopiero zacz\u0119\u0142y si\u0119 wakacje, ognisko ju\u017c zaprasza na kolejny rok zaj\u0119\u0107. Przes\u0142uchania zainteresowanych odb\u0119d\u0105 si\u0119 na sali baletowej w Domu Kultury w \u017barkach w nast\u0119puj\u0105cych terminach:<\/p>\n\n\n\n<p>23 sierpnia (poniedzia\u0142ek)&nbsp; i 26 sierpnia 2021 r. (czwartek) w godzinach 16.00 \u2013 18.00,<br>30 sierpnia (poniedzia\u0142ek) i 2 wrze\u015bnia 2021 r.&nbsp; ( czwartek)&nbsp;&nbsp; w godzinach 16.00 \u2013 18.00.<\/p>\n\n\n\n<p>Uroczyste rozpocz\u0119cie roku baletowego \u2013 6 wrze\u015bnia, o godz. 18.00 (sala widowiskowa).<\/p>\n\n\n\n<p>Dodatkowe informacje: MGOK tel. 662 257 288, \u0141ukasz Zasik tel. 501 234 150.<\/p>\n\n\n\n<p>(fot. Ognisko Baletowego \u017barki)<\/p>\n","protected":false},"excerpt":{"rendered":"<p>Zata\u0144cz w balecie. Ognisko Baletowe w \u017barkach czeka. Zapisy odbywa\u0107 si\u0119 maj\u0105 ju\u017c w trakcie wakacji. Aby pokaza\u0107, czego m\u0142odzi tancerze mog\u0105 si\u0119 nauczy\u0107<\/p>\n","protected":false},"author":7,"featured_media":46128,"comment_status":"open","ping_status":"open","sticky":false,"template":"","format":"standard","meta":{"_monsterinsights_skip_tracking":false,"_monsterinsights_sitenote_active":false,"_monsterinsights_sitenote_note":"","_monsterinsights_sitenote_category":0,"_uf_show_specific_survey":0,"_uf_disable_surveys":false,"footnotes":""},"categories":[94,26,4,2],"tags":[],"class_list":["post-46111","post","type-post","status-publish","format-standard","has-post-thumbnail","hentry","category-polecane","category-myszkow","category-region","category-wiadomosci"],"_links":{"self":[{"href":"https:\/\/gazetaregionalna.com\/index.php?rest_route=\/wp\/v2\/posts\/46111","targetHints":{"allow":["GET"]}}],"collection":[{"href":"https:\/\/gazetaregionalna.com\/index.php?rest_route=\/wp\/v2\/posts"}],"about":[{"href":"https:\/\/gazetaregionalna.com\/index.php?rest_route=\/wp\/v2\/types\/post"}],"author":[{"embeddable":true,"href":"https:\/\/gazetaregionalna.com\/index.php?rest_route=\/wp\/v2\/users\/7"}],"replies":[{"embeddable":true,"href":"https:\/\/gazetaregionalna.com\/index.php?rest_route=%2Fwp%2Fv2%2Fcomments&post=46111"}],"version-history":[{"count":7,"href":"https:\/\/gazetaregionalna.com\/index.php?rest_route=\/wp\/v2\/posts\/46111\/revisions"}],"predecessor-version":[{"id":46131,"href":"https:\/\/gazetaregionalna.com\/index.php?rest_route=\/wp\/v2\/posts\/46111\/revisions\/46131"}],"wp:featuredmedia":[{"embeddable":true,"href":"https:\/\/gazetaregionalna.com\/index.php?rest_route=\/wp\/v2\/media\/46128"}],"wp:attachment":[{"href":"https:\/\/gazetaregionalna.com\/index.php?rest_route=%2Fwp%2Fv2%2Fmedia&parent=46111"}],"wp:term":[{"taxonomy":"category","embeddable":true,"href":"https:\/\/gazetaregionalna.com\/index.php?rest_route=%2Fwp%2Fv2%2Fcategories&post=46111"},{"taxonomy":"post_tag","embeddable":true,"href":"https:\/\/gazetaregionalna.com\/index.php?rest_route=%2Fwp%2Fv2%2Ftags&post=46111"}],"curies":[{"name":"wp","href":"https:\/\/api.w.org\/{rel}","templated":true}]}}