{"id":4604,"date":"2019-07-25T10:47:18","date_gmt":"2019-07-25T10:47:18","guid":{"rendered":"https:\/\/gazetaregionalna.com\/?p=4604"},"modified":"2019-07-25T10:47:21","modified_gmt":"2019-07-25T10:47:21","slug":"wytwarzamy-zbyt-duzo-co2-za-30-lat-w-warszawie-temperatura-jak-w-tbilisi","status":"publish","type":"post","link":"https:\/\/gazetaregionalna.com\/?p=4604","title":{"rendered":"Wytwarzamy zbyt du\u017co CO2. Za 30 lat w Warszawie temperatura jak w Tbilisi?"},"content":{"rendered":"\n<p><strong>Dwutlenek w\u0119gla (CO2) to jeden z gaz\u00f3w cieplarnianych, kt\u00f3rego nadmierna emisja przyczynia si\u0119 do niepo\u017c\u0105danych zmian klimatycznych na \u015bwiecie.<\/strong> <\/p>\n\n\n\n<p>Wytwarzany jest on w wyniku spalania paliw kopalnych takich jak ropa i w\u0119giel, a wed\u0142ug danych Eurostatu* produkcja CO2 tylko w Polsce w 2018 r. wzros\u0142a o 3,5%. Istotny wp\u0142yw na zatruwanie \u015brodowiska maj\u0105 gospodarstwa domowe, dlatego warto przeanalizowa\u0107, jak ograniczy\u0107 emisj\u0119 CO2 na w\u0142asn\u0105 r\u0119k\u0119. <br>Naukowcy alarmuj\u0105, \u017ce na ca\u0142ym \u015bwiecie powstaje za du\u017co dwutlenku w\u0119gla, by lasy nad\u0105\u017ca\u0142y z jego poch\u0142anianiem i przetwarzaniem na tlen. Skala problemu jest tak wielka, \u017ce nie rozwi\u0105\u017ce go nawet masowe sadzenie ro\u015blin. Konieczne jest ograniczenie spalania paliw kopalnych. Tymczasem, jak podaje Eurostat<em>, w 2018 roku a\u017c 10,3% CO2 wyprodukowanego na terenie Unii Europejskiej pochodzi\u0142o z Polski. Jednocze\u015bnie blisko 1\/5 gaz\u00f3w cieplarnianych Unii Europejskiej powstaje w gospodarstwach domowych. Je\u017celi nie ograniczymy zanieczyszczania powietrza, to wed\u0142ug Crowther Lab<\/em>* z Politechniki Federalnej w Zurychu za 30 lat w Warszawie b\u0119dzie tak ciep\u0142o jak w gruzi\u0144skim Tbilisi, gdzie \u015brednia roczna temperatura osi\u0105ga 13,3\u00b0C (dla por\u00f3wnania w Warszawie wynosi ona wynosi 7,7 \u00b0C)<em>. <\/em>Jak wi\u0119c chroni\u0107 \u015brodowisko i ograniczy\u0107 emisj\u0119 CO2 na w\u0142asn\u0105 r\u0119k\u0119?  <\/p>\n\n\n\n<p><strong>Niskoemisyjne ogrzewanie i energooszcz\u0119dne RTV\/AGD<\/strong><\/p>\n\n\n\n<p>Jednym z podstawowych obszar\u00f3w odpowiedzialnych za dzia\u0142anie na szkod\u0119 \u015brodowiska i nadmierne wytwarzanie CO2 jest przestarza\u0142e ogrzewanie gospodarstw domowych. Szacuje si\u0119, \u017ce dla prawie 70% spo\u015br\u00f3d kilku milion\u00f3w dom\u00f3w jednorodzinnych w Polsce g\u0142\u00f3wnym \u017ar\u00f3d\u0142em ciep\u0142a jest kocio\u0142 lub piec w\u0119glowy. Przy braku w\u0142a\u015bciwej izolacji termicznej, podczas podgrzewania wody i ogrzewania domu mo\u017ce powstawa\u0107 w ci\u0105gu roku tyle dwutlenku w\u0119gla, \u017ce potrzeba nawet 3 tysi\u0119cy drzew na jego poch\u0142oni\u0119cie. Jak podkre\u015bla Anna Sawicka, G\u0142\u00f3wny Specjalista ds. Rozwoju Strategii Ekologicznej z Banku Ochrony \u015arodowiska (BO\u015a), jednym ze sposob\u00f3w poprawy jako\u015bci powietrza jest wyb\u00f3r niskoemisyjnego ogrzewania. \u2013 Wa\u017cne jest, by domowa instalacja grzewcza by\u0142a efektywna, a zastosowane \u017ar\u00f3d\u0142o ciep\u0142a nie powinno przyczynia\u0107 si\u0119 do nadmiarowej emisji spalin do atmosfery. Konieczna jest te\u017c dobra izolacja termiczna budynku, kt\u00f3ra ograniczy zapotrzebowanie na ciep\u0142o, co prze\u0142o\u017cy si\u0119 na ni\u017csz\u0105 emisj\u0119 CO2 \u2013 zaznacza Anna Sawicka.  <\/p>\n\n\n\n<p>W\u015br\u00f3d ekologicznych i coraz popularniejszych rozwi\u0105za\u0144 zast\u0119puj\u0105cych nieefektywne \u017ar\u00f3d\u0142a w\u0119glowe s\u0105 instalacje zasilane gazem lub pompy ciep\u0142a. Pierwsze charakteryzuj\u0105 si\u0119 niskimi kosztami zakupu i monta\u017cu, a dodatkowo ich finansowanie wspierane jest niskooprocentowanymi po\u017cyczkami na nabycie i wymian\u0119 kot\u0142a oraz termomodernizacj\u0119 (udziela je m.in. BO\u015a, kt\u00f3ry rozpocz\u0105\u0142 wsp\u00f3\u0142prac\u0119 z PGNiG). Z kolei inwestycja w pomp\u0119 ciep\u0142a to dobry pomys\u0142 dla os\u00f3b chc\u0105cych ca\u0142kowicie wyeliminowa\u0107 zu\u017cycie paliw kopalnych. Rozwi\u0105zanie to zwi\u0105zane jest z wy\u017cszymi kosztami pocz\u0105tkowymi, a tak\u017ce op\u0142atami za pr\u0105d, poniewa\u017c pompy ciep\u0142a wykorzystuj\u0105 energi\u0119 elektryczn\u0105. Do ograniczenia emisji CO2 przyczyni si\u0119 tak\u017ce w\u0142a\u015bciwy dob\u00f3r domowego o\u015bwietlenia i urz\u0105dze\u0144 RTV\/AGD. \u017bar\u00f3wki warto zast\u0105pi\u0107 energooszcz\u0119dnymi, kupuj\u0105c nowy sprz\u0119t wybierajmy ten o najwy\u017cszej klasie energetycznej. Zmniejszy to zu\u017cycie pr\u0105du z sieci, a co za tym idzie, przyczyni si\u0119 do mniejszej emisji CO2 powsta\u0142ej przy produkcji energii w elektrowni.  <\/p>\n\n\n\n<p><strong>Codzienne decyzje i przyzwyczajenia<\/strong> <\/p>\n\n\n\n<p>Wykonuj\u0105c codzienne czynno\u015bci, nie zastanawiamy si\u0119 jak niewiele potrzeba, aby zmniejszy\u0107 wytwarzanie dwutlenku w\u0119gla. R\u00f3\u017cne nawyki wp\u0142ywaj\u0105 na marnotrawstwo energii elektrycznej. Za zwi\u0119kszenie zu\u017cycia pr\u0105du odpowiadaj\u0105 np.: gotowanie zbyt du\u017cej ilo\u015bci wody w czajniku, wk\u0142adanie ciep\u0142ych posi\u0142k\u00f3w do lod\u00f3wki czy pozostawianie urz\u0105dze\u0144 w trybie czuwania. \u2013 Istotna cz\u0119\u015b\u0107 energii elektrycznej zwyczajnie si\u0119 marnuje. Warto zatem wyrobi\u0107 w sobie seri\u0119 nawyk\u00f3w, takich jak: gaszenie zb\u0119dnego o\u015bwietlenia, wy\u0142\u0105czanie i od\u0142\u0105czanie z gniazdek sprz\u0119t\u00f3w, z kt\u00f3rych aktualnie nie korzystamy, gotowanie w czajniku tylko niezb\u0119dnej ilo\u015bci wody, czy studzenie posi\u0142k\u00f3w przed w\u0142o\u017ceniem do lod\u00f3wki. Pozwoli to nam nie tylko ograniczy\u0107 negatywn\u0105 emisj\u0119, ale tak\u017ce realnie obni\u017cy\u0107 nasze rachunki. \u2013 wyja\u015bnia Anna Sawicka.     R\u00f3wnie istotne dla redukcji CO2 jest oszcz\u0119dne u\u017cytkowanie samochod\u00f3w osobowych. Prawie 30% ca\u0142kowitej emisji w UE pochodzi z sektora transportu, z czego 72% \u2013 z transportu drogowego*. Dlatego istotne jest przeanalizowanie zasadno\u015bci cz\u0119stego u\u017cywania samochodu i mo\u017cliwej zamiany na transport publiczny lub rower.<\/p>\n\n\n\n<p><br><strong>Proekologiczne nawyki w pracy<\/strong><\/p>\n\n\n\n<p>Aby rzeczywi\u015bcie ograniczy\u0107 szkodliw\u0105 emisj\u0119 CO2, wa\u017cne jest wielokierunkowe wdra\u017canie zmian. Nie bez znaczenia s\u0105 przyzwyczajenia w pracy, miejscu, w kt\u00f3rym sp\u0119dzamy znaczn\u0105 cz\u0119\u015b\u0107 dnia. \u2013 Proste dzia\u0142ania przek\u0142adaj\u0105 si\u0119 na du\u017ce efekty w skali globalnej. Wa\u017cne jest, aby zwraca\u0107 uwag\u0119 na budowanie kultury proekologicznej wewn\u0105trz firmy. Nienadu\u017cywanie klimatyzacji, gaszenie niepotrzebnego \u015bwiat\u0142a oraz od\u0142\u0105czanie urz\u0105dze\u0144 z gniazdek to tylko przyk\u0142ady nawyk\u00f3w przyczyniaj\u0105cych si\u0119 do redukcji emisji CO2, kt\u00f3re s\u0105 wprowadzane w organizacjach szanuj\u0105cych \u015brodowisko \u2013 dodaje Anna Sawicka. <\/p>\n","protected":false},"excerpt":{"rendered":"<p>Dwutlenek w\u0119gla (CO2) to jeden z gaz\u00f3w cieplarnianych, kt\u00f3rego nadmierna emisja przyczynia si\u0119 do niepo\u017c\u0105danych zmian klimatycznych na \u015bwiecie. Wytwarzany jest on w wyniku<\/p>\n","protected":false},"author":3,"featured_media":4605,"comment_status":"open","ping_status":"open","sticky":false,"template":"","format":"standard","meta":{"_monsterinsights_skip_tracking":false,"_monsterinsights_sitenote_active":false,"_monsterinsights_sitenote_note":"","_monsterinsights_sitenote_category":0,"_uf_show_specific_survey":0,"_uf_disable_surveys":false,"footnotes":""},"categories":[44,29,4,2,37],"tags":[],"class_list":["post-4604","post","type-post","status-publish","format-standard","has-post-thumbnail","hentry","category-bezpieczenstwo","category-ekologia","category-region","category-wiadomosci","category-zdrowie"],"_links":{"self":[{"href":"https:\/\/gazetaregionalna.com\/index.php?rest_route=\/wp\/v2\/posts\/4604","targetHints":{"allow":["GET"]}}],"collection":[{"href":"https:\/\/gazetaregionalna.com\/index.php?rest_route=\/wp\/v2\/posts"}],"about":[{"href":"https:\/\/gazetaregionalna.com\/index.php?rest_route=\/wp\/v2\/types\/post"}],"author":[{"embeddable":true,"href":"https:\/\/gazetaregionalna.com\/index.php?rest_route=\/wp\/v2\/users\/3"}],"replies":[{"embeddable":true,"href":"https:\/\/gazetaregionalna.com\/index.php?rest_route=%2Fwp%2Fv2%2Fcomments&post=4604"}],"version-history":[{"count":1,"href":"https:\/\/gazetaregionalna.com\/index.php?rest_route=\/wp\/v2\/posts\/4604\/revisions"}],"predecessor-version":[{"id":4606,"href":"https:\/\/gazetaregionalna.com\/index.php?rest_route=\/wp\/v2\/posts\/4604\/revisions\/4606"}],"wp:featuredmedia":[{"embeddable":true,"href":"https:\/\/gazetaregionalna.com\/index.php?rest_route=\/wp\/v2\/media\/4605"}],"wp:attachment":[{"href":"https:\/\/gazetaregionalna.com\/index.php?rest_route=%2Fwp%2Fv2%2Fmedia&parent=4604"}],"wp:term":[{"taxonomy":"category","embeddable":true,"href":"https:\/\/gazetaregionalna.com\/index.php?rest_route=%2Fwp%2Fv2%2Fcategories&post=4604"},{"taxonomy":"post_tag","embeddable":true,"href":"https:\/\/gazetaregionalna.com\/index.php?rest_route=%2Fwp%2Fv2%2Ftags&post=4604"}],"curies":[{"name":"wp","href":"https:\/\/api.w.org\/{rel}","templated":true}]}}