{"id":46035,"date":"2021-06-28T06:16:37","date_gmt":"2021-06-28T06:16:37","guid":{"rendered":"https:\/\/gazetaregionalna.com\/?p=46035"},"modified":"2021-06-28T06:17:39","modified_gmt":"2021-06-28T06:17:39","slug":"honorowy-dawca-krwi-zasluzony-dla-zdrowia-narodu-pochodzi-z-czestochowskiej-policji","status":"publish","type":"post","link":"https:\/\/gazetaregionalna.com\/2021\/06\/28\/honorowy-dawca-krwi-zasluzony-dla-zdrowia-narodu-pochodzi-z-czestochowskiej-policji\/","title":{"rendered":"\u201eHonorowy Dawca Krwi &#8211; Zas\u0142u\u017cony dla Zdrowia Narodu\u201d pochodzi z cz\u0119stochowskiej policji"},"content":{"rendered":"\n<h3 class=\"wp-block-heading\"><strong>\u201eHonorowy Dawca Krwi &#8211; Zas\u0142u\u017cony dla Zdrowia Narodu\u201d pochodzi z cz\u0119stochowskiej policji. To sier\u017cant sztabowy Tomasz Szczepanek z Komisariatu III Policji w Cz\u0119stochowie.<\/strong><\/h3>\n\n\n\n<figure class=\"wp-block-gallery columns-3 is-cropped wp-block-gallery-1 is-layout-flex wp-block-gallery-is-layout-flex\"><ul class=\"blocks-gallery-grid\"><li class=\"blocks-gallery-item\"><figure><a href=\"https:\/\/gazetaregionalna.com\/wp-content\/uploads\/2021\/06\/42-661504.jpg\"><img decoding=\"async\" width=\"589\" height=\"429\" data-src=\"https:\/\/gazetaregionalna.com\/wp-content\/uploads\/2021\/06\/42-661504.jpg\" alt=\"\" data-id=\"46038\" data-full-url=\"https:\/\/gazetaregionalna.com\/wp-content\/uploads\/2021\/06\/42-661504.jpg\" data-link=\"https:\/\/gazetaregionalna.com\/?attachment_id=46038\" class=\"wp-image-46038 lazyload\" data-srcset=\"https:\/\/gazetaregionalna.com\/wp-content\/uploads\/2021\/06\/42-661504.jpg 589w, https:\/\/gazetaregionalna.com\/wp-content\/uploads\/2021\/06\/42-661504-300x219.jpg 300w, https:\/\/gazetaregionalna.com\/wp-content\/uploads\/2021\/06\/42-661504-577x420.jpg 577w, https:\/\/gazetaregionalna.com\/wp-content\/uploads\/2021\/06\/42-661504-324x235.jpg 324w\" data-sizes=\"(max-width: 589px) 100vw, 589px\" src=\"data:image\/svg+xml;base64,PHN2ZyB3aWR0aD0iMSIgaGVpZ2h0PSIxIiB4bWxucz0iaHR0cDovL3d3dy53My5vcmcvMjAwMC9zdmciPjwvc3ZnPg==\" style=\"--smush-placeholder-width: 589px; --smush-placeholder-aspect-ratio: 589\/429;\" \/><\/a><\/figure><\/li><li class=\"blocks-gallery-item\"><figure><a href=\"https:\/\/gazetaregionalna.com\/wp-content\/uploads\/2021\/06\/42-661505.jpg\"><img decoding=\"async\" width=\"456\" height=\"369\" data-src=\"https:\/\/gazetaregionalna.com\/wp-content\/uploads\/2021\/06\/42-661505.jpg\" alt=\"\" data-id=\"46039\" data-full-url=\"https:\/\/gazetaregionalna.com\/wp-content\/uploads\/2021\/06\/42-661505.jpg\" data-link=\"https:\/\/gazetaregionalna.com\/?attachment_id=46039\" class=\"wp-image-46039 lazyload\" data-srcset=\"https:\/\/gazetaregionalna.com\/wp-content\/uploads\/2021\/06\/42-661505.jpg 456w, https:\/\/gazetaregionalna.com\/wp-content\/uploads\/2021\/06\/42-661505-300x243.jpg 300w\" data-sizes=\"(max-width: 456px) 100vw, 456px\" src=\"data:image\/svg+xml;base64,PHN2ZyB3aWR0aD0iMSIgaGVpZ2h0PSIxIiB4bWxucz0iaHR0cDovL3d3dy53My5vcmcvMjAwMC9zdmciPjwvc3ZnPg==\" style=\"--smush-placeholder-width: 456px; --smush-placeholder-aspect-ratio: 456\/369;\" \/><\/a><\/figure><\/li><li class=\"blocks-gallery-item\"><figure><a href=\"https:\/\/gazetaregionalna.com\/wp-content\/uploads\/2021\/06\/42-661506.jpg\"><img decoding=\"async\" width=\"970\" height=\"727\" data-src=\"https:\/\/gazetaregionalna.com\/wp-content\/uploads\/2021\/06\/42-661506.jpg\" alt=\"\" data-id=\"46040\" data-full-url=\"https:\/\/gazetaregionalna.com\/wp-content\/uploads\/2021\/06\/42-661506.jpg\" data-link=\"https:\/\/gazetaregionalna.com\/?attachment_id=46040\" class=\"wp-image-46040 lazyload\" data-srcset=\"https:\/\/gazetaregionalna.com\/wp-content\/uploads\/2021\/06\/42-661506.jpg 970w, https:\/\/gazetaregionalna.com\/wp-content\/uploads\/2021\/06\/42-661506-300x225.jpg 300w, https:\/\/gazetaregionalna.com\/wp-content\/uploads\/2021\/06\/42-661506-768x576.jpg 768w, https:\/\/gazetaregionalna.com\/wp-content\/uploads\/2021\/06\/42-661506-696x522.jpg 696w, https:\/\/gazetaregionalna.com\/wp-content\/uploads\/2021\/06\/42-661506-560x420.jpg 560w, https:\/\/gazetaregionalna.com\/wp-content\/uploads\/2021\/06\/42-661506-80x60.jpg 80w, https:\/\/gazetaregionalna.com\/wp-content\/uploads\/2021\/06\/42-661506-265x198.jpg 265w\" data-sizes=\"(max-width: 970px) 100vw, 970px\" src=\"data:image\/svg+xml;base64,PHN2ZyB3aWR0aD0iMSIgaGVpZ2h0PSIxIiB4bWxucz0iaHR0cDovL3d3dy53My5vcmcvMjAwMC9zdmciPjwvc3ZnPg==\" style=\"--smush-placeholder-width: 970px; --smush-placeholder-aspect-ratio: 970\/727;\" \/><\/a><\/figure><\/li><\/ul><\/figure>\n\n\n\n<p>Policjant zosta\u0142 wyr\u00f3\u017cniony za wybitne zas\u0142ugi na rzecz ratowania ludzkiego \u017cycia i zdrowia oraz aktywn\u0105 dzia\u0142alno\u015b\u0107 w ruchu honorowego krwiodawstwa. Odda\u0142 ju\u017c ponad 20 litr\u00f3w krwi.<\/p>\n\n\n\n<p>Odznaczony funkcjonariusz jest honorowym dawc\u0105 krwi od 2006 roku. Od tego czasu, aby ratowa\u0107 ludzkie \u017cycie i zdrowie, odda\u0142 ju\u017c 21,6 litr\u00f3w krwi. Za swoj\u0105 postaw\u0119 cz\u0119stochowianin zosta\u0142 uhonorowany ministerialnym orderem \u201eHonorowego Dawcy Krwi &#8211; Zas\u0142u\u017cony dla Zdrowia Narodu\u201d.<\/p>\n\n\n\n<p>&#8211; To niezwykle wa\u017cne i presti\u017cowe odznaczenie nadawane jest honorowym dawcom krwi w uznaniu wybitnych zas\u0142ug na rzecz ratowania ludzkiego \u017cycia i zdrowia oraz aktywnej dzia\u0142alno\u015bci w ruchu honorowego krwiodawstwa \u2013 przekaza\u0142a podkom. Sabina Chyra-Giere\u015b, rzeczniczka cz\u0119stochowskiej policji. &#8211; Odznak\u0119 mog\u0105 otrzyma\u0107 zas\u0142u\u017ceni honorowi dawcy krwi, kt\u00f3rzy oddali co najmniej 20 litr\u00f3w krwi lub odpowiadaj\u0105c\u0105 tej obj\u0119to\u015bci ilo\u015b\u0107 jej innych sk\u0142adnik\u00f3w.<\/p>\n\n\n\n<p>Wyr\u00f3\u017cnionemu policjantowi gratulujemy.<\/p>\n","protected":false},"excerpt":{"rendered":"<p>\u201eHonorowy Dawca Krwi &#8211; Zas\u0142u\u017cony dla Zdrowia Narodu\u201d pochodzi z cz\u0119stochowskiej policji. To sier\u017cant sztabowy Tomasz Szczepanek z Komisariatu III Policji w Cz\u0119stochowie. Policjant<\/p>\n","protected":false},"author":7,"featured_media":46038,"comment_status":"open","ping_status":"open","sticky":false,"template":"","format":"standard","meta":{"_monsterinsights_skip_tracking":false,"_monsterinsights_sitenote_active":false,"_monsterinsights_sitenote_note":"","_monsterinsights_sitenote_category":0,"_uf_show_specific_survey":0,"_uf_disable_surveys":false,"footnotes":""},"categories":[94,3,2],"tags":[],"class_list":["post-46035","post","type-post","status-publish","format-standard","has-post-thumbnail","hentry","category-polecane","category-czestochowa-informacje","category-wiadomosci"],"_links":{"self":[{"href":"https:\/\/gazetaregionalna.com\/wp-json\/wp\/v2\/posts\/46035","targetHints":{"allow":["GET"]}}],"collection":[{"href":"https:\/\/gazetaregionalna.com\/wp-json\/wp\/v2\/posts"}],"about":[{"href":"https:\/\/gazetaregionalna.com\/wp-json\/wp\/v2\/types\/post"}],"author":[{"embeddable":true,"href":"https:\/\/gazetaregionalna.com\/wp-json\/wp\/v2\/users\/7"}],"replies":[{"embeddable":true,"href":"https:\/\/gazetaregionalna.com\/wp-json\/wp\/v2\/comments?post=46035"}],"version-history":[{"count":3,"href":"https:\/\/gazetaregionalna.com\/wp-json\/wp\/v2\/posts\/46035\/revisions"}],"predecessor-version":[{"id":46041,"href":"https:\/\/gazetaregionalna.com\/wp-json\/wp\/v2\/posts\/46035\/revisions\/46041"}],"wp:featuredmedia":[{"embeddable":true,"href":"https:\/\/gazetaregionalna.com\/wp-json\/wp\/v2\/media\/46038"}],"wp:attachment":[{"href":"https:\/\/gazetaregionalna.com\/wp-json\/wp\/v2\/media?parent=46035"}],"wp:term":[{"taxonomy":"category","embeddable":true,"href":"https:\/\/gazetaregionalna.com\/wp-json\/wp\/v2\/categories?post=46035"},{"taxonomy":"post_tag","embeddable":true,"href":"https:\/\/gazetaregionalna.com\/wp-json\/wp\/v2\/tags?post=46035"}],"curies":[{"name":"wp","href":"https:\/\/api.w.org\/{rel}","templated":true}]}}