{"id":45947,"date":"2021-06-27T07:34:49","date_gmt":"2021-06-27T07:34:49","guid":{"rendered":"https:\/\/gazetaregionalna.com\/?p=45947"},"modified":"2021-06-27T07:35:55","modified_gmt":"2021-06-27T07:35:55","slug":"kolejne-miejscowe-plany-zagospodarowania-przestrzennego-uchwalone-tym-razem-dla-dzielnic-czestochowka-parkitka-oraz-zwodzie-dabie","status":"publish","type":"post","link":"https:\/\/gazetaregionalna.com\/?p=45947","title":{"rendered":"Kolejne miejscowe plany zagospodarowania przestrzennego uchwalone. Tym razem dla dzielnic Cz\u0119stoch\u00f3wka-Parkitka oraz Zawodzie-D\u0105bie"},"content":{"rendered":"\n<h2 class=\"wp-block-heading\">Kolejne miejscowe plany zagospodarowania przestrzennego uchwalone. Tym razem dla dzielnic Cz\u0119stoch\u00f3wka-Parkitka oraz Zawodzie-D\u0105bie. Rada Miasta Cz\u0119stochowy przyj\u0119\u0142a uchwa\u0142y w sprawie przyst\u0105pienia do sporz\u0105dzenia miejscowych plan\u00f3w zagospodarowania przestrzennego dla rejonu ulicy Obro\u0144c\u00f3w Westerplatte oraz ulic Legion\u00f3w i Kusi\u0119ckiej.<\/h2>\n\n\n\n<p><br>Zainteresowani mog\u0105 sk\u0142ada\u0107 wnioski do obu plan\u00f3w w nieprzekraczalnym terminie do dnia 12 lipca.<\/p>\n\n\n\n<p><br>Wnioski nale\u017cy przes\u0142a\u0107 do Urz\u0119du Miasta Cz\u0119stochowy w formie papierowej na adres: Urz\u0105d Miasta Cz\u0119stochowy, ul. \u015al\u0105ska 11\/13, 42-217 Cz\u0119stochowa lub elektronicznej, w tym za pomoc\u0105 \u015brodk\u00f3w komunikacji elektronicznej, w szczeg\u00f3lno\u015bci poczty elektronicznej na adres: info@czestochowa.um.gov.pl. Formularz do wype\u0142nienia zamieszczony jest na stronie internetowej Urz\u0119du Miasta Cz\u0119stochowy \u2013 <a href=\"http:\/\/www.czestochowa.um.gov.pl\/umc\/urzad\/sprawy\/karta?symbol=PP004\" target=\"_blank\" rel=\"noreferrer noopener\">Wniosek do miejscowego planu zagospodarowania przestrzennego sk\u0142adany po og\u0142oszeniu o przyst\u0105pieniu do sporz\u0105dzenia planu miejscowego<\/a>.<br><br>Wniosek powinien zawiera\u0107 nazwisko, imi\u0119 albo nazw\u0119 oraz adres zamieszkania lub siedziby, przedmiot wniosku oraz oznaczenie nieruchomo\u015bci, kt\u00f3rej dotyczy.<\/p>\n\n\n\n<p>Rada Miasta Cz\u0119stochowy podj\u0119\u0142a uchwa\u0142y o przyst\u0105pieniu do obu plan\u00f3w 20 maja 2021 roku.<br><br>\u2022&nbsp;&nbsp; &nbsp;<a href=\"https:\/\/bip.czestochowa.pl\/attachments\/download\/103752\" target=\"_blank\" rel=\"noreferrer noopener\">Uchwa\u0142a w sprawie przyst\u0105pienia do sporz\u0105dzenia zmiany miejscowego planu zagospodarowania przestrzennego obszaru po\u0142o\u017conego w Cz\u0119stochowie w dzielnicy Zawodzie \u2013 D\u0105bie, w rejonie ulic: Legion\u00f3w i Kusi\u0119ckiej<\/a><\/p>\n\n\n\n<p>* <a href=\"https:\/\/bip.czestochowa.pl\/artykul\/2351\/1169975\/obwieszczenie-o-przystapieniu-do-sporzadzenia-zmiany-miejscowego-planu-zagospodarowania-przestrzennego-obszaru-polozonego-w-czestochowie-w-dzielnicy-zawodzie-dabie-w-rejonie-ulic-legionow-i-kusieckiej\" target=\"_blank\" rel=\"noreferrer noopener\">Obwieszczenie<\/a> o przyst\u0105pieniu do sporz\u0105dzenia zmiany miejscowego planu zagospodarowania przestrzennego obszaru po\u0142o\u017conego w Cz\u0119stochowie, w dzielnicy Zawodzie-D\u0105bie, w rejonie ulic: Legion\u00f3w i Kusi\u0119ckiej<br><br>\u2022&nbsp;&nbsp; &nbsp;<a href=\"https:\/\/bip.czestochowa.pl\/attachments\/download\/103750\" target=\"_blank\" rel=\"noreferrer noopener\">Uchwa\u0142a w sprawie przyst\u0105pienia do sporz\u0105dzenia miejscowego planu zagospodarowania przestrzennego obejmuj\u0105cego obszar po\u0142o\u017cony w Cz\u0119stochowie, w dzielnicy Cz\u0119stoch\u00f3wka-Parkitka, w rejonie ulicy Obro\u0144c\u00f3w Westerplatte<\/a><\/p>\n\n\n\n<p>* <a href=\"https:\/\/bip.czestochowa.pl\/artykul\/2351\/1169974\/obwieszczenie-o-przystapieniu-do-sporzadzenia-miejscowego-planu-zagospodarowania-przestrzennego-obejmujacego-obszar-polozony-w-czestochowie-w-dzielnicy-czestochowka-parkitka-w-rejonie-ulicy-obroncow-westerplatte\" target=\"_blank\" rel=\"noreferrer noopener\">Obwieszczenie<\/a> o przyst\u0105pieniu do sporz\u0105dzenia miejscowego planu zagospodarowania przestrzennego obejmuj\u0105cego obszar po\u0142o\u017cony w Cz\u0119stochowie, w dzielnicy Cz\u0119stoch\u00f3wka-Parkitka, w rejonie ulicy Obro\u0144c\u00f3w Westerplatte<\/p>\n","protected":false},"excerpt":{"rendered":"<p>Kolejne miejscowe plany zagospodarowania przestrzennego uchwalone. Tym razem dla dzielnic Cz\u0119stoch\u00f3wka-Parkitka oraz Zawodzie-D\u0105bie. Rada Miasta Cz\u0119stochowy przyj\u0119\u0142a uchwa\u0142y w sprawie przyst\u0105pienia do sporz\u0105dzenia miejscowych<\/p>\n","protected":false},"author":7,"featured_media":45949,"comment_status":"open","ping_status":"open","sticky":false,"template":"","format":"standard","meta":{"_monsterinsights_skip_tracking":false,"_monsterinsights_sitenote_active":false,"_monsterinsights_sitenote_note":"","_monsterinsights_sitenote_category":0,"_uf_show_specific_survey":0,"_uf_disable_surveys":false,"footnotes":""},"categories":[1,3,94,2],"tags":[],"class_list":["post-45947","post","type-post","status-publish","format-standard","has-post-thumbnail","hentry","category-uncategorized","category-czestochowa-informacje","category-polecane","category-wiadomosci"],"_links":{"self":[{"href":"https:\/\/gazetaregionalna.com\/index.php?rest_route=\/wp\/v2\/posts\/45947","targetHints":{"allow":["GET"]}}],"collection":[{"href":"https:\/\/gazetaregionalna.com\/index.php?rest_route=\/wp\/v2\/posts"}],"about":[{"href":"https:\/\/gazetaregionalna.com\/index.php?rest_route=\/wp\/v2\/types\/post"}],"author":[{"embeddable":true,"href":"https:\/\/gazetaregionalna.com\/index.php?rest_route=\/wp\/v2\/users\/7"}],"replies":[{"embeddable":true,"href":"https:\/\/gazetaregionalna.com\/index.php?rest_route=%2Fwp%2Fv2%2Fcomments&post=45947"}],"version-history":[{"count":2,"href":"https:\/\/gazetaregionalna.com\/index.php?rest_route=\/wp\/v2\/posts\/45947\/revisions"}],"predecessor-version":[{"id":45950,"href":"https:\/\/gazetaregionalna.com\/index.php?rest_route=\/wp\/v2\/posts\/45947\/revisions\/45950"}],"wp:featuredmedia":[{"embeddable":true,"href":"https:\/\/gazetaregionalna.com\/index.php?rest_route=\/wp\/v2\/media\/45949"}],"wp:attachment":[{"href":"https:\/\/gazetaregionalna.com\/index.php?rest_route=%2Fwp%2Fv2%2Fmedia&parent=45947"}],"wp:term":[{"taxonomy":"category","embeddable":true,"href":"https:\/\/gazetaregionalna.com\/index.php?rest_route=%2Fwp%2Fv2%2Fcategories&post=45947"},{"taxonomy":"post_tag","embeddable":true,"href":"https:\/\/gazetaregionalna.com\/index.php?rest_route=%2Fwp%2Fv2%2Ftags&post=45947"}],"curies":[{"name":"wp","href":"https:\/\/api.w.org\/{rel}","templated":true}]}}