{"id":4577,"date":"2019-07-23T16:33:17","date_gmt":"2019-07-23T16:33:17","guid":{"rendered":"https:\/\/gazetaregionalna.com\/?p=4577"},"modified":"2019-07-23T16:33:21","modified_gmt":"2019-07-23T16:33:21","slug":"przezyli-z-soba-wiele-lat","status":"publish","type":"post","link":"https:\/\/gazetaregionalna.com\/?p=4577","title":{"rendered":"Prze\u017cyli z sob\u0105 wiele lat"},"content":{"rendered":"\n<p>W cz\u0119stochowskim Urz\u0119dzie Stanu Cywilnego odby\u0142a si\u0119 mi\u0142a uroczysto\u015b\u0107 &#8211; szesna\u015bcie par \u015bwi\u0119towa\u0142o sw\u00f3j jubileusz. W uroczysto\u015bci uczestniczy\u0142y pary, kt\u00f3re maj\u0105 na swoim koncie Z\u0142ote Gody, czyli ponad 50 wsp\u00f3lnie sp\u0119dzonych lat.<br> Podczas dw\u00f3ch uroczysto\u015bci w Urz\u0119dzie Stanu Cywilnego \u017cyczenia jubilatom z\u0142o\u017cyli prezydent Krzysztof Matyjaszczyk oraz kierownik USC Rafa\u0142 Bednarz. Ka\u017cda z par otrzyma\u0142a r\u00f3wnie\u017c Medale za D\u0142ugoletnie Po\u017cycie Ma\u0142\u017ce\u0144skie przyznawany przez Prezydenta RP oraz kwiaty.          <\/p>\n\n\n\n<ul class=\"wp-block-gallery columns-3 is-cropped wp-block-gallery-1 is-layout-flex wp-block-gallery-is-layout-flex\"><li class=\"blocks-gallery-item\"><figure><img decoding=\"async\" width=\"900\" height=\"600\" data-src=\"https:\/\/gazetaregionalna.com\/wp-content\/uploads\/2019\/07\/2019-07-22-adamar-010a.jpg\" alt=\"\" data-id=\"4578\" data-link=\"https:\/\/gazetaregionalna.com\/?attachment_id=4578\" class=\"wp-image-4578 lazyload\" data-srcset=\"https:\/\/gazetaregionalna.com\/wp-content\/uploads\/2019\/07\/2019-07-22-adamar-010a.jpg 900w, https:\/\/gazetaregionalna.com\/wp-content\/uploads\/2019\/07\/2019-07-22-adamar-010a-300x200.jpg 300w, https:\/\/gazetaregionalna.com\/wp-content\/uploads\/2019\/07\/2019-07-22-adamar-010a-768x512.jpg 768w\" data-sizes=\"(max-width: 900px) 100vw, 900px\" src=\"data:image\/svg+xml;base64,PHN2ZyB3aWR0aD0iMSIgaGVpZ2h0PSIxIiB4bWxucz0iaHR0cDovL3d3dy53My5vcmcvMjAwMC9zdmciPjwvc3ZnPg==\" style=\"--smush-placeholder-width: 900px; --smush-placeholder-aspect-ratio: 900\/600;\" \/><\/figure><\/li><li class=\"blocks-gallery-item\"><figure><img decoding=\"async\" width=\"900\" height=\"600\" data-src=\"https:\/\/gazetaregionalna.com\/wp-content\/uploads\/2019\/07\/2019-07-22-adamar-012a.jpg\" alt=\"\" data-id=\"4579\" data-link=\"https:\/\/gazetaregionalna.com\/?attachment_id=4579\" class=\"wp-image-4579 lazyload\" data-srcset=\"https:\/\/gazetaregionalna.com\/wp-content\/uploads\/2019\/07\/2019-07-22-adamar-012a.jpg 900w, https:\/\/gazetaregionalna.com\/wp-content\/uploads\/2019\/07\/2019-07-22-adamar-012a-300x200.jpg 300w, https:\/\/gazetaregionalna.com\/wp-content\/uploads\/2019\/07\/2019-07-22-adamar-012a-768x512.jpg 768w\" data-sizes=\"(max-width: 900px) 100vw, 900px\" src=\"data:image\/svg+xml;base64,PHN2ZyB3aWR0aD0iMSIgaGVpZ2h0PSIxIiB4bWxucz0iaHR0cDovL3d3dy53My5vcmcvMjAwMC9zdmciPjwvc3ZnPg==\" style=\"--smush-placeholder-width: 900px; --smush-placeholder-aspect-ratio: 900\/600;\" \/><\/figure><\/li><li class=\"blocks-gallery-item\"><figure><img decoding=\"async\" width=\"900\" height=\"600\" data-src=\"https:\/\/gazetaregionalna.com\/wp-content\/uploads\/2019\/07\/2019-07-22-adamar-014e.jpg\" alt=\"\" data-id=\"4580\" data-link=\"https:\/\/gazetaregionalna.com\/?attachment_id=4580\" class=\"wp-image-4580 lazyload\" data-srcset=\"https:\/\/gazetaregionalna.com\/wp-content\/uploads\/2019\/07\/2019-07-22-adamar-014e.jpg 900w, https:\/\/gazetaregionalna.com\/wp-content\/uploads\/2019\/07\/2019-07-22-adamar-014e-300x200.jpg 300w, https:\/\/gazetaregionalna.com\/wp-content\/uploads\/2019\/07\/2019-07-22-adamar-014e-768x512.jpg 768w\" data-sizes=\"(max-width: 900px) 100vw, 900px\" src=\"data:image\/svg+xml;base64,PHN2ZyB3aWR0aD0iMSIgaGVpZ2h0PSIxIiB4bWxucz0iaHR0cDovL3d3dy53My5vcmcvMjAwMC9zdmciPjwvc3ZnPg==\" style=\"--smush-placeholder-width: 900px; --smush-placeholder-aspect-ratio: 900\/600;\" \/><\/figure><\/li><li class=\"blocks-gallery-item\"><figure><img decoding=\"async\" width=\"900\" height=\"600\" data-src=\"https:\/\/gazetaregionalna.com\/wp-content\/uploads\/2019\/07\/2019-07-22-adamar-014g.jpg\" alt=\"\" data-id=\"4581\" data-link=\"https:\/\/gazetaregionalna.com\/?attachment_id=4581\" class=\"wp-image-4581 lazyload\" data-srcset=\"https:\/\/gazetaregionalna.com\/wp-content\/uploads\/2019\/07\/2019-07-22-adamar-014g.jpg 900w, https:\/\/gazetaregionalna.com\/wp-content\/uploads\/2019\/07\/2019-07-22-adamar-014g-300x200.jpg 300w, https:\/\/gazetaregionalna.com\/wp-content\/uploads\/2019\/07\/2019-07-22-adamar-014g-768x512.jpg 768w\" data-sizes=\"(max-width: 900px) 100vw, 900px\" src=\"data:image\/svg+xml;base64,PHN2ZyB3aWR0aD0iMSIgaGVpZ2h0PSIxIiB4bWxucz0iaHR0cDovL3d3dy53My5vcmcvMjAwMC9zdmciPjwvc3ZnPg==\" style=\"--smush-placeholder-width: 900px; --smush-placeholder-aspect-ratio: 900\/600;\" \/><\/figure><\/li><li class=\"blocks-gallery-item\"><figure><img decoding=\"async\" width=\"900\" height=\"599\" data-src=\"https:\/\/gazetaregionalna.com\/wp-content\/uploads\/2019\/07\/dsc_0295.jpg\" alt=\"\" data-id=\"4582\" data-link=\"https:\/\/gazetaregionalna.com\/?attachment_id=4582\" class=\"wp-image-4582 lazyload\" data-srcset=\"https:\/\/gazetaregionalna.com\/wp-content\/uploads\/2019\/07\/dsc_0295.jpg 900w, https:\/\/gazetaregionalna.com\/wp-content\/uploads\/2019\/07\/dsc_0295-300x200.jpg 300w, https:\/\/gazetaregionalna.com\/wp-content\/uploads\/2019\/07\/dsc_0295-768x511.jpg 768w\" data-sizes=\"(max-width: 900px) 100vw, 900px\" src=\"data:image\/svg+xml;base64,PHN2ZyB3aWR0aD0iMSIgaGVpZ2h0PSIxIiB4bWxucz0iaHR0cDovL3d3dy53My5vcmcvMjAwMC9zdmciPjwvc3ZnPg==\" style=\"--smush-placeholder-width: 900px; --smush-placeholder-aspect-ratio: 900\/599;\" \/><\/figure><\/li><li class=\"blocks-gallery-item\"><figure><img decoding=\"async\" width=\"900\" height=\"600\" data-src=\"https:\/\/gazetaregionalna.com\/wp-content\/uploads\/2019\/07\/dsc_0344_4.jpg\" alt=\"\" data-id=\"4583\" data-link=\"https:\/\/gazetaregionalna.com\/?attachment_id=4583\" class=\"wp-image-4583 lazyload\" data-srcset=\"https:\/\/gazetaregionalna.com\/wp-content\/uploads\/2019\/07\/dsc_0344_4.jpg 900w, https:\/\/gazetaregionalna.com\/wp-content\/uploads\/2019\/07\/dsc_0344_4-300x200.jpg 300w, https:\/\/gazetaregionalna.com\/wp-content\/uploads\/2019\/07\/dsc_0344_4-768x512.jpg 768w\" data-sizes=\"(max-width: 900px) 100vw, 900px\" src=\"data:image\/svg+xml;base64,PHN2ZyB3aWR0aD0iMSIgaGVpZ2h0PSIxIiB4bWxucz0iaHR0cDovL3d3dy53My5vcmcvMjAwMC9zdmciPjwvc3ZnPg==\" style=\"--smush-placeholder-width: 900px; --smush-placeholder-aspect-ratio: 900\/600;\" \/><\/figure><\/li><li class=\"blocks-gallery-item\"><figure><img decoding=\"async\" width=\"900\" height=\"600\" data-src=\"https:\/\/gazetaregionalna.com\/wp-content\/uploads\/2019\/07\/dsc_0351.jpg\" alt=\"\" data-id=\"4584\" data-link=\"https:\/\/gazetaregionalna.com\/?attachment_id=4584\" class=\"wp-image-4584 lazyload\" data-srcset=\"https:\/\/gazetaregionalna.com\/wp-content\/uploads\/2019\/07\/dsc_0351.jpg 900w, https:\/\/gazetaregionalna.com\/wp-content\/uploads\/2019\/07\/dsc_0351-300x200.jpg 300w, https:\/\/gazetaregionalna.com\/wp-content\/uploads\/2019\/07\/dsc_0351-768x512.jpg 768w\" data-sizes=\"(max-width: 900px) 100vw, 900px\" src=\"data:image\/svg+xml;base64,PHN2ZyB3aWR0aD0iMSIgaGVpZ2h0PSIxIiB4bWxucz0iaHR0cDovL3d3dy53My5vcmcvMjAwMC9zdmciPjwvc3ZnPg==\" style=\"--smush-placeholder-width: 900px; --smush-placeholder-aspect-ratio: 900\/600;\" \/><\/figure><\/li><li class=\"blocks-gallery-item\"><figure><img decoding=\"async\" width=\"899\" height=\"600\" data-src=\"https:\/\/gazetaregionalna.com\/wp-content\/uploads\/2019\/07\/dsc_0469_3.jpg\" alt=\"\" data-id=\"4585\" data-link=\"https:\/\/gazetaregionalna.com\/?attachment_id=4585\" class=\"wp-image-4585 lazyload\" data-srcset=\"https:\/\/gazetaregionalna.com\/wp-content\/uploads\/2019\/07\/dsc_0469_3.jpg 899w, https:\/\/gazetaregionalna.com\/wp-content\/uploads\/2019\/07\/dsc_0469_3-300x200.jpg 300w, https:\/\/gazetaregionalna.com\/wp-content\/uploads\/2019\/07\/dsc_0469_3-768x513.jpg 768w\" data-sizes=\"(max-width: 899px) 100vw, 899px\" src=\"data:image\/svg+xml;base64,PHN2ZyB3aWR0aD0iMSIgaGVpZ2h0PSIxIiB4bWxucz0iaHR0cDovL3d3dy53My5vcmcvMjAwMC9zdmciPjwvc3ZnPg==\" style=\"--smush-placeholder-width: 899px; --smush-placeholder-aspect-ratio: 899\/600;\" \/><\/figure><\/li><li class=\"blocks-gallery-item\"><figure><img decoding=\"async\" width=\"900\" height=\"600\" data-src=\"https:\/\/gazetaregionalna.com\/wp-content\/uploads\/2019\/07\/dsc_0525_1.jpg\" alt=\"\" data-id=\"4586\" data-link=\"https:\/\/gazetaregionalna.com\/?attachment_id=4586\" class=\"wp-image-4586 lazyload\" data-srcset=\"https:\/\/gazetaregionalna.com\/wp-content\/uploads\/2019\/07\/dsc_0525_1.jpg 900w, https:\/\/gazetaregionalna.com\/wp-content\/uploads\/2019\/07\/dsc_0525_1-300x200.jpg 300w, https:\/\/gazetaregionalna.com\/wp-content\/uploads\/2019\/07\/dsc_0525_1-768x512.jpg 768w\" data-sizes=\"(max-width: 900px) 100vw, 900px\" src=\"data:image\/svg+xml;base64,PHN2ZyB3aWR0aD0iMSIgaGVpZ2h0PSIxIiB4bWxucz0iaHR0cDovL3d3dy53My5vcmcvMjAwMC9zdmciPjwvc3ZnPg==\" style=\"--smush-placeholder-width: 900px; --smush-placeholder-aspect-ratio: 900\/600;\" \/><\/figure><\/li><li class=\"blocks-gallery-item\"><figure><img decoding=\"async\" width=\"900\" height=\"599\" data-src=\"https:\/\/gazetaregionalna.com\/wp-content\/uploads\/2019\/07\/dsc_0539_4.jpg\" alt=\"\" data-id=\"4587\" data-link=\"https:\/\/gazetaregionalna.com\/?attachment_id=4587\" class=\"wp-image-4587 lazyload\" data-srcset=\"https:\/\/gazetaregionalna.com\/wp-content\/uploads\/2019\/07\/dsc_0539_4.jpg 900w, https:\/\/gazetaregionalna.com\/wp-content\/uploads\/2019\/07\/dsc_0539_4-300x200.jpg 300w, https:\/\/gazetaregionalna.com\/wp-content\/uploads\/2019\/07\/dsc_0539_4-768x511.jpg 768w\" data-sizes=\"(max-width: 900px) 100vw, 900px\" src=\"data:image\/svg+xml;base64,PHN2ZyB3aWR0aD0iMSIgaGVpZ2h0PSIxIiB4bWxucz0iaHR0cDovL3d3dy53My5vcmcvMjAwMC9zdmciPjwvc3ZnPg==\" style=\"--smush-placeholder-width: 900px; --smush-placeholder-aspect-ratio: 900\/599;\" \/><\/figure><\/li><li class=\"blocks-gallery-item\"><figure><img decoding=\"async\" width=\"900\" height=\"600\" data-src=\"https:\/\/gazetaregionalna.com\/wp-content\/uploads\/2019\/07\/pielgrzymka_2018_slider-1.jpg\" alt=\"\" data-id=\"4588\" data-link=\"https:\/\/gazetaregionalna.com\/?attachment_id=4588\" class=\"wp-image-4588 lazyload\" data-srcset=\"https:\/\/gazetaregionalna.com\/wp-content\/uploads\/2019\/07\/pielgrzymka_2018_slider-1.jpg 900w, https:\/\/gazetaregionalna.com\/wp-content\/uploads\/2019\/07\/pielgrzymka_2018_slider-1-300x200.jpg 300w, https:\/\/gazetaregionalna.com\/wp-content\/uploads\/2019\/07\/pielgrzymka_2018_slider-1-768x512.jpg 768w\" data-sizes=\"(max-width: 900px) 100vw, 900px\" src=\"data:image\/svg+xml;base64,PHN2ZyB3aWR0aD0iMSIgaGVpZ2h0PSIxIiB4bWxucz0iaHR0cDovL3d3dy53My5vcmcvMjAwMC9zdmciPjwvc3ZnPg==\" style=\"--smush-placeholder-width: 900px; --smush-placeholder-aspect-ratio: 900\/600;\" \/><\/figure><\/li><\/ul>\n\n\n\n<p><br> Lista ma\u0142\u017conk\u00f3w, kt\u00f3rzy uhonorowani zostali medalami: Krystyna i Jerzy Motylowie, Alicja i Janusz Poniedzia\u0142kowie, Aleksandra i January Pietrzakowie , Marianna i J\u00f3zef Stasiakowie, Anna i Grzegorz Szusterowie,  Ewa i Kazimierz \u015awitalscy, Longina i Marian Swatowie,  Maria i J\u00f3zef Szymczykowie, Helena i Zbigniew \u015aled\u017a,  Halina i Andrzej Skuza, Barbara i Andrzej Sandakowie, Genowefa i Kazimierz Sajko, Danuta i Daniel W\u0105c\u0142aw, Barbara i W\u0142adys\u0142aw Wo\u017aniakowie, Krystyna i Andrzej Wierzbi\u0144scy oraz Marianna i Ryszard Wierzbowie.<\/p>\n","protected":false},"excerpt":{"rendered":"<p>W cz\u0119stochowskim Urz\u0119dzie Stanu Cywilnego odby\u0142a si\u0119 mi\u0142a uroczysto\u015b\u0107 &#8211; szesna\u015bcie par \u015bwi\u0119towa\u0142o sw\u00f3j jubileusz. W uroczysto\u015bci uczestniczy\u0142y pary, kt\u00f3re maj\u0105 na swoim koncie<\/p>\n","protected":false},"author":3,"featured_media":4588,"comment_status":"open","ping_status":"open","sticky":false,"template":"","format":"standard","meta":{"_monsterinsights_skip_tracking":false,"_monsterinsights_sitenote_active":false,"_monsterinsights_sitenote_note":"","_monsterinsights_sitenote_category":0,"_uf_show_specific_survey":0,"_uf_disable_surveys":false,"footnotes":""},"categories":[3,2],"tags":[],"class_list":["post-4577","post","type-post","status-publish","format-standard","has-post-thumbnail","hentry","category-czestochowa-informacje","category-wiadomosci"],"_links":{"self":[{"href":"https:\/\/gazetaregionalna.com\/index.php?rest_route=\/wp\/v2\/posts\/4577","targetHints":{"allow":["GET"]}}],"collection":[{"href":"https:\/\/gazetaregionalna.com\/index.php?rest_route=\/wp\/v2\/posts"}],"about":[{"href":"https:\/\/gazetaregionalna.com\/index.php?rest_route=\/wp\/v2\/types\/post"}],"author":[{"embeddable":true,"href":"https:\/\/gazetaregionalna.com\/index.php?rest_route=\/wp\/v2\/users\/3"}],"replies":[{"embeddable":true,"href":"https:\/\/gazetaregionalna.com\/index.php?rest_route=%2Fwp%2Fv2%2Fcomments&post=4577"}],"version-history":[{"count":1,"href":"https:\/\/gazetaregionalna.com\/index.php?rest_route=\/wp\/v2\/posts\/4577\/revisions"}],"predecessor-version":[{"id":4589,"href":"https:\/\/gazetaregionalna.com\/index.php?rest_route=\/wp\/v2\/posts\/4577\/revisions\/4589"}],"wp:featuredmedia":[{"embeddable":true,"href":"https:\/\/gazetaregionalna.com\/index.php?rest_route=\/wp\/v2\/media\/4588"}],"wp:attachment":[{"href":"https:\/\/gazetaregionalna.com\/index.php?rest_route=%2Fwp%2Fv2%2Fmedia&parent=4577"}],"wp:term":[{"taxonomy":"category","embeddable":true,"href":"https:\/\/gazetaregionalna.com\/index.php?rest_route=%2Fwp%2Fv2%2Fcategories&post=4577"},{"taxonomy":"post_tag","embeddable":true,"href":"https:\/\/gazetaregionalna.com\/index.php?rest_route=%2Fwp%2Fv2%2Ftags&post=4577"}],"curies":[{"name":"wp","href":"https:\/\/api.w.org\/{rel}","templated":true}]}}