{"id":45725,"date":"2021-06-25T04:52:00","date_gmt":"2021-06-25T04:52:00","guid":{"rendered":"https:\/\/gazetaregionalna.com\/?p=45725"},"modified":"2021-06-24T18:57:55","modified_gmt":"2021-06-24T18:57:55","slug":"bezdomne-zwierzeta-czekaja-na-dom-nasza-akcja-pod-haslem-adoptuj-mnie-trwa","status":"publish","type":"post","link":"https:\/\/gazetaregionalna.com\/?p=45725","title":{"rendered":"Bezdomne zwierz\u0119ta czekaj\u0105 na dom. Nasza akcja pod has\u0142em &#8222;Adoptuj mnie&#8221; trwa"},"content":{"rendered":"\n<h2 class=\"wp-block-heading\">Bezdomne zwierz\u0119ta czekaj\u0105 na dom. Nasza akcja pod has\u0142em &#8222;Adoptuj mnie&#8221; trwa. Razem ze Stowarzyszeniem Cz\u0119stochowa dla Zwierz\u0105t oraz Schroniskiem dla Bezdomnych Zwierz\u0105t chcemy pom\u00f3c tym cudownym czworonogom.<\/h2>\n\n\n\n<p>Oto kolejne wspania\u0142e psy i koty, kt\u00f3re czekaj\u0105 na kochaj\u0105cego cz\u0142owieka.<\/p>\n\n\n\n<p><strong>Nobel&nbsp;<\/strong> (ur.2013) <\/p>\n\n\n\n<figure class=\"wp-block-gallery columns-3 is-cropped wp-block-gallery-1 is-layout-flex wp-block-gallery-is-layout-flex\"><ul class=\"blocks-gallery-grid\"><li class=\"blocks-gallery-item\"><figure><a href=\"https:\/\/gazetaregionalna.com\/wp-content\/uploads\/2021\/06\/199284444_108179458073541_5949871884228421506_n.jpg\"><img decoding=\"async\" width=\"752\" height=\"985\" data-src=\"https:\/\/gazetaregionalna.com\/wp-content\/uploads\/2021\/06\/199284444_108179458073541_5949871884228421506_n.jpg\" alt=\"\" data-id=\"45729\" data-full-url=\"https:\/\/gazetaregionalna.com\/wp-content\/uploads\/2021\/06\/199284444_108179458073541_5949871884228421506_n.jpg\" data-link=\"https:\/\/gazetaregionalna.com\/?attachment_id=45729\" class=\"wp-image-45729 lazyload\" data-srcset=\"https:\/\/gazetaregionalna.com\/wp-content\/uploads\/2021\/06\/199284444_108179458073541_5949871884228421506_n.jpg 752w, https:\/\/gazetaregionalna.com\/wp-content\/uploads\/2021\/06\/199284444_108179458073541_5949871884228421506_n-229x300.jpg 229w, https:\/\/gazetaregionalna.com\/wp-content\/uploads\/2021\/06\/199284444_108179458073541_5949871884228421506_n-696x912.jpg 696w, https:\/\/gazetaregionalna.com\/wp-content\/uploads\/2021\/06\/199284444_108179458073541_5949871884228421506_n-321x420.jpg 321w\" data-sizes=\"(max-width: 752px) 100vw, 752px\" src=\"data:image\/svg+xml;base64,PHN2ZyB3aWR0aD0iMSIgaGVpZ2h0PSIxIiB4bWxucz0iaHR0cDovL3d3dy53My5vcmcvMjAwMC9zdmciPjwvc3ZnPg==\" style=\"--smush-placeholder-width: 752px; --smush-placeholder-aspect-ratio: 752\/985;\" \/><\/a><\/figure><\/li><li class=\"blocks-gallery-item\"><figure><a href=\"https:\/\/gazetaregionalna.com\/wp-content\/uploads\/2021\/06\/201832830_538818277127371_4579414347029253704_n.jpg\"><img decoding=\"async\" width=\"990\" height=\"928\" data-src=\"https:\/\/gazetaregionalna.com\/wp-content\/uploads\/2021\/06\/201832830_538818277127371_4579414347029253704_n.jpg\" alt=\"\" data-id=\"45730\" data-full-url=\"https:\/\/gazetaregionalna.com\/wp-content\/uploads\/2021\/06\/201832830_538818277127371_4579414347029253704_n.jpg\" data-link=\"https:\/\/gazetaregionalna.com\/?attachment_id=45730\" class=\"wp-image-45730 lazyload\" data-srcset=\"https:\/\/gazetaregionalna.com\/wp-content\/uploads\/2021\/06\/201832830_538818277127371_4579414347029253704_n.jpg 990w, https:\/\/gazetaregionalna.com\/wp-content\/uploads\/2021\/06\/201832830_538818277127371_4579414347029253704_n-300x281.jpg 300w, https:\/\/gazetaregionalna.com\/wp-content\/uploads\/2021\/06\/201832830_538818277127371_4579414347029253704_n-768x720.jpg 768w, https:\/\/gazetaregionalna.com\/wp-content\/uploads\/2021\/06\/201832830_538818277127371_4579414347029253704_n-696x652.jpg 696w, https:\/\/gazetaregionalna.com\/wp-content\/uploads\/2021\/06\/201832830_538818277127371_4579414347029253704_n-448x420.jpg 448w\" data-sizes=\"(max-width: 990px) 100vw, 990px\" src=\"data:image\/svg+xml;base64,PHN2ZyB3aWR0aD0iMSIgaGVpZ2h0PSIxIiB4bWxucz0iaHR0cDovL3d3dy53My5vcmcvMjAwMC9zdmciPjwvc3ZnPg==\" style=\"--smush-placeholder-width: 990px; --smush-placeholder-aspect-ratio: 990\/928;\" \/><\/a><\/figure><\/li><li class=\"blocks-gallery-item\"><figure><a href=\"https:\/\/gazetaregionalna.com\/wp-content\/uploads\/2021\/06\/201885436_478868349856060_4666762915497644434_n.jpg\"><img decoding=\"async\" width=\"1024\" height=\"768\" data-src=\"https:\/\/gazetaregionalna.com\/wp-content\/uploads\/2021\/06\/201885436_478868349856060_4666762915497644434_n-1024x768.jpg\" alt=\"\" data-id=\"45731\" data-full-url=\"https:\/\/gazetaregionalna.com\/wp-content\/uploads\/2021\/06\/201885436_478868349856060_4666762915497644434_n.jpg\" data-link=\"https:\/\/gazetaregionalna.com\/?attachment_id=45731\" class=\"wp-image-45731 lazyload\" data-srcset=\"https:\/\/gazetaregionalna.com\/wp-content\/uploads\/2021\/06\/201885436_478868349856060_4666762915497644434_n-1024x768.jpg 1024w, https:\/\/gazetaregionalna.com\/wp-content\/uploads\/2021\/06\/201885436_478868349856060_4666762915497644434_n-300x225.jpg 300w, https:\/\/gazetaregionalna.com\/wp-content\/uploads\/2021\/06\/201885436_478868349856060_4666762915497644434_n-768x576.jpg 768w, https:\/\/gazetaregionalna.com\/wp-content\/uploads\/2021\/06\/201885436_478868349856060_4666762915497644434_n-1536x1152.jpg 1536w, https:\/\/gazetaregionalna.com\/wp-content\/uploads\/2021\/06\/201885436_478868349856060_4666762915497644434_n-696x522.jpg 696w, https:\/\/gazetaregionalna.com\/wp-content\/uploads\/2021\/06\/201885436_478868349856060_4666762915497644434_n-1068x801.jpg 1068w, https:\/\/gazetaregionalna.com\/wp-content\/uploads\/2021\/06\/201885436_478868349856060_4666762915497644434_n-1920x1440.jpg 1920w, https:\/\/gazetaregionalna.com\/wp-content\/uploads\/2021\/06\/201885436_478868349856060_4666762915497644434_n-560x420.jpg 560w, https:\/\/gazetaregionalna.com\/wp-content\/uploads\/2021\/06\/201885436_478868349856060_4666762915497644434_n-80x60.jpg 80w, https:\/\/gazetaregionalna.com\/wp-content\/uploads\/2021\/06\/201885436_478868349856060_4666762915497644434_n-265x198.jpg 265w, https:\/\/gazetaregionalna.com\/wp-content\/uploads\/2021\/06\/201885436_478868349856060_4666762915497644434_n.jpg 1200w\" data-sizes=\"(max-width: 1024px) 100vw, 1024px\" src=\"data:image\/svg+xml;base64,PHN2ZyB3aWR0aD0iMSIgaGVpZ2h0PSIxIiB4bWxucz0iaHR0cDovL3d3dy53My5vcmcvMjAwMC9zdmciPjwvc3ZnPg==\" style=\"--smush-placeholder-width: 1024px; --smush-placeholder-aspect-ratio: 1024\/768;\" \/><\/a><\/figure><\/li><\/ul><\/figure>\n\n\n\n<p>To mi\u0142y i sympatyczny piesek. Jest jeszcze troch\u0119 wystraszony sytuacj\u0105, w kt\u00f3rej si\u0119 znalaz\u0142. Lubi g\u0142askanie i kontakt<br>z cz\u0142owiekiem. Nie dogaduje si\u0119 z innymi pieskami, dlatego szukamy dla niego domu bez innych zwierz\u0105t.<br>Nobel czeka na nowy, kochaj\u0105cy i odpowiedzialny dom. Trafi\u0142 do Schroniska dnia 23.04.2021 r. Numer karty: <strong>167\/21, boks<\/strong>: <strong>O 9<\/strong><br><strong>Kontakt w sprawie adopcji: Schronisko dla Bezdomnych Zwierz\u0105t<\/strong><br><strong>w Cz\u0119stochowie ul. Gilowa 44\/46 tel. 34 361-65-66<\/strong><\/p>\n\n\n\n<p><strong>Frostek<\/strong>&nbsp; (ur.2012) <\/p>\n\n\n\n<figure class=\"wp-block-gallery columns-3 is-cropped wp-block-gallery-2 is-layout-flex wp-block-gallery-is-layout-flex\"><ul class=\"blocks-gallery-grid\"><li class=\"blocks-gallery-item\"><figure><a href=\"https:\/\/gazetaregionalna.com\/wp-content\/uploads\/2021\/06\/199623125_497354151502571_8148665491955459144_n.jpg\"><img decoding=\"async\" width=\"1024\" height=\"768\" data-src=\"https:\/\/gazetaregionalna.com\/wp-content\/uploads\/2021\/06\/199623125_497354151502571_8148665491955459144_n-1024x768.jpg\" alt=\"\" data-id=\"45735\" data-full-url=\"https:\/\/gazetaregionalna.com\/wp-content\/uploads\/2021\/06\/199623125_497354151502571_8148665491955459144_n.jpg\" data-link=\"https:\/\/gazetaregionalna.com\/?attachment_id=45735\" class=\"wp-image-45735 lazyload\" data-srcset=\"https:\/\/gazetaregionalna.com\/wp-content\/uploads\/2021\/06\/199623125_497354151502571_8148665491955459144_n-1024x768.jpg 1024w, https:\/\/gazetaregionalna.com\/wp-content\/uploads\/2021\/06\/199623125_497354151502571_8148665491955459144_n-300x225.jpg 300w, https:\/\/gazetaregionalna.com\/wp-content\/uploads\/2021\/06\/199623125_497354151502571_8148665491955459144_n-768x576.jpg 768w, https:\/\/gazetaregionalna.com\/wp-content\/uploads\/2021\/06\/199623125_497354151502571_8148665491955459144_n-1536x1152.jpg 1536w, https:\/\/gazetaregionalna.com\/wp-content\/uploads\/2021\/06\/199623125_497354151502571_8148665491955459144_n-696x522.jpg 696w, https:\/\/gazetaregionalna.com\/wp-content\/uploads\/2021\/06\/199623125_497354151502571_8148665491955459144_n-1068x801.jpg 1068w, https:\/\/gazetaregionalna.com\/wp-content\/uploads\/2021\/06\/199623125_497354151502571_8148665491955459144_n-560x420.jpg 560w, https:\/\/gazetaregionalna.com\/wp-content\/uploads\/2021\/06\/199623125_497354151502571_8148665491955459144_n-80x60.jpg 80w, https:\/\/gazetaregionalna.com\/wp-content\/uploads\/2021\/06\/199623125_497354151502571_8148665491955459144_n-265x198.jpg 265w, https:\/\/gazetaregionalna.com\/wp-content\/uploads\/2021\/06\/199623125_497354151502571_8148665491955459144_n.jpg 1200w\" data-sizes=\"(max-width: 1024px) 100vw, 1024px\" src=\"data:image\/svg+xml;base64,PHN2ZyB3aWR0aD0iMSIgaGVpZ2h0PSIxIiB4bWxucz0iaHR0cDovL3d3dy53My5vcmcvMjAwMC9zdmciPjwvc3ZnPg==\" style=\"--smush-placeholder-width: 1024px; --smush-placeholder-aspect-ratio: 1024\/768;\" \/><\/a><\/figure><\/li><li class=\"blocks-gallery-item\"><figure><a href=\"https:\/\/gazetaregionalna.com\/wp-content\/uploads\/2021\/06\/201792565_321415883024558_5346679311146562719_n.jpg\"><img decoding=\"async\" width=\"1024\" height=\"768\" data-src=\"https:\/\/gazetaregionalna.com\/wp-content\/uploads\/2021\/06\/201792565_321415883024558_5346679311146562719_n-1024x768.jpg\" alt=\"\" data-id=\"45736\" data-full-url=\"https:\/\/gazetaregionalna.com\/wp-content\/uploads\/2021\/06\/201792565_321415883024558_5346679311146562719_n.jpg\" data-link=\"https:\/\/gazetaregionalna.com\/?attachment_id=45736\" class=\"wp-image-45736 lazyload\" data-srcset=\"https:\/\/gazetaregionalna.com\/wp-content\/uploads\/2021\/06\/201792565_321415883024558_5346679311146562719_n-1024x768.jpg 1024w, https:\/\/gazetaregionalna.com\/wp-content\/uploads\/2021\/06\/201792565_321415883024558_5346679311146562719_n-300x225.jpg 300w, https:\/\/gazetaregionalna.com\/wp-content\/uploads\/2021\/06\/201792565_321415883024558_5346679311146562719_n-768x576.jpg 768w, https:\/\/gazetaregionalna.com\/wp-content\/uploads\/2021\/06\/201792565_321415883024558_5346679311146562719_n-1536x1152.jpg 1536w, https:\/\/gazetaregionalna.com\/wp-content\/uploads\/2021\/06\/201792565_321415883024558_5346679311146562719_n-696x522.jpg 696w, https:\/\/gazetaregionalna.com\/wp-content\/uploads\/2021\/06\/201792565_321415883024558_5346679311146562719_n-1068x801.jpg 1068w, https:\/\/gazetaregionalna.com\/wp-content\/uploads\/2021\/06\/201792565_321415883024558_5346679311146562719_n-1920x1440.jpg 1920w, https:\/\/gazetaregionalna.com\/wp-content\/uploads\/2021\/06\/201792565_321415883024558_5346679311146562719_n-560x420.jpg 560w, https:\/\/gazetaregionalna.com\/wp-content\/uploads\/2021\/06\/201792565_321415883024558_5346679311146562719_n-80x60.jpg 80w, https:\/\/gazetaregionalna.com\/wp-content\/uploads\/2021\/06\/201792565_321415883024558_5346679311146562719_n-265x198.jpg 265w, https:\/\/gazetaregionalna.com\/wp-content\/uploads\/2021\/06\/201792565_321415883024558_5346679311146562719_n.jpg 1200w\" data-sizes=\"(max-width: 1024px) 100vw, 1024px\" src=\"data:image\/svg+xml;base64,PHN2ZyB3aWR0aD0iMSIgaGVpZ2h0PSIxIiB4bWxucz0iaHR0cDovL3d3dy53My5vcmcvMjAwMC9zdmciPjwvc3ZnPg==\" style=\"--smush-placeholder-width: 1024px; --smush-placeholder-aspect-ratio: 1024\/768;\" \/><\/a><\/figure><\/li><li class=\"blocks-gallery-item\"><figure><a href=\"https:\/\/gazetaregionalna.com\/wp-content\/uploads\/2021\/06\/201923810_235972534657223_1432344058394113778_n.jpg\"><img decoding=\"async\" width=\"1024\" height=\"768\" data-src=\"https:\/\/gazetaregionalna.com\/wp-content\/uploads\/2021\/06\/201923810_235972534657223_1432344058394113778_n-1024x768.jpg\" alt=\"\" data-id=\"45737\" data-full-url=\"https:\/\/gazetaregionalna.com\/wp-content\/uploads\/2021\/06\/201923810_235972534657223_1432344058394113778_n.jpg\" data-link=\"https:\/\/gazetaregionalna.com\/?attachment_id=45737\" class=\"wp-image-45737 lazyload\" data-srcset=\"https:\/\/gazetaregionalna.com\/wp-content\/uploads\/2021\/06\/201923810_235972534657223_1432344058394113778_n-1024x768.jpg 1024w, https:\/\/gazetaregionalna.com\/wp-content\/uploads\/2021\/06\/201923810_235972534657223_1432344058394113778_n-300x225.jpg 300w, https:\/\/gazetaregionalna.com\/wp-content\/uploads\/2021\/06\/201923810_235972534657223_1432344058394113778_n-768x576.jpg 768w, https:\/\/gazetaregionalna.com\/wp-content\/uploads\/2021\/06\/201923810_235972534657223_1432344058394113778_n-1536x1152.jpg 1536w, https:\/\/gazetaregionalna.com\/wp-content\/uploads\/2021\/06\/201923810_235972534657223_1432344058394113778_n-696x522.jpg 696w, https:\/\/gazetaregionalna.com\/wp-content\/uploads\/2021\/06\/201923810_235972534657223_1432344058394113778_n-1068x801.jpg 1068w, https:\/\/gazetaregionalna.com\/wp-content\/uploads\/2021\/06\/201923810_235972534657223_1432344058394113778_n-1920x1440.jpg 1920w, https:\/\/gazetaregionalna.com\/wp-content\/uploads\/2021\/06\/201923810_235972534657223_1432344058394113778_n-560x420.jpg 560w, https:\/\/gazetaregionalna.com\/wp-content\/uploads\/2021\/06\/201923810_235972534657223_1432344058394113778_n-80x60.jpg 80w, https:\/\/gazetaregionalna.com\/wp-content\/uploads\/2021\/06\/201923810_235972534657223_1432344058394113778_n-265x198.jpg 265w, https:\/\/gazetaregionalna.com\/wp-content\/uploads\/2021\/06\/201923810_235972534657223_1432344058394113778_n.jpg 1200w\" data-sizes=\"(max-width: 1024px) 100vw, 1024px\" src=\"data:image\/svg+xml;base64,PHN2ZyB3aWR0aD0iMSIgaGVpZ2h0PSIxIiB4bWxucz0iaHR0cDovL3d3dy53My5vcmcvMjAwMC9zdmciPjwvc3ZnPg==\" style=\"--smush-placeholder-width: 1024px; --smush-placeholder-aspect-ratio: 1024\/768;\" \/><\/a><\/figure><\/li><\/ul><\/figure>\n\n\n\n<p>Wr\u00f3ci\u0142 z adopcji 24 pa\u017adziernika 2019 r. Frostek ma silny instynkt \u0142owiecki, dlatego szukamy mu domu, w kt\u00f3rym nie ma mniejszych zwierz\u0105t typu kury, ptaki. To energiczny, du\u017cy pies, kt\u00f3ry najlepiej odnajdzie si\u0119 w domu z podw\u00f3rkiem.Potrzebuje czasu, \u017ceby zaufa\u0107 cz\u0142owiekowi, gdy\u017c w \u017cyciu zawi\u00f3d\u0142 si\u0119 nie po raz pierwszy.&nbsp;<br>Numer karty:&nbsp;<strong>612\/18,&nbsp;<\/strong>boks:&nbsp;<strong>O 10<\/strong><\/p>\n\n\n\n<p><strong>Kontakt w sprawie adopcji: Schronisko dla Bezdomnych Zwierz\u0105t&nbsp;<br>w Cz\u0119stochowie ul. Gilowa 44\/46 tel. 34 361-65-66<\/strong><\/p>\n\n\n\n<p><strong>Kuki<\/strong><\/p>\n\n\n\n<figure class=\"wp-block-gallery columns-3 is-cropped wp-block-gallery-3 is-layout-flex wp-block-gallery-is-layout-flex\"><ul class=\"blocks-gallery-grid\"><li class=\"blocks-gallery-item\"><figure><a href=\"https:\/\/gazetaregionalna.com\/wp-content\/uploads\/2021\/06\/175302418_2799061780343061_2034589267276724485_n.jpg\"><img decoding=\"async\" width=\"682\" height=\"1024\" data-src=\"https:\/\/gazetaregionalna.com\/wp-content\/uploads\/2021\/06\/175302418_2799061780343061_2034589267276724485_n-682x1024.jpg\" alt=\"\" data-id=\"45743\" data-full-url=\"https:\/\/gazetaregionalna.com\/wp-content\/uploads\/2021\/06\/175302418_2799061780343061_2034589267276724485_n.jpg\" data-link=\"https:\/\/gazetaregionalna.com\/?attachment_id=45743\" class=\"wp-image-45743 lazyload\" data-srcset=\"https:\/\/gazetaregionalna.com\/wp-content\/uploads\/2021\/06\/175302418_2799061780343061_2034589267276724485_n-682x1024.jpg 682w, https:\/\/gazetaregionalna.com\/wp-content\/uploads\/2021\/06\/175302418_2799061780343061_2034589267276724485_n-200x300.jpg 200w, https:\/\/gazetaregionalna.com\/wp-content\/uploads\/2021\/06\/175302418_2799061780343061_2034589267276724485_n-768x1152.jpg 768w, https:\/\/gazetaregionalna.com\/wp-content\/uploads\/2021\/06\/175302418_2799061780343061_2034589267276724485_n-1024x1536.jpg 1024w, https:\/\/gazetaregionalna.com\/wp-content\/uploads\/2021\/06\/175302418_2799061780343061_2034589267276724485_n-696x1044.jpg 696w, https:\/\/gazetaregionalna.com\/wp-content\/uploads\/2021\/06\/175302418_2799061780343061_2034589267276724485_n-1068x1602.jpg 1068w, https:\/\/gazetaregionalna.com\/wp-content\/uploads\/2021\/06\/175302418_2799061780343061_2034589267276724485_n-280x420.jpg 280w, https:\/\/gazetaregionalna.com\/wp-content\/uploads\/2021\/06\/175302418_2799061780343061_2034589267276724485_n.jpg 1066w\" data-sizes=\"(max-width: 682px) 100vw, 682px\" src=\"data:image\/svg+xml;base64,PHN2ZyB3aWR0aD0iMSIgaGVpZ2h0PSIxIiB4bWxucz0iaHR0cDovL3d3dy53My5vcmcvMjAwMC9zdmciPjwvc3ZnPg==\" style=\"--smush-placeholder-width: 682px; --smush-placeholder-aspect-ratio: 682\/1024;\" \/><\/a><\/figure><\/li><li class=\"blocks-gallery-item\"><figure><a href=\"https:\/\/gazetaregionalna.com\/wp-content\/uploads\/2021\/06\/176076439_2799061797009726_7660331037896980240_n.jpg\"><img decoding=\"async\" width=\"1024\" height=\"682\" data-src=\"https:\/\/gazetaregionalna.com\/wp-content\/uploads\/2021\/06\/176076439_2799061797009726_7660331037896980240_n-1024x682.jpg\" alt=\"\" data-id=\"45744\" data-full-url=\"https:\/\/gazetaregionalna.com\/wp-content\/uploads\/2021\/06\/176076439_2799061797009726_7660331037896980240_n.jpg\" data-link=\"https:\/\/gazetaregionalna.com\/?attachment_id=45744\" class=\"wp-image-45744 lazyload\" data-srcset=\"https:\/\/gazetaregionalna.com\/wp-content\/uploads\/2021\/06\/176076439_2799061797009726_7660331037896980240_n-1024x682.jpg 1024w, https:\/\/gazetaregionalna.com\/wp-content\/uploads\/2021\/06\/176076439_2799061797009726_7660331037896980240_n-300x200.jpg 300w, https:\/\/gazetaregionalna.com\/wp-content\/uploads\/2021\/06\/176076439_2799061797009726_7660331037896980240_n-768x512.jpg 768w, https:\/\/gazetaregionalna.com\/wp-content\/uploads\/2021\/06\/176076439_2799061797009726_7660331037896980240_n-1536x1024.jpg 1536w, https:\/\/gazetaregionalna.com\/wp-content\/uploads\/2021\/06\/176076439_2799061797009726_7660331037896980240_n-696x464.jpg 696w, https:\/\/gazetaregionalna.com\/wp-content\/uploads\/2021\/06\/176076439_2799061797009726_7660331037896980240_n-1068x712.jpg 1068w, https:\/\/gazetaregionalna.com\/wp-content\/uploads\/2021\/06\/176076439_2799061797009726_7660331037896980240_n-1920x1280.jpg 1920w, https:\/\/gazetaregionalna.com\/wp-content\/uploads\/2021\/06\/176076439_2799061797009726_7660331037896980240_n-630x420.jpg 630w, https:\/\/gazetaregionalna.com\/wp-content\/uploads\/2021\/06\/176076439_2799061797009726_7660331037896980240_n.jpg 1200w\" data-sizes=\"(max-width: 1024px) 100vw, 1024px\" src=\"data:image\/svg+xml;base64,PHN2ZyB3aWR0aD0iMSIgaGVpZ2h0PSIxIiB4bWxucz0iaHR0cDovL3d3dy53My5vcmcvMjAwMC9zdmciPjwvc3ZnPg==\" style=\"--smush-placeholder-width: 1024px; --smush-placeholder-aspect-ratio: 1024\/682;\" \/><\/a><\/figure><\/li><li class=\"blocks-gallery-item\"><figure><a href=\"https:\/\/gazetaregionalna.com\/wp-content\/uploads\/2021\/06\/176165331_2799061553676417_8135923317226824839_n.jpg\"><img decoding=\"async\" width=\"1024\" height=\"682\" data-src=\"https:\/\/gazetaregionalna.com\/wp-content\/uploads\/2021\/06\/176165331_2799061553676417_8135923317226824839_n-1024x682.jpg\" alt=\"\" data-id=\"45745\" data-full-url=\"https:\/\/gazetaregionalna.com\/wp-content\/uploads\/2021\/06\/176165331_2799061553676417_8135923317226824839_n.jpg\" data-link=\"https:\/\/gazetaregionalna.com\/?attachment_id=45745\" class=\"wp-image-45745 lazyload\" data-srcset=\"https:\/\/gazetaregionalna.com\/wp-content\/uploads\/2021\/06\/176165331_2799061553676417_8135923317226824839_n-1024x682.jpg 1024w, https:\/\/gazetaregionalna.com\/wp-content\/uploads\/2021\/06\/176165331_2799061553676417_8135923317226824839_n-300x200.jpg 300w, https:\/\/gazetaregionalna.com\/wp-content\/uploads\/2021\/06\/176165331_2799061553676417_8135923317226824839_n-768x512.jpg 768w, https:\/\/gazetaregionalna.com\/wp-content\/uploads\/2021\/06\/176165331_2799061553676417_8135923317226824839_n-1536x1024.jpg 1536w, https:\/\/gazetaregionalna.com\/wp-content\/uploads\/2021\/06\/176165331_2799061553676417_8135923317226824839_n-696x464.jpg 696w, https:\/\/gazetaregionalna.com\/wp-content\/uploads\/2021\/06\/176165331_2799061553676417_8135923317226824839_n-1068x712.jpg 1068w, https:\/\/gazetaregionalna.com\/wp-content\/uploads\/2021\/06\/176165331_2799061553676417_8135923317226824839_n-1920x1280.jpg 1920w, https:\/\/gazetaregionalna.com\/wp-content\/uploads\/2021\/06\/176165331_2799061553676417_8135923317226824839_n-630x420.jpg 630w, https:\/\/gazetaregionalna.com\/wp-content\/uploads\/2021\/06\/176165331_2799061553676417_8135923317226824839_n.jpg 1200w\" data-sizes=\"(max-width: 1024px) 100vw, 1024px\" src=\"data:image\/svg+xml;base64,PHN2ZyB3aWR0aD0iMSIgaGVpZ2h0PSIxIiB4bWxucz0iaHR0cDovL3d3dy53My5vcmcvMjAwMC9zdmciPjwvc3ZnPg==\" style=\"--smush-placeholder-width: 1024px; --smush-placeholder-aspect-ratio: 1024\/682;\" \/><\/a><\/figure><\/li><\/ul><\/figure>\n\n\n\n<p>Pi\u0119kny Kuki nadal czeka na dom, nadal mieszka w boksie nr 1. Niedawno wr\u00f3ci\u0142 z powrotem do schroniska po nieudanej adopcji.<br>Wspania\u0142y, m\u0105dry kot. Spragniony kontaktu z cz\u0142owiekiem.&nbsp;<br>Energia w zabawie: 100%<br>Przytulaki i mi\u0142o\u015b\u0107 do ludzi: 100%<br>Bezdomno\u015b\u0107&#8230; 100%&nbsp;<br>Czeka od 25.10.2020 r.<br>Numer karty:&nbsp;<strong>301\/20,&nbsp;<\/strong>&nbsp;<strong>boks<\/strong>:&nbsp;<strong>DK LS 1<\/strong><br><strong>Kontakt w sprawie adopcji: Schronisko dla Bezdomnych Zwierz\u0105t&nbsp;<br>w Cz\u0119stochowie ul. Gilowa 44\/46 tel. 34 361-65-66<\/strong><\/p>\n\n\n\n<p><strong>Blue <\/strong>(ur. 09\/2020) <\/p>\n\n\n\n<figure class=\"wp-block-gallery columns-3 is-cropped wp-block-gallery-4 is-layout-flex wp-block-gallery-is-layout-flex\"><ul class=\"blocks-gallery-grid\"><li class=\"blocks-gallery-item\"><figure><a href=\"https:\/\/gazetaregionalna.com\/wp-content\/uploads\/2021\/06\/202300920_2840621142853791_4326426381403146192_n.jpg\"><img decoding=\"async\" width=\"1024\" height=\"768\" data-src=\"https:\/\/gazetaregionalna.com\/wp-content\/uploads\/2021\/06\/202300920_2840621142853791_4326426381403146192_n-1024x768.jpg\" alt=\"\" data-id=\"45751\" data-full-url=\"https:\/\/gazetaregionalna.com\/wp-content\/uploads\/2021\/06\/202300920_2840621142853791_4326426381403146192_n.jpg\" data-link=\"https:\/\/gazetaregionalna.com\/?attachment_id=45751\" class=\"wp-image-45751 lazyload\" data-srcset=\"https:\/\/gazetaregionalna.com\/wp-content\/uploads\/2021\/06\/202300920_2840621142853791_4326426381403146192_n-1024x768.jpg 1024w, https:\/\/gazetaregionalna.com\/wp-content\/uploads\/2021\/06\/202300920_2840621142853791_4326426381403146192_n-300x225.jpg 300w, https:\/\/gazetaregionalna.com\/wp-content\/uploads\/2021\/06\/202300920_2840621142853791_4326426381403146192_n-768x576.jpg 768w, https:\/\/gazetaregionalna.com\/wp-content\/uploads\/2021\/06\/202300920_2840621142853791_4326426381403146192_n-1536x1152.jpg 1536w, https:\/\/gazetaregionalna.com\/wp-content\/uploads\/2021\/06\/202300920_2840621142853791_4326426381403146192_n-696x522.jpg 696w, https:\/\/gazetaregionalna.com\/wp-content\/uploads\/2021\/06\/202300920_2840621142853791_4326426381403146192_n-1068x801.jpg 1068w, https:\/\/gazetaregionalna.com\/wp-content\/uploads\/2021\/06\/202300920_2840621142853791_4326426381403146192_n-560x420.jpg 560w, https:\/\/gazetaregionalna.com\/wp-content\/uploads\/2021\/06\/202300920_2840621142853791_4326426381403146192_n-80x60.jpg 80w, https:\/\/gazetaregionalna.com\/wp-content\/uploads\/2021\/06\/202300920_2840621142853791_4326426381403146192_n-265x198.jpg 265w, https:\/\/gazetaregionalna.com\/wp-content\/uploads\/2021\/06\/202300920_2840621142853791_4326426381403146192_n.jpg 1200w\" data-sizes=\"(max-width: 1024px) 100vw, 1024px\" src=\"data:image\/svg+xml;base64,PHN2ZyB3aWR0aD0iMSIgaGVpZ2h0PSIxIiB4bWxucz0iaHR0cDovL3d3dy53My5vcmcvMjAwMC9zdmciPjwvc3ZnPg==\" style=\"--smush-placeholder-width: 1024px; --smush-placeholder-aspect-ratio: 1024\/768;\" \/><\/a><\/figure><\/li><li class=\"blocks-gallery-item\"><figure><a href=\"https:\/\/gazetaregionalna.com\/wp-content\/uploads\/2021\/06\/202316680_2840630749519497_3182539773633697884_n.jpg\"><img decoding=\"async\" width=\"1024\" height=\"683\" data-src=\"https:\/\/gazetaregionalna.com\/wp-content\/uploads\/2021\/06\/202316680_2840630749519497_3182539773633697884_n-1024x683.jpg\" alt=\"\" data-id=\"45752\" data-full-url=\"https:\/\/gazetaregionalna.com\/wp-content\/uploads\/2021\/06\/202316680_2840630749519497_3182539773633697884_n.jpg\" data-link=\"https:\/\/gazetaregionalna.com\/?attachment_id=45752\" class=\"wp-image-45752 lazyload\" data-srcset=\"https:\/\/gazetaregionalna.com\/wp-content\/uploads\/2021\/06\/202316680_2840630749519497_3182539773633697884_n-1024x683.jpg 1024w, https:\/\/gazetaregionalna.com\/wp-content\/uploads\/2021\/06\/202316680_2840630749519497_3182539773633697884_n-300x200.jpg 300w, https:\/\/gazetaregionalna.com\/wp-content\/uploads\/2021\/06\/202316680_2840630749519497_3182539773633697884_n-768x512.jpg 768w, https:\/\/gazetaregionalna.com\/wp-content\/uploads\/2021\/06\/202316680_2840630749519497_3182539773633697884_n-1536x1025.jpg 1536w, https:\/\/gazetaregionalna.com\/wp-content\/uploads\/2021\/06\/202316680_2840630749519497_3182539773633697884_n-696x464.jpg 696w, https:\/\/gazetaregionalna.com\/wp-content\/uploads\/2021\/06\/202316680_2840630749519497_3182539773633697884_n-1068x713.jpg 1068w, https:\/\/gazetaregionalna.com\/wp-content\/uploads\/2021\/06\/202316680_2840630749519497_3182539773633697884_n-629x420.jpg 629w, https:\/\/gazetaregionalna.com\/wp-content\/uploads\/2021\/06\/202316680_2840630749519497_3182539773633697884_n.jpg 1200w\" data-sizes=\"(max-width: 1024px) 100vw, 1024px\" src=\"data:image\/svg+xml;base64,PHN2ZyB3aWR0aD0iMSIgaGVpZ2h0PSIxIiB4bWxucz0iaHR0cDovL3d3dy53My5vcmcvMjAwMC9zdmciPjwvc3ZnPg==\" style=\"--smush-placeholder-width: 1024px; --smush-placeholder-aspect-ratio: 1024\/683;\" \/><\/a><\/figure><\/li><li class=\"blocks-gallery-item\"><figure><a href=\"https:\/\/gazetaregionalna.com\/wp-content\/uploads\/2021\/06\/202788029_2840621152853790_2078023070633114862_n.jpg\"><img decoding=\"async\" width=\"1024\" height=\"768\" data-src=\"https:\/\/gazetaregionalna.com\/wp-content\/uploads\/2021\/06\/202788029_2840621152853790_2078023070633114862_n-1024x768.jpg\" alt=\"\" data-id=\"45753\" data-full-url=\"https:\/\/gazetaregionalna.com\/wp-content\/uploads\/2021\/06\/202788029_2840621152853790_2078023070633114862_n.jpg\" data-link=\"https:\/\/gazetaregionalna.com\/?attachment_id=45753\" class=\"wp-image-45753 lazyload\" data-srcset=\"https:\/\/gazetaregionalna.com\/wp-content\/uploads\/2021\/06\/202788029_2840621152853790_2078023070633114862_n-1024x768.jpg 1024w, https:\/\/gazetaregionalna.com\/wp-content\/uploads\/2021\/06\/202788029_2840621152853790_2078023070633114862_n-300x225.jpg 300w, https:\/\/gazetaregionalna.com\/wp-content\/uploads\/2021\/06\/202788029_2840621152853790_2078023070633114862_n-768x576.jpg 768w, https:\/\/gazetaregionalna.com\/wp-content\/uploads\/2021\/06\/202788029_2840621152853790_2078023070633114862_n-1536x1152.jpg 1536w, https:\/\/gazetaregionalna.com\/wp-content\/uploads\/2021\/06\/202788029_2840621152853790_2078023070633114862_n-696x522.jpg 696w, https:\/\/gazetaregionalna.com\/wp-content\/uploads\/2021\/06\/202788029_2840621152853790_2078023070633114862_n-1068x801.jpg 1068w, https:\/\/gazetaregionalna.com\/wp-content\/uploads\/2021\/06\/202788029_2840621152853790_2078023070633114862_n-560x420.jpg 560w, https:\/\/gazetaregionalna.com\/wp-content\/uploads\/2021\/06\/202788029_2840621152853790_2078023070633114862_n-80x60.jpg 80w, https:\/\/gazetaregionalna.com\/wp-content\/uploads\/2021\/06\/202788029_2840621152853790_2078023070633114862_n-265x198.jpg 265w, https:\/\/gazetaregionalna.com\/wp-content\/uploads\/2021\/06\/202788029_2840621152853790_2078023070633114862_n.jpg 1200w\" data-sizes=\"(max-width: 1024px) 100vw, 1024px\" src=\"data:image\/svg+xml;base64,PHN2ZyB3aWR0aD0iMSIgaGVpZ2h0PSIxIiB4bWxucz0iaHR0cDovL3d3dy53My5vcmcvMjAwMC9zdmciPjwvc3ZnPg==\" style=\"--smush-placeholder-width: 1024px; --smush-placeholder-aspect-ratio: 1024\/768;\" \/><\/a><\/figure><\/li><\/ul><\/figure>\n\n\n\n<p>To \u015bliczny czarny kocurek. Drobny jak koci\u0105tko.&nbsp;<br>A tyle ju\u017c przeszed\u0142&#8230; Wygolone futerko skrywa opowie\u015b\u0107 o wypadku, jakiemu uleg\u0142.Kocurek znalaz\u0142 si\u0119 w Schronisku po wypadku, ze z\u0142aman\u0105 tyln\u0105\u0142apk\u0105 i urazem miednicy. Jest ju\u017c po operacji, porusza si\u0119 sprawnie. Przed planowan\u0105 adopcj\u0105 konieczny b\u0119dzie kontakt ze schroniskowym lekarzem weterynarii.Blue ju\u017c &#8222;naprawiony&#8221;. Bryka, bawi si\u0119 i szuka bezpiecznego domu, by historia nie mia\u0142a szansy si\u0119 powt\u00f3rzy\u0107.Obowi\u0105zuje wizyta przedadopcyjna.&nbsp;<\/p>\n\n\n\n<p>Numer karty:&nbsp;<strong>19\/21,&nbsp;boks:<\/strong>&nbsp;<strong>DK LS 5<\/strong><br><strong>Kontakt w sprawie adopcji: Schronisko dla Bezdomnych Zwierz\u0105t&nbsp;<br>w Cz\u0119stochowie ul. Gilowa 44\/46 tel. 34 361-65-66<\/strong><\/p>\n","protected":false},"excerpt":{"rendered":"<p>Bezdomne zwierz\u0119ta czekaj\u0105 na dom. Nasza akcja pod has\u0142em &#8222;Adoptuj mnie&#8221; trwa. Razem ze Stowarzyszeniem Cz\u0119stochowa dla Zwierz\u0105t oraz Schroniskiem dla Bezdomnych Zwierz\u0105t chcemy<\/p>\n","protected":false},"author":7,"featured_media":45744,"comment_status":"open","ping_status":"open","sticky":false,"template":"","format":"standard","meta":{"_monsterinsights_skip_tracking":false,"_monsterinsights_sitenote_active":false,"_monsterinsights_sitenote_note":"","_monsterinsights_sitenote_category":0,"_uf_show_specific_survey":0,"_uf_disable_surveys":false,"footnotes":""},"categories":[94,3,2],"tags":[],"class_list":["post-45725","post","type-post","status-publish","format-standard","has-post-thumbnail","hentry","category-polecane","category-czestochowa-informacje","category-wiadomosci"],"_links":{"self":[{"href":"https:\/\/gazetaregionalna.com\/index.php?rest_route=\/wp\/v2\/posts\/45725","targetHints":{"allow":["GET"]}}],"collection":[{"href":"https:\/\/gazetaregionalna.com\/index.php?rest_route=\/wp\/v2\/posts"}],"about":[{"href":"https:\/\/gazetaregionalna.com\/index.php?rest_route=\/wp\/v2\/types\/post"}],"author":[{"embeddable":true,"href":"https:\/\/gazetaregionalna.com\/index.php?rest_route=\/wp\/v2\/users\/7"}],"replies":[{"embeddable":true,"href":"https:\/\/gazetaregionalna.com\/index.php?rest_route=%2Fwp%2Fv2%2Fcomments&post=45725"}],"version-history":[{"count":17,"href":"https:\/\/gazetaregionalna.com\/index.php?rest_route=\/wp\/v2\/posts\/45725\/revisions"}],"predecessor-version":[{"id":45765,"href":"https:\/\/gazetaregionalna.com\/index.php?rest_route=\/wp\/v2\/posts\/45725\/revisions\/45765"}],"wp:featuredmedia":[{"embeddable":true,"href":"https:\/\/gazetaregionalna.com\/index.php?rest_route=\/wp\/v2\/media\/45744"}],"wp:attachment":[{"href":"https:\/\/gazetaregionalna.com\/index.php?rest_route=%2Fwp%2Fv2%2Fmedia&parent=45725"}],"wp:term":[{"taxonomy":"category","embeddable":true,"href":"https:\/\/gazetaregionalna.com\/index.php?rest_route=%2Fwp%2Fv2%2Fcategories&post=45725"},{"taxonomy":"post_tag","embeddable":true,"href":"https:\/\/gazetaregionalna.com\/index.php?rest_route=%2Fwp%2Fv2%2Ftags&post=45725"}],"curies":[{"name":"wp","href":"https:\/\/api.w.org\/{rel}","templated":true}]}}