{"id":45719,"date":"2021-06-24T14:12:30","date_gmt":"2021-06-24T14:12:30","guid":{"rendered":"https:\/\/gazetaregionalna.com\/?p=45719"},"modified":"2021-06-24T14:24:48","modified_gmt":"2021-06-24T14:24:48","slug":"akademia-norwidziaka-exact-systems-norwid-organizuje-siatkarski-festyn-syn-tato-lato","status":"publish","type":"post","link":"https:\/\/gazetaregionalna.com\/?p=45719","title":{"rendered":"Akademia Norwidziaka Exact Systems Norwid organizuje siatkarski festyn: &#8222;Syn, Tato, Lato&#8221;"},"content":{"rendered":"\n<p>W sobot\u0119 na boiskach do siatk\u00f3wki pla\u017cowej przy Galerii Jurajskiej zaplanowany jest siatkarski festyn: Syn, Tato, Lato. Mog\u0105 zagra\u0107 ojcowie ze swoimi synami w dw\u00f3ch kategoriach: do 15 lat i open.<\/p>\n\n\n\n<p>Festyn organizowany jest z okazji Dnia Ojca. Zawody odb\u0119d\u0105 si\u0119 w sobot\u0119 od godz. 11. Do godz. 10:30 mo\u017cna zapisywa\u0107 si\u0119 na miejscu, a wcze\u015bniej r\u00f3wnie\u017c pisz\u0105c na adres: <a href=\"mailto:akademia@ksnorwidczestochowa.pl\" rel=\"noreferrer noopener\" target=\"_blank\">akademia@ksnorwidczestochowa.pl<\/a><\/p>\n\n\n\n<p>Organizatorzy apeluj\u0105, aby przez zg\u0142oszeniem zapozna\u0107 si\u0119 z regulaminem festynu.<\/p>\n\n\n\n<p>W programie festynu przewidziano m.in.: turniej par: tata i syn, konkurencje sportowe z nagrodami, animacje dla najm\u0142odszych.<\/p>\n\n\n\n<p>Podczas festynu b\u0119dzie mo\u017cna spotka\u0107 si\u0119 z nowym trenerem Exact Systems Norwid Piotrem Gruszk\u0105.<\/p>\n\n\n\n<p>Foto: Materia\u0142y prasowe organizatora<\/p>\n\n\n\n<p>Foto: Reklama<\/p>\n\n\n\n<figure class=\"wp-block-image size-large\"><img decoding=\"async\" width=\"1024\" height=\"536\" data-src=\"https:\/\/gazetaregionalna.com\/wp-content\/uploads\/2021\/06\/SynTatoLAto-1024x536.jpg\" alt=\"\" class=\"wp-image-45720 lazyload\" data-srcset=\"https:\/\/gazetaregionalna.com\/wp-content\/uploads\/2021\/06\/SynTatoLAto-1024x536.jpg 1024w, https:\/\/gazetaregionalna.com\/wp-content\/uploads\/2021\/06\/SynTatoLAto-300x157.jpg 300w, https:\/\/gazetaregionalna.com\/wp-content\/uploads\/2021\/06\/SynTatoLAto-768x402.jpg 768w, https:\/\/gazetaregionalna.com\/wp-content\/uploads\/2021\/06\/SynTatoLAto-696x364.jpg 696w, https:\/\/gazetaregionalna.com\/wp-content\/uploads\/2021\/06\/SynTatoLAto-1068x559.jpg 1068w, https:\/\/gazetaregionalna.com\/wp-content\/uploads\/2021\/06\/SynTatoLAto-803x420.jpg 803w, https:\/\/gazetaregionalna.com\/wp-content\/uploads\/2021\/06\/SynTatoLAto.jpg 1200w\" data-sizes=\"(max-width: 1024px) 100vw, 1024px\" src=\"data:image\/svg+xml;base64,PHN2ZyB3aWR0aD0iMSIgaGVpZ2h0PSIxIiB4bWxucz0iaHR0cDovL3d3dy53My5vcmcvMjAwMC9zdmciPjwvc3ZnPg==\" style=\"--smush-placeholder-width: 1024px; --smush-placeholder-aspect-ratio: 1024\/536;\" \/><\/figure>\n\n\n\n<figure class=\"wp-block-image size-large\"><img decoding=\"async\" width=\"755\" height=\"1024\" data-src=\"https:\/\/gazetaregionalna.com\/wp-content\/uploads\/2021\/06\/ReklamaBOSZPS-755x1024.jpg\" alt=\"\" class=\"wp-image-44021 lazyload\" data-srcset=\"https:\/\/gazetaregionalna.com\/wp-content\/uploads\/2021\/06\/ReklamaBOSZPS-755x1024.jpg 755w, https:\/\/gazetaregionalna.com\/wp-content\/uploads\/2021\/06\/ReklamaBOSZPS-221x300.jpg 221w, https:\/\/gazetaregionalna.com\/wp-content\/uploads\/2021\/06\/ReklamaBOSZPS-768x1041.jpg 768w, https:\/\/gazetaregionalna.com\/wp-content\/uploads\/2021\/06\/ReklamaBOSZPS-1133x1536.jpg 1133w, https:\/\/gazetaregionalna.com\/wp-content\/uploads\/2021\/06\/ReklamaBOSZPS-696x943.jpg 696w, https:\/\/gazetaregionalna.com\/wp-content\/uploads\/2021\/06\/ReklamaBOSZPS-1068x1448.jpg 1068w, https:\/\/gazetaregionalna.com\/wp-content\/uploads\/2021\/06\/ReklamaBOSZPS-310x420.jpg 310w, https:\/\/gazetaregionalna.com\/wp-content\/uploads\/2021\/06\/ReklamaBOSZPS.jpg 1180w\" data-sizes=\"(max-width: 755px) 100vw, 755px\" src=\"data:image\/svg+xml;base64,PHN2ZyB3aWR0aD0iMSIgaGVpZ2h0PSIxIiB4bWxucz0iaHR0cDovL3d3dy53My5vcmcvMjAwMC9zdmciPjwvc3ZnPg==\" style=\"--smush-placeholder-width: 755px; --smush-placeholder-aspect-ratio: 755\/1024;\" \/><\/figure>\n\n\n\n<p><\/p>\n","protected":false},"excerpt":{"rendered":"<p>W sobot\u0119 na boiskach do siatk\u00f3wki pla\u017cowej przy Galerii Jurajskiej zaplanowany jest siatkarski festyn: Syn, Tato, Lato. Mog\u0105 zagra\u0107 ojcowie ze swoimi synami w<\/p>\n","protected":false},"author":15,"featured_media":45720,"comment_status":"open","ping_status":"open","sticky":false,"template":"","format":"standard","meta":{"_monsterinsights_skip_tracking":false,"_monsterinsights_sitenote_active":false,"_monsterinsights_sitenote_note":"","_monsterinsights_sitenote_category":0,"_uf_show_specific_survey":0,"_uf_disable_surveys":false,"footnotes":""},"categories":[5,8],"tags":[],"class_list":["post-45719","post","type-post","status-publish","format-standard","has-post-thumbnail","hentry","category-sport","category-siatkowka"],"_links":{"self":[{"href":"https:\/\/gazetaregionalna.com\/index.php?rest_route=\/wp\/v2\/posts\/45719","targetHints":{"allow":["GET"]}}],"collection":[{"href":"https:\/\/gazetaregionalna.com\/index.php?rest_route=\/wp\/v2\/posts"}],"about":[{"href":"https:\/\/gazetaregionalna.com\/index.php?rest_route=\/wp\/v2\/types\/post"}],"author":[{"embeddable":true,"href":"https:\/\/gazetaregionalna.com\/index.php?rest_route=\/wp\/v2\/users\/15"}],"replies":[{"embeddable":true,"href":"https:\/\/gazetaregionalna.com\/index.php?rest_route=%2Fwp%2Fv2%2Fcomments&post=45719"}],"version-history":[{"count":2,"href":"https:\/\/gazetaregionalna.com\/index.php?rest_route=\/wp\/v2\/posts\/45719\/revisions"}],"predecessor-version":[{"id":45723,"href":"https:\/\/gazetaregionalna.com\/index.php?rest_route=\/wp\/v2\/posts\/45719\/revisions\/45723"}],"wp:featuredmedia":[{"embeddable":true,"href":"https:\/\/gazetaregionalna.com\/index.php?rest_route=\/wp\/v2\/media\/45720"}],"wp:attachment":[{"href":"https:\/\/gazetaregionalna.com\/index.php?rest_route=%2Fwp%2Fv2%2Fmedia&parent=45719"}],"wp:term":[{"taxonomy":"category","embeddable":true,"href":"https:\/\/gazetaregionalna.com\/index.php?rest_route=%2Fwp%2Fv2%2Fcategories&post=45719"},{"taxonomy":"post_tag","embeddable":true,"href":"https:\/\/gazetaregionalna.com\/index.php?rest_route=%2Fwp%2Fv2%2Ftags&post=45719"}],"curies":[{"name":"wp","href":"https:\/\/api.w.org\/{rel}","templated":true}]}}