{"id":4543,"date":"2019-07-23T08:03:59","date_gmt":"2019-07-23T08:03:59","guid":{"rendered":"https:\/\/gazetaregionalna.com\/?p=4543"},"modified":"2019-07-23T08:04:01","modified_gmt":"2019-07-23T08:04:01","slug":"ii-miejsce-uks-speedway-redziny-w-dmp-w-gdansku","status":"publish","type":"post","link":"https:\/\/gazetaregionalna.com\/?p=4543","title":{"rendered":"II miejsce UKS Speedway R\u0119dziny w DMP w Gda\u0144sku"},"content":{"rendered":"\n<p><strong>Bez w\u0105tpienia to najwi\u0119kszy sukces w historii klubu z R\u0119dzin. UKS Speedway R\u0119dziny pod wodz\u0105 trenera J\u00f3zefa Kafla w poniedzia\u0142ek wystartowa\u0142a w Dru\u017cynowych Mistrzostwach Polski w Gda\u0144sku, zdobywaj\u0105c II miejsce.  <\/strong><\/p>\n\n\n\n<figure class=\"wp-block-image\"><img decoding=\"async\" width=\"768\" height=\"1024\" data-src=\"https:\/\/gazetaregionalna.com\/wp-content\/uploads\/2019\/07\/uks-speedway-redziny-6-768x1024.jpg\" alt=\"\" class=\"wp-image-4544 lazyload\" data-srcset=\"https:\/\/gazetaregionalna.com\/wp-content\/uploads\/2019\/07\/uks-speedway-redziny-6-768x1024.jpg 768w, https:\/\/gazetaregionalna.com\/wp-content\/uploads\/2019\/07\/uks-speedway-redziny-6-225x300.jpg 225w, https:\/\/gazetaregionalna.com\/wp-content\/uploads\/2019\/07\/uks-speedway-redziny-6.jpg 1200w\" data-sizes=\"(max-width: 768px) 100vw, 768px\" src=\"data:image\/svg+xml;base64,PHN2ZyB3aWR0aD0iMSIgaGVpZ2h0PSIxIiB4bWxucz0iaHR0cDovL3d3dy53My5vcmcvMjAwMC9zdmciPjwvc3ZnPg==\" style=\"--smush-placeholder-width: 768px; --smush-placeholder-aspect-ratio: 768\/1024;\" \/><\/figure>\n\n\n\n<p>Na gda\u0144skim torze mini\u017cu\u017clowym stawi\u0142o si\u0119 siedem dru\u017cyn. Najlepsz\u0105 dru\u017cyn\u0105 okaza\u0142a si\u0119 by\u0107 MKM\u017b Rybki Rybnik, a na szczeg\u00f3ln\u0105 uwag\u0119 zas\u0142uguje Szymon Ludwiczak  Dawid Piestrzy\u0144ski, kt\u00f3rzy tego dnia nie stracili ani jednego punktu. <\/p>\n\n\n\n<figure class=\"wp-block-image\"><img decoding=\"async\" width=\"768\" height=\"1024\" data-src=\"https:\/\/gazetaregionalna.com\/wp-content\/uploads\/2019\/07\/uks-speedway-redziny-3-1-768x1024.jpg\" alt=\"\" class=\"wp-image-4556 lazyload\" data-srcset=\"https:\/\/gazetaregionalna.com\/wp-content\/uploads\/2019\/07\/uks-speedway-redziny-3-1-768x1024.jpg 768w, https:\/\/gazetaregionalna.com\/wp-content\/uploads\/2019\/07\/uks-speedway-redziny-3-1-225x300.jpg 225w, https:\/\/gazetaregionalna.com\/wp-content\/uploads\/2019\/07\/uks-speedway-redziny-3-1.jpg 1200w\" data-sizes=\"(max-width: 768px) 100vw, 768px\" src=\"data:image\/svg+xml;base64,PHN2ZyB3aWR0aD0iMSIgaGVpZ2h0PSIxIiB4bWxucz0iaHR0cDovL3d3dy53My5vcmcvMjAwMC9zdmciPjwvc3ZnPg==\" style=\"--smush-placeholder-width: 768px; --smush-placeholder-aspect-ratio: 768\/1024;\" \/><\/figure>\n\n\n\n<p>Dobre przygotowanie i dobr\u0105 jazd\u0119 zawodnik\u00f3w UKS R\u0119dziny wida\u0107\nby\u0142o od pocz\u0105tku. Ostatecznie uplasowali si\u0119 na II miejscu, co\npotwierdza ich bardzo dobr\u0105 form\u0119. Najni\u017cszy stopie\u0144 podium\nzaj\u0119li ex-aequo mini\u017cu\u017clowcy z Wawrowa i z Bydgoszczy. \u0141\u0105cznie w\nponiedzia\u0142ek wyst\u0105pi\u0142o a\u017c 24 zawodnik\u00f3w.<\/p>\n\n\n\n<figure class=\"wp-block-image\"><img decoding=\"async\" width=\"768\" height=\"1024\" data-src=\"https:\/\/gazetaregionalna.com\/wp-content\/uploads\/2019\/07\/uks-speedway-redziny-7-768x1024.jpg\" alt=\"\" class=\"wp-image-4551 lazyload\" src=\"data:image\/svg+xml;base64,PHN2ZyB3aWR0aD0iMSIgaGVpZ2h0PSIxIiB4bWxucz0iaHR0cDovL3d3dy53My5vcmcvMjAwMC9zdmciPjwvc3ZnPg==\" style=\"--smush-placeholder-width: 768px; --smush-placeholder-aspect-ratio: 768\/1024;\"><\/figure>\n\n\n\n<p><strong>1.\u00a0MKM\u017b Rybki Rybnik\u00a0&#8211; 27 pkt<\/strong><br> 10. Szymon Ludwiczak &#8211; 10 (2,3,2,3)<br> 11. Szymon Tomaszewski &#8211; 5 (-,3,2,-)<br> 12. Marcel Kowolik &#8211; 1 (-,w,-1)<br> 25. Dawid Piestrzy\u0144ski &#8211; 11 (3,2,3,3)<\/p>\n\n\n\n<p><strong>2.\u00a0UKS Speedway R\u0119dziny\u00a0&#8211; 21 pkt<\/strong><br> 4. Wiktor Andryszczak &#8211; 8 (0,3,2,3)<br> 5. Mi\u0142osz Kowalski &#8211; 8 (2,2,2,2)<br> 6. Dominik Wo\u017aniak (go\u015b\u0107) &#8211; 5 (2,1,1,1)<\/p>\n\n\n\n<p><strong>3-4.\u00a0Just Fun GUKS Speedway Wawr\u00f3w\u00a0&#8211; 17 pkt<\/strong><br> 7. Miko\u0142aj Krok &#8211; 2 (-,0,2,0)<br> 8. Denis Andrzejczak &#8211; 3 (0,1,2,-)<br> 9. Kacper Teska &#8211; 5 (1,-,1,3)<br> 24. Bartosz Lewandowski &#8211; 7 (1,3,3)<\/p>\n\n\n\n<p><strong>3-4.\u00a0BT\u017b Polonia Bydgoszcz\u00a0&#8211; 17 pkt<\/strong><br> 16. Emil Maroszek &#8211; 11 (3,2,3,3)<br> 17. Mateusz Kurzawski &#8211; 6 (1,2,1,2)<br> 18. Kacper Tuczkowski &#8211; 0 (0,0,0,0)<\/p>\n\n\n\n<p><strong>5.\u00a0GK\u017b Wybrze\u017ce Gda\u0144sk\u00a0&#8211; 16 pkt<\/strong><br> 1. Mateusz \u0141opuski &#8211; 9 (3,3,2,1)<br> 2. Antoni Kawczy\u0144ski &#8211; 6 (1,3,2,0)<br> 3. Igor Sawicki &#8211; 0 (0,0,-,-)<br> 22. Kacper Kr\u00f3l &#8211; 1 (0,1)<\/p>\n\n\n\n<p><strong>6.\u00a0SSSM Stal Toru\u0144\u00a0&#8211; 14 pkt<\/strong><br> 19. Nikodem Czmut &#8211; 4 (1,3,w,0)<br> 20. Miko\u0142aj Duchi\u0144ski &#8211; 8 (2,2,1,3)<br> 21. Ksawery S\u0142omski &#8211; 2 (1,1,0,w)<\/p>\n\n\n\n<p>(p.s-b.)<\/p>\n","protected":false},"excerpt":{"rendered":"<p>Bez w\u0105tpienia to najwi\u0119kszy sukces w historii klubu z R\u0119dzin. UKS Speedway R\u0119dziny pod wodz\u0105 trenera J\u00f3zefa Kafla w poniedzia\u0142ek wystartowa\u0142a w Dru\u017cynowych Mistrzostwach<\/p>\n","protected":false},"author":3,"featured_media":4545,"comment_status":"open","ping_status":"open","sticky":false,"template":"","format":"standard","meta":{"_monsterinsights_skip_tracking":false,"_monsterinsights_sitenote_active":false,"_monsterinsights_sitenote_note":"","_monsterinsights_sitenote_category":0,"_uf_show_specific_survey":0,"_uf_disable_surveys":false,"footnotes":""},"categories":[5,13,7],"tags":[],"class_list":["post-4543","post","type-post","status-publish","format-standard","has-post-thumbnail","hentry","category-sport","category-wydarzenia","category-zuzel"],"_links":{"self":[{"href":"https:\/\/gazetaregionalna.com\/index.php?rest_route=\/wp\/v2\/posts\/4543","targetHints":{"allow":["GET"]}}],"collection":[{"href":"https:\/\/gazetaregionalna.com\/index.php?rest_route=\/wp\/v2\/posts"}],"about":[{"href":"https:\/\/gazetaregionalna.com\/index.php?rest_route=\/wp\/v2\/types\/post"}],"author":[{"embeddable":true,"href":"https:\/\/gazetaregionalna.com\/index.php?rest_route=\/wp\/v2\/users\/3"}],"replies":[{"embeddable":true,"href":"https:\/\/gazetaregionalna.com\/index.php?rest_route=%2Fwp%2Fv2%2Fcomments&post=4543"}],"version-history":[{"count":3,"href":"https:\/\/gazetaregionalna.com\/index.php?rest_route=\/wp\/v2\/posts\/4543\/revisions"}],"predecessor-version":[{"id":4557,"href":"https:\/\/gazetaregionalna.com\/index.php?rest_route=\/wp\/v2\/posts\/4543\/revisions\/4557"}],"wp:featuredmedia":[{"embeddable":true,"href":"https:\/\/gazetaregionalna.com\/index.php?rest_route=\/wp\/v2\/media\/4545"}],"wp:attachment":[{"href":"https:\/\/gazetaregionalna.com\/index.php?rest_route=%2Fwp%2Fv2%2Fmedia&parent=4543"}],"wp:term":[{"taxonomy":"category","embeddable":true,"href":"https:\/\/gazetaregionalna.com\/index.php?rest_route=%2Fwp%2Fv2%2Fcategories&post=4543"},{"taxonomy":"post_tag","embeddable":true,"href":"https:\/\/gazetaregionalna.com\/index.php?rest_route=%2Fwp%2Fv2%2Ftags&post=4543"}],"curies":[{"name":"wp","href":"https:\/\/api.w.org\/{rel}","templated":true}]}}