{"id":45383,"date":"2021-06-21T10:24:56","date_gmt":"2021-06-21T10:24:56","guid":{"rendered":"https:\/\/gazetaregionalna.com\/?p=45383"},"modified":"2021-06-21T10:24:57","modified_gmt":"2021-06-21T10:24:57","slug":"mobilny-punkt-szczepien-przeciw-covid-19-stanie-w-weekend-na-placu-bieganskiego","status":"publish","type":"post","link":"https:\/\/gazetaregionalna.com\/?p=45383","title":{"rendered":"Mobilny punkt szczepie\u0144 przeciw COVID-19 stanie w weekend na Placu Biega\u0144skiego"},"content":{"rendered":"\n<h2 class=\"wp-block-heading\"><strong>W najbli\u017cszy weekend na Placu Biega\u0144skiego pojawi si\u0119 mobilny punkt przeciw COVID-19.  B\u0119dzie w nim mo\u017cna skorzysta\u0107 z jednodawkowego szczepienia preparatem Johnson&amp;Johnson.<\/strong><\/h2>\n\n\n\n<p>Punkt b\u0119dzie czynny w sobot\u0119 i niedziel\u0119 (26 i 27 czerwca) w godzinach 10-17. Szczepionki b\u0119d\u0105 podawane przez personel Wojew\u00f3dzkiego Szpitala Specjalistycznego im. NMP w Cz\u0119stochowie. Jak informuje Urz\u0105d Miasta Cz\u0119stochowy, przedsi\u0119wzi\u0119cie to ma u\u0142atwi\u0107 mieszka\u0144com naszego regionu dost\u0119p do szczepie\u0144 i zach\u0119ci\u0107 wci\u0105\u017c niezdecydowanych.<\/p>\n","protected":false},"excerpt":{"rendered":"<p>W najbli\u017cszy weekend na Placu Biega\u0144skiego pojawi si\u0119 mobilny punkt przeciw COVID-19. B\u0119dzie w nim mo\u017cna skorzysta\u0107 z jednodawkowego szczepienia preparatem Johnson&amp;Johnson. Punkt b\u0119dzie<\/p>\n","protected":false},"author":7,"featured_media":31417,"comment_status":"open","ping_status":"open","sticky":false,"template":"","format":"standard","meta":{"_monsterinsights_skip_tracking":false,"_monsterinsights_sitenote_active":false,"_monsterinsights_sitenote_note":"","_monsterinsights_sitenote_category":0,"_uf_show_specific_survey":0,"_uf_disable_surveys":false,"footnotes":""},"categories":[94,3,2],"tags":[],"class_list":["post-45383","post","type-post","status-publish","format-standard","has-post-thumbnail","hentry","category-polecane","category-czestochowa-informacje","category-wiadomosci"],"_links":{"self":[{"href":"https:\/\/gazetaregionalna.com\/index.php?rest_route=\/wp\/v2\/posts\/45383","targetHints":{"allow":["GET"]}}],"collection":[{"href":"https:\/\/gazetaregionalna.com\/index.php?rest_route=\/wp\/v2\/posts"}],"about":[{"href":"https:\/\/gazetaregionalna.com\/index.php?rest_route=\/wp\/v2\/types\/post"}],"author":[{"embeddable":true,"href":"https:\/\/gazetaregionalna.com\/index.php?rest_route=\/wp\/v2\/users\/7"}],"replies":[{"embeddable":true,"href":"https:\/\/gazetaregionalna.com\/index.php?rest_route=%2Fwp%2Fv2%2Fcomments&post=45383"}],"version-history":[{"count":3,"href":"https:\/\/gazetaregionalna.com\/index.php?rest_route=\/wp\/v2\/posts\/45383\/revisions"}],"predecessor-version":[{"id":45386,"href":"https:\/\/gazetaregionalna.com\/index.php?rest_route=\/wp\/v2\/posts\/45383\/revisions\/45386"}],"wp:featuredmedia":[{"embeddable":true,"href":"https:\/\/gazetaregionalna.com\/index.php?rest_route=\/wp\/v2\/media\/31417"}],"wp:attachment":[{"href":"https:\/\/gazetaregionalna.com\/index.php?rest_route=%2Fwp%2Fv2%2Fmedia&parent=45383"}],"wp:term":[{"taxonomy":"category","embeddable":true,"href":"https:\/\/gazetaregionalna.com\/index.php?rest_route=%2Fwp%2Fv2%2Fcategories&post=45383"},{"taxonomy":"post_tag","embeddable":true,"href":"https:\/\/gazetaregionalna.com\/index.php?rest_route=%2Fwp%2Fv2%2Ftags&post=45383"}],"curies":[{"name":"wp","href":"https:\/\/api.w.org\/{rel}","templated":true}]}}