{"id":4531,"date":"2019-07-23T09:00:15","date_gmt":"2019-07-23T09:00:15","guid":{"rendered":"https:\/\/gazetaregionalna.com\/?p=4531"},"modified":"2019-07-22T09:01:45","modified_gmt":"2019-07-22T09:01:45","slug":"nowe-przystanki","status":"publish","type":"post","link":"https:\/\/gazetaregionalna.com\/?p=4531","title":{"rendered":"Nowe przystanki"},"content":{"rendered":"\n<p>Osiemna\u015bcie nowych i estetycznych wiat przystankowych stanie do\nko\u0144ca lipca w Cz\u0119stochowie. Miejski Zarz\u0105d Dr\u00f3g i Transportu wyda na te\nprzystanki blisko 100 tys. z\u0142otych.<\/p>\n\n\n\n<ul class=\"wp-block-gallery columns-3 is-cropped wp-block-gallery-1 is-layout-flex wp-block-gallery-is-layout-flex\"><li class=\"blocks-gallery-item\"><figure><img decoding=\"async\" width=\"581\" height=\"436\" data-src=\"https:\/\/gazetaregionalna.com\/wp-content\/uploads\/2019\/07\/2_wiaty.jpg\" alt=\"\" data-id=\"4532\" data-link=\"https:\/\/gazetaregionalna.com\/?attachment_id=4532\" class=\"wp-image-4532 lazyload\" data-srcset=\"https:\/\/gazetaregionalna.com\/wp-content\/uploads\/2019\/07\/2_wiaty.jpg 581w, https:\/\/gazetaregionalna.com\/wp-content\/uploads\/2019\/07\/2_wiaty-300x225.jpg 300w\" data-sizes=\"(max-width: 581px) 100vw, 581px\" src=\"data:image\/svg+xml;base64,PHN2ZyB3aWR0aD0iMSIgaGVpZ2h0PSIxIiB4bWxucz0iaHR0cDovL3d3dy53My5vcmcvMjAwMC9zdmciPjwvc3ZnPg==\" style=\"--smush-placeholder-width: 581px; --smush-placeholder-aspect-ratio: 581\/436;\" \/><\/figure><\/li><li class=\"blocks-gallery-item\"><figure><img decoding=\"async\" width=\"581\" height=\"436\" data-src=\"https:\/\/gazetaregionalna.com\/wp-content\/uploads\/2019\/07\/4_wiaty.jpg\" alt=\"\" data-id=\"4533\" data-link=\"https:\/\/gazetaregionalna.com\/?attachment_id=4533\" class=\"wp-image-4533 lazyload\" data-srcset=\"https:\/\/gazetaregionalna.com\/wp-content\/uploads\/2019\/07\/4_wiaty.jpg 581w, https:\/\/gazetaregionalna.com\/wp-content\/uploads\/2019\/07\/4_wiaty-300x225.jpg 300w\" data-sizes=\"(max-width: 581px) 100vw, 581px\" src=\"data:image\/svg+xml;base64,PHN2ZyB3aWR0aD0iMSIgaGVpZ2h0PSIxIiB4bWxucz0iaHR0cDovL3d3dy53My5vcmcvMjAwMC9zdmciPjwvc3ZnPg==\" style=\"--smush-placeholder-width: 581px; --smush-placeholder-aspect-ratio: 581\/436;\" \/><\/figure><\/li><li class=\"blocks-gallery-item\"><figure><img decoding=\"async\" width=\"581\" height=\"436\" data-src=\"https:\/\/gazetaregionalna.com\/wp-content\/uploads\/2019\/07\/7_wiaty.jpg\" alt=\"\" data-id=\"4534\" data-link=\"https:\/\/gazetaregionalna.com\/?attachment_id=4534\" class=\"wp-image-4534 lazyload\" data-srcset=\"https:\/\/gazetaregionalna.com\/wp-content\/uploads\/2019\/07\/7_wiaty.jpg 581w, https:\/\/gazetaregionalna.com\/wp-content\/uploads\/2019\/07\/7_wiaty-300x225.jpg 300w\" data-sizes=\"(max-width: 581px) 100vw, 581px\" src=\"data:image\/svg+xml;base64,PHN2ZyB3aWR0aD0iMSIgaGVpZ2h0PSIxIiB4bWxucz0iaHR0cDovL3d3dy53My5vcmcvMjAwMC9zdmciPjwvc3ZnPg==\" style=\"--smush-placeholder-width: 581px; --smush-placeholder-aspect-ratio: 581\/436;\" \/><\/figure><\/li><li class=\"blocks-gallery-item\"><figure><img decoding=\"async\" width=\"581\" height=\"436\" data-src=\"https:\/\/gazetaregionalna.com\/wp-content\/uploads\/2019\/07\/8_wiaty.jpg\" alt=\"\" data-id=\"4535\" data-link=\"https:\/\/gazetaregionalna.com\/?attachment_id=4535\" class=\"wp-image-4535 lazyload\" data-srcset=\"https:\/\/gazetaregionalna.com\/wp-content\/uploads\/2019\/07\/8_wiaty.jpg 581w, https:\/\/gazetaregionalna.com\/wp-content\/uploads\/2019\/07\/8_wiaty-300x225.jpg 300w\" data-sizes=\"(max-width: 581px) 100vw, 581px\" src=\"data:image\/svg+xml;base64,PHN2ZyB3aWR0aD0iMSIgaGVpZ2h0PSIxIiB4bWxucz0iaHR0cDovL3d3dy53My5vcmcvMjAwMC9zdmciPjwvc3ZnPg==\" style=\"--smush-placeholder-width: 581px; --smush-placeholder-aspect-ratio: 581\/436;\" \/><\/figure><\/li><li class=\"blocks-gallery-item\"><figure><img decoding=\"async\" width=\"581\" height=\"436\" data-src=\"https:\/\/gazetaregionalna.com\/wp-content\/uploads\/2019\/07\/10_wiaty.jpg\" alt=\"\" data-id=\"4536\" data-link=\"https:\/\/gazetaregionalna.com\/?attachment_id=4536\" class=\"wp-image-4536 lazyload\" data-srcset=\"https:\/\/gazetaregionalna.com\/wp-content\/uploads\/2019\/07\/10_wiaty.jpg 581w, https:\/\/gazetaregionalna.com\/wp-content\/uploads\/2019\/07\/10_wiaty-300x225.jpg 300w\" data-sizes=\"(max-width: 581px) 100vw, 581px\" src=\"data:image\/svg+xml;base64,PHN2ZyB3aWR0aD0iMSIgaGVpZ2h0PSIxIiB4bWxucz0iaHR0cDovL3d3dy53My5vcmcvMjAwMC9zdmciPjwvc3ZnPg==\" style=\"--smush-placeholder-width: 581px; --smush-placeholder-aspect-ratio: 581\/436;\" \/><\/figure><\/li><\/ul>\n\n\n\n<p>Wiaty przystankowe pojawiaj\u0105 si\u0119 w mie\u015bcie w ramach realizowane od\nmiesi\u0119cy du\u017cego programu samorz\u0105du pod has\u0142em: ,,Lepsza Komunikacja w\nCz\u0119stochowie\u201d. <\/p>\n\n\n\n<p>Konstrukcja nowych przystank\u00f3w wykonana jest z hartowanego\nszk\u0142a, tworzywa i stali. Wiaty maj\u0105 szeroko\u015b\u0107 1 lub 1,5 m i d\u0142ugo\u015b\u0107 4 m.\nWyj\u0105tkiem jest mierz\u0105cy sze\u015b\u0107 metr\u00f3w d\u0142ugo\u015bci przystanek przy D.H. Centrum.\nWszystkie wiaty (podobnie jak ka\u017cda nowa instalacja tego typu w Cz\u0119stochowie)\nposiadaj\u0105 specjalne oznakowanie z my\u015bl\u0105 o osobach niedowidz\u0105cych.<\/p>\n\n\n\n<p>Nowe wiaty pojawi\u0105 si\u0119 niemal we wszystkich dzielnicach miasta.\nStan\u0105 przy ul. Le\u015bnej (2 sztuki), ul. Zbyszka, przed domem handlowym\n,,Centrum\u201d, przed centrum ,,Jagiello\u0144czycy\u201d, przy ul. Palmowej, ul. Rutkiewicz\n(2 sztuki), przed gmachem s\u0105d\u00f3w przy ul. D\u0105browskiego, przy ul. Kordeckiego,\nul. Berger, przy al. Pokoju, ul. Kutrzeby, przed Komend\u0105 Miejsk\u0105 Policji i\nDworcem G\u0142\u00f3wnym PKP, a tak\u017ce przy ul. Dekabryst\u00f3w, ul. Kusoci\u0144skiego oraz ul.\nZdrowej.<\/p>\n","protected":false},"excerpt":{"rendered":"<p>Osiemna\u015bcie nowych i estetycznych wiat przystankowych stanie do ko\u0144ca lipca w Cz\u0119stochowie. Miejski Zarz\u0105d Dr\u00f3g i Transportu wyda na te przystanki blisko 100 tys.<\/p>\n","protected":false},"author":3,"featured_media":4533,"comment_status":"open","ping_status":"open","sticky":false,"template":"","format":"standard","meta":{"_monsterinsights_skip_tracking":false,"_monsterinsights_sitenote_active":false,"_monsterinsights_sitenote_note":"","_monsterinsights_sitenote_category":0,"_uf_show_specific_survey":0,"_uf_disable_surveys":false,"footnotes":""},"categories":[3,33,2],"tags":[],"class_list":["post-4531","post","type-post","status-publish","format-standard","has-post-thumbnail","hentry","category-czestochowa-informacje","category-inwestycje","category-wiadomosci"],"_links":{"self":[{"href":"https:\/\/gazetaregionalna.com\/index.php?rest_route=\/wp\/v2\/posts\/4531","targetHints":{"allow":["GET"]}}],"collection":[{"href":"https:\/\/gazetaregionalna.com\/index.php?rest_route=\/wp\/v2\/posts"}],"about":[{"href":"https:\/\/gazetaregionalna.com\/index.php?rest_route=\/wp\/v2\/types\/post"}],"author":[{"embeddable":true,"href":"https:\/\/gazetaregionalna.com\/index.php?rest_route=\/wp\/v2\/users\/3"}],"replies":[{"embeddable":true,"href":"https:\/\/gazetaregionalna.com\/index.php?rest_route=%2Fwp%2Fv2%2Fcomments&post=4531"}],"version-history":[{"count":1,"href":"https:\/\/gazetaregionalna.com\/index.php?rest_route=\/wp\/v2\/posts\/4531\/revisions"}],"predecessor-version":[{"id":4537,"href":"https:\/\/gazetaregionalna.com\/index.php?rest_route=\/wp\/v2\/posts\/4531\/revisions\/4537"}],"wp:featuredmedia":[{"embeddable":true,"href":"https:\/\/gazetaregionalna.com\/index.php?rest_route=\/wp\/v2\/media\/4533"}],"wp:attachment":[{"href":"https:\/\/gazetaregionalna.com\/index.php?rest_route=%2Fwp%2Fv2%2Fmedia&parent=4531"}],"wp:term":[{"taxonomy":"category","embeddable":true,"href":"https:\/\/gazetaregionalna.com\/index.php?rest_route=%2Fwp%2Fv2%2Fcategories&post=4531"},{"taxonomy":"post_tag","embeddable":true,"href":"https:\/\/gazetaregionalna.com\/index.php?rest_route=%2Fwp%2Fv2%2Ftags&post=4531"}],"curies":[{"name":"wp","href":"https:\/\/api.w.org\/{rel}","templated":true}]}}