{"id":45248,"date":"2021-06-19T07:21:59","date_gmt":"2021-06-19T07:21:59","guid":{"rendered":"https:\/\/gazetaregionalna.com\/?p=45248"},"modified":"2021-06-19T07:22:01","modified_gmt":"2021-06-19T07:22:01","slug":"dobry-wystep-miskowiaka-w-finale-pge-imme-madsen-wycofal-sie-po-jednym-biegu","status":"publish","type":"post","link":"https:\/\/gazetaregionalna.com\/?p=45248","title":{"rendered":"Dobry wyst\u0119p Mi\u015bkowiaka w finale PGE IMME. Madsen wycofa\u0142 si\u0119 po jednym biegu"},"content":{"rendered":"\n<p>W pi\u0105tek na toru\u0144skiej MotoArenie rozegrano fina\u0142 PGE Indywidualnych Mi\u0119dzynarodowych Mistrzostw Ekstraligi. Wygra\u0142 by\u0142y \u017cu\u017clowiec Eltrox W\u0142\u00f3kniarza Jason Doyle, a bardzo dobry wyst\u0119p zaliczy\u0142 cz\u0119stochowski junior Jakub Mi\u015bkowiak.<\/p>\n\n\n\n<p>Zawodnicy do fina\u0142u kwalifikowani byli na podstawie \u015brednich biegowych po p\u00f3\u0142metku PGE Ekstraligi. W tej stawce znalaz\u0142o si\u0119 dw\u00f3ch reprezentant\u00f3w Eltrox W\u0142\u00f3kniarz Cz\u0119stochowa. To Leon Madsen i Jakub Mi\u015bkowiak.<\/p>\n\n\n\n<p>Madsen w \u015brod\u0119 na torze w Bydgoszczy wygra\u0142 I rund\u0119 SEC. W biegu fina\u0142owym zanotowa\u0142 jednak upadek, kt\u00f3ry spowodowa\u0142 Du\u0144czyk Mikkel Michelsen. Skutki upadku Madsen odczuwa\u0142 w pi\u0105tek w Toruniu. Po pierwszym swoim starcie, w kt\u00f3rym przyjecha\u0142 ostatni, Du\u0144czyk wycofa\u0142 si\u0119 z turnieju.<\/p>\n\n\n\n<p>Bardzo dobrze w mi\u0119dzynarodowym towarzystwie radzi\u0142 sobie za to junior Eltrox W\u0142\u00f3kniarza Jakub Mi\u015bkowiak. W serii zasadniczej zgromadzi\u0142 10 punkt\u00f3w (2,3,2,1,2) i awansowa\u0142 do biegu p\u00f3\u0142fina\u0142owego. W nim przyjecha\u0142 na trzeciej pozycji, za plecami Nicki Pedersena i Artioma \u0141aguty. Mi\u015bkowiak za swoimi plecami zostawi\u0142 Emila Sajfutdinowa.<\/p>\n\n\n\n<p>Rund\u0119 zasadnicz\u0105 wygra\u0142 Bartosz Zmarlik (12 punkt\u00f3w). W wielkim finale pierwszy do mety dojecha\u0142 Doyle, kt\u00f3ry wyprzedzi\u0142 Janusza Ko\u0142odzieja, Zmarzlika i Pedersena.<\/p>\n\n\n\n<p>Foto: Gazeta Regionalna\/AK<\/p>\n\n\n\n<figure class=\"wp-block-image size-large\"><img decoding=\"async\" width=\"1024\" height=\"533\" data-src=\"https:\/\/gazetaregionalna.com\/wp-content\/uploads\/2021\/05\/CKM-GKM-00-1024x533.jpg\" alt=\"\" class=\"wp-image-43075 lazyload\" data-srcset=\"https:\/\/gazetaregionalna.com\/wp-content\/uploads\/2021\/05\/CKM-GKM-00-1024x533.jpg 1024w, https:\/\/gazetaregionalna.com\/wp-content\/uploads\/2021\/05\/CKM-GKM-00-300x156.jpg 300w, https:\/\/gazetaregionalna.com\/wp-content\/uploads\/2021\/05\/CKM-GKM-00-768x400.jpg 768w, https:\/\/gazetaregionalna.com\/wp-content\/uploads\/2021\/05\/CKM-GKM-00-1536x799.jpg 1536w, https:\/\/gazetaregionalna.com\/wp-content\/uploads\/2021\/05\/CKM-GKM-00-2048x1066.jpg 2048w, https:\/\/gazetaregionalna.com\/wp-content\/uploads\/2021\/05\/CKM-GKM-00-696x362.jpg 696w, https:\/\/gazetaregionalna.com\/wp-content\/uploads\/2021\/05\/CKM-GKM-00-1068x556.jpg 1068w, https:\/\/gazetaregionalna.com\/wp-content\/uploads\/2021\/05\/CKM-GKM-00-1920x999.jpg 1920w, https:\/\/gazetaregionalna.com\/wp-content\/uploads\/2021\/05\/CKM-GKM-00-807x420.jpg 807w, https:\/\/gazetaregionalna.com\/wp-content\/uploads\/2021\/05\/CKM-GKM-00-scaled.jpg 1200w\" data-sizes=\"(max-width: 1024px) 100vw, 1024px\" src=\"data:image\/svg+xml;base64,PHN2ZyB3aWR0aD0iMSIgaGVpZ2h0PSIxIiB4bWxucz0iaHR0cDovL3d3dy53My5vcmcvMjAwMC9zdmciPjwvc3ZnPg==\" style=\"--smush-placeholder-width: 1024px; --smush-placeholder-aspect-ratio: 1024\/533;\" \/><\/figure>\n\n\n\n<figure class=\"wp-block-image size-large\"><img decoding=\"async\" width=\"1024\" height=\"877\" data-src=\"https:\/\/gazetaregionalna.com\/wp-content\/uploads\/2021\/05\/CKM-GKM-2-1024x877.jpg\" alt=\"\" class=\"wp-image-43079 lazyload\" data-srcset=\"https:\/\/gazetaregionalna.com\/wp-content\/uploads\/2021\/05\/CKM-GKM-2-1024x877.jpg 1024w, https:\/\/gazetaregionalna.com\/wp-content\/uploads\/2021\/05\/CKM-GKM-2-300x257.jpg 300w, https:\/\/gazetaregionalna.com\/wp-content\/uploads\/2021\/05\/CKM-GKM-2-768x658.jpg 768w, https:\/\/gazetaregionalna.com\/wp-content\/uploads\/2021\/05\/CKM-GKM-2-1536x1316.jpg 1536w, https:\/\/gazetaregionalna.com\/wp-content\/uploads\/2021\/05\/CKM-GKM-2-2048x1754.jpg 2048w, https:\/\/gazetaregionalna.com\/wp-content\/uploads\/2021\/05\/CKM-GKM-2-696x596.jpg 696w, https:\/\/gazetaregionalna.com\/wp-content\/uploads\/2021\/05\/CKM-GKM-2-1068x915.jpg 1068w, https:\/\/gazetaregionalna.com\/wp-content\/uploads\/2021\/05\/CKM-GKM-2-1920x1645.jpg 1920w, https:\/\/gazetaregionalna.com\/wp-content\/uploads\/2021\/05\/CKM-GKM-2-490x420.jpg 490w, https:\/\/gazetaregionalna.com\/wp-content\/uploads\/2021\/05\/CKM-GKM-2-scaled.jpg 1200w\" data-sizes=\"(max-width: 1024px) 100vw, 1024px\" src=\"data:image\/svg+xml;base64,PHN2ZyB3aWR0aD0iMSIgaGVpZ2h0PSIxIiB4bWxucz0iaHR0cDovL3d3dy53My5vcmcvMjAwMC9zdmciPjwvc3ZnPg==\" style=\"--smush-placeholder-width: 1024px; --smush-placeholder-aspect-ratio: 1024\/877;\" \/><\/figure>\n\n\n\n<figure class=\"wp-block-image size-large\"><img decoding=\"async\" width=\"1024\" height=\"683\" data-src=\"https:\/\/gazetaregionalna.com\/wp-content\/uploads\/2021\/05\/CKM-GKM-17-1024x683.jpg\" alt=\"\" class=\"wp-image-43088 lazyload\" data-srcset=\"https:\/\/gazetaregionalna.com\/wp-content\/uploads\/2021\/05\/CKM-GKM-17-1024x683.jpg 1024w, https:\/\/gazetaregionalna.com\/wp-content\/uploads\/2021\/05\/CKM-GKM-17-300x200.jpg 300w, https:\/\/gazetaregionalna.com\/wp-content\/uploads\/2021\/05\/CKM-GKM-17-768x512.jpg 768w, https:\/\/gazetaregionalna.com\/wp-content\/uploads\/2021\/05\/CKM-GKM-17-1536x1024.jpg 1536w, https:\/\/gazetaregionalna.com\/wp-content\/uploads\/2021\/05\/CKM-GKM-17-2048x1365.jpg 2048w, https:\/\/gazetaregionalna.com\/wp-content\/uploads\/2021\/05\/CKM-GKM-17-696x464.jpg 696w, https:\/\/gazetaregionalna.com\/wp-content\/uploads\/2021\/05\/CKM-GKM-17-1068x712.jpg 1068w, https:\/\/gazetaregionalna.com\/wp-content\/uploads\/2021\/05\/CKM-GKM-17-1920x1280.jpg 1920w, https:\/\/gazetaregionalna.com\/wp-content\/uploads\/2021\/05\/CKM-GKM-17-630x420.jpg 630w, https:\/\/gazetaregionalna.com\/wp-content\/uploads\/2021\/05\/CKM-GKM-17-scaled.jpg 1200w\" data-sizes=\"(max-width: 1024px) 100vw, 1024px\" src=\"data:image\/svg+xml;base64,PHN2ZyB3aWR0aD0iMSIgaGVpZ2h0PSIxIiB4bWxucz0iaHR0cDovL3d3dy53My5vcmcvMjAwMC9zdmciPjwvc3ZnPg==\" style=\"--smush-placeholder-width: 1024px; --smush-placeholder-aspect-ratio: 1024\/683;\" \/><\/figure>\n\n\n\n<figure class=\"wp-block-image size-large\"><img decoding=\"async\" width=\"1024\" height=\"547\" data-src=\"https:\/\/gazetaregionalna.com\/wp-content\/uploads\/2021\/05\/CKM-GKM-7-1024x547.jpg\" alt=\"\" class=\"wp-image-43084 lazyload\" data-srcset=\"https:\/\/gazetaregionalna.com\/wp-content\/uploads\/2021\/05\/CKM-GKM-7-1024x547.jpg 1024w, https:\/\/gazetaregionalna.com\/wp-content\/uploads\/2021\/05\/CKM-GKM-7-300x160.jpg 300w, https:\/\/gazetaregionalna.com\/wp-content\/uploads\/2021\/05\/CKM-GKM-7-768x410.jpg 768w, https:\/\/gazetaregionalna.com\/wp-content\/uploads\/2021\/05\/CKM-GKM-7-1536x820.jpg 1536w, https:\/\/gazetaregionalna.com\/wp-content\/uploads\/2021\/05\/CKM-GKM-7-2048x1094.jpg 2048w, https:\/\/gazetaregionalna.com\/wp-content\/uploads\/2021\/05\/CKM-GKM-7-696x372.jpg 696w, https:\/\/gazetaregionalna.com\/wp-content\/uploads\/2021\/05\/CKM-GKM-7-1068x570.jpg 1068w, https:\/\/gazetaregionalna.com\/wp-content\/uploads\/2021\/05\/CKM-GKM-7-1920x1025.jpg 1920w, https:\/\/gazetaregionalna.com\/wp-content\/uploads\/2021\/05\/CKM-GKM-7-787x420.jpg 787w, https:\/\/gazetaregionalna.com\/wp-content\/uploads\/2021\/05\/CKM-GKM-7-scaled.jpg 1200w\" data-sizes=\"(max-width: 1024px) 100vw, 1024px\" src=\"data:image\/svg+xml;base64,PHN2ZyB3aWR0aD0iMSIgaGVpZ2h0PSIxIiB4bWxucz0iaHR0cDovL3d3dy53My5vcmcvMjAwMC9zdmciPjwvc3ZnPg==\" style=\"--smush-placeholder-width: 1024px; --smush-placeholder-aspect-ratio: 1024\/547;\" \/><\/figure>\n","protected":false},"excerpt":{"rendered":"<p>W pi\u0105tek na toru\u0144skiej MotoArenie rozegrano fina\u0142 PGE Indywidualnych Mi\u0119dzynarodowych Mistrzostw Ekstraligi. Wygra\u0142 by\u0142y \u017cu\u017clowiec Eltrox W\u0142\u00f3kniarza Jason Doyle, a bardzo dobry wyst\u0119p zaliczy\u0142<\/p>\n","protected":false},"author":15,"featured_media":43078,"comment_status":"open","ping_status":"open","sticky":false,"template":"","format":"standard","meta":{"_monsterinsights_skip_tracking":false,"_monsterinsights_sitenote_active":false,"_monsterinsights_sitenote_note":"","_monsterinsights_sitenote_category":0,"_uf_show_specific_survey":0,"_uf_disable_surveys":false,"footnotes":""},"categories":[5,7],"tags":[],"class_list":["post-45248","post","type-post","status-publish","format-standard","has-post-thumbnail","hentry","category-sport","category-zuzel"],"_links":{"self":[{"href":"https:\/\/gazetaregionalna.com\/index.php?rest_route=\/wp\/v2\/posts\/45248","targetHints":{"allow":["GET"]}}],"collection":[{"href":"https:\/\/gazetaregionalna.com\/index.php?rest_route=\/wp\/v2\/posts"}],"about":[{"href":"https:\/\/gazetaregionalna.com\/index.php?rest_route=\/wp\/v2\/types\/post"}],"author":[{"embeddable":true,"href":"https:\/\/gazetaregionalna.com\/index.php?rest_route=\/wp\/v2\/users\/15"}],"replies":[{"embeddable":true,"href":"https:\/\/gazetaregionalna.com\/index.php?rest_route=%2Fwp%2Fv2%2Fcomments&post=45248"}],"version-history":[{"count":1,"href":"https:\/\/gazetaregionalna.com\/index.php?rest_route=\/wp\/v2\/posts\/45248\/revisions"}],"predecessor-version":[{"id":45249,"href":"https:\/\/gazetaregionalna.com\/index.php?rest_route=\/wp\/v2\/posts\/45248\/revisions\/45249"}],"wp:featuredmedia":[{"embeddable":true,"href":"https:\/\/gazetaregionalna.com\/index.php?rest_route=\/wp\/v2\/media\/43078"}],"wp:attachment":[{"href":"https:\/\/gazetaregionalna.com\/index.php?rest_route=%2Fwp%2Fv2%2Fmedia&parent=45248"}],"wp:term":[{"taxonomy":"category","embeddable":true,"href":"https:\/\/gazetaregionalna.com\/index.php?rest_route=%2Fwp%2Fv2%2Fcategories&post=45248"},{"taxonomy":"post_tag","embeddable":true,"href":"https:\/\/gazetaregionalna.com\/index.php?rest_route=%2Fwp%2Fv2%2Ftags&post=45248"}],"curies":[{"name":"wp","href":"https:\/\/api.w.org\/{rel}","templated":true}]}}