{"id":45244,"date":"2021-06-19T07:04:03","date_gmt":"2021-06-19T07:04:03","guid":{"rendered":"https:\/\/gazetaregionalna.com\/?p=45244"},"modified":"2021-06-19T07:27:20","modified_gmt":"2021-06-19T07:27:20","slug":"bramkarz-z-bosni-i-hercegowiny-trafil-do-rakowa-gral-w-fk-sarajrewo","status":"publish","type":"post","link":"https:\/\/gazetaregionalna.com\/?p=45244","title":{"rendered":"Bramkarz z Bo\u015bni i Hercegowiny trafi\u0142 do Rakowa. Gra\u0142 w FK Sarajewo"},"content":{"rendered":"\n<p>23-letni Vladan Kovacevi\u0107 zosta\u0142 nowym bramkarzem Rakowa. Umowa zosta\u0142a podpisana na 3 lata.<\/p>\n\n\n\n<p>W rundzie wiosennej poprzedniego sezonu podstawowym bramkarzem Rakowa by\u0142 S\u0142owak Dominik Holec, ale musia\u0142 wr\u00f3ci\u0107 z wypo\u017cyczenia do swojego klubu. Dzia\u0142acze Rakowa szukali wzmocnienia na tej pozycji. Wyb\u00f3r pad\u0142 na pochodz\u0105cego z Bo\u015bni i Hercegowiny 23-letniego Vladana Kovacevicia.<\/p>\n\n\n\n<p>Swoj\u0105 przygod\u0119 z pi\u0142k\u0105 no\u017cn\u0105 rozpoczyna\u0142 w FK Zeljeznicar Banja Luka. Nast\u0119pnie gra\u0142 w FK Sarajewo i FK Sloboda Mrkonjic Grad. Do Rakowa przechodzi z FK Sarajewo. Gra\u0142 te\u017c w reprezentacji narodowej BiH U21. W swoim do\u015bwiadczeniu ma te\u017c gr\u0119 w europejskich pucharach, co ma du\u017ce znaczenie w kontek\u015bcie wyst\u0119p\u00f3w Rakowa w eliminacjach do Ligi Konferencji Europy.<\/p>\n\n\n\n<p>Foto: Materia\u0142y prasowe Rakowa<\/p>\n\n\n\n<figure class=\"wp-block-image size-large\"><img decoding=\"async\" width=\"800\" height=\"533\" data-src=\"https:\/\/gazetaregionalna.com\/wp-content\/uploads\/2021\/06\/kovacevic.jpg\" alt=\"\" class=\"wp-image-45245 lazyload\" data-srcset=\"https:\/\/gazetaregionalna.com\/wp-content\/uploads\/2021\/06\/kovacevic.jpg 800w, https:\/\/gazetaregionalna.com\/wp-content\/uploads\/2021\/06\/kovacevic-300x200.jpg 300w, https:\/\/gazetaregionalna.com\/wp-content\/uploads\/2021\/06\/kovacevic-768x512.jpg 768w, https:\/\/gazetaregionalna.com\/wp-content\/uploads\/2021\/06\/kovacevic-696x464.jpg 696w, https:\/\/gazetaregionalna.com\/wp-content\/uploads\/2021\/06\/kovacevic-630x420.jpg 630w\" data-sizes=\"(max-width: 800px) 100vw, 800px\" src=\"data:image\/svg+xml;base64,PHN2ZyB3aWR0aD0iMSIgaGVpZ2h0PSIxIiB4bWxucz0iaHR0cDovL3d3dy53My5vcmcvMjAwMC9zdmciPjwvc3ZnPg==\" style=\"--smush-placeholder-width: 800px; --smush-placeholder-aspect-ratio: 800\/533;\" \/><\/figure>\n","protected":false},"excerpt":{"rendered":"<p>23-letni Vladan Kovacevi\u0107 zosta\u0142 nowym bramkarzem Rakowa. Umowa zosta\u0142a podpisana na 3 lata. W rundzie wiosennej poprzedniego sezonu podstawowym bramkarzem Rakowa by\u0142 S\u0142owak Dominik<\/p>\n","protected":false},"author":15,"featured_media":45245,"comment_status":"open","ping_status":"open","sticky":false,"template":"","format":"standard","meta":{"_monsterinsights_skip_tracking":false,"_monsterinsights_sitenote_active":false,"_monsterinsights_sitenote_note":"","_monsterinsights_sitenote_category":0,"_uf_show_specific_survey":0,"_uf_disable_surveys":false,"footnotes":""},"categories":[94,6,5],"tags":[],"class_list":["post-45244","post","type-post","status-publish","format-standard","has-post-thumbnail","hentry","category-polecane","category-pilka-nozna","category-sport"],"_links":{"self":[{"href":"https:\/\/gazetaregionalna.com\/index.php?rest_route=\/wp\/v2\/posts\/45244","targetHints":{"allow":["GET"]}}],"collection":[{"href":"https:\/\/gazetaregionalna.com\/index.php?rest_route=\/wp\/v2\/posts"}],"about":[{"href":"https:\/\/gazetaregionalna.com\/index.php?rest_route=\/wp\/v2\/types\/post"}],"author":[{"embeddable":true,"href":"https:\/\/gazetaregionalna.com\/index.php?rest_route=\/wp\/v2\/users\/15"}],"replies":[{"embeddable":true,"href":"https:\/\/gazetaregionalna.com\/index.php?rest_route=%2Fwp%2Fv2%2Fcomments&post=45244"}],"version-history":[{"count":2,"href":"https:\/\/gazetaregionalna.com\/index.php?rest_route=\/wp\/v2\/posts\/45244\/revisions"}],"predecessor-version":[{"id":45250,"href":"https:\/\/gazetaregionalna.com\/index.php?rest_route=\/wp\/v2\/posts\/45244\/revisions\/45250"}],"wp:featuredmedia":[{"embeddable":true,"href":"https:\/\/gazetaregionalna.com\/index.php?rest_route=\/wp\/v2\/media\/45245"}],"wp:attachment":[{"href":"https:\/\/gazetaregionalna.com\/index.php?rest_route=%2Fwp%2Fv2%2Fmedia&parent=45244"}],"wp:term":[{"taxonomy":"category","embeddable":true,"href":"https:\/\/gazetaregionalna.com\/index.php?rest_route=%2Fwp%2Fv2%2Fcategories&post=45244"},{"taxonomy":"post_tag","embeddable":true,"href":"https:\/\/gazetaregionalna.com\/index.php?rest_route=%2Fwp%2Fv2%2Ftags&post=45244"}],"curies":[{"name":"wp","href":"https:\/\/api.w.org\/{rel}","templated":true}]}}