{"id":45099,"date":"2021-06-18T09:42:12","date_gmt":"2021-06-18T09:42:12","guid":{"rendered":"https:\/\/gazetaregionalna.com\/?p=45099"},"modified":"2021-06-18T09:42:13","modified_gmt":"2021-06-18T09:42:13","slug":"bezdomne-zwierzaki-czekaja-na-nowy-dom-nasza-akcja-pod-haslem-adoptuj-mnie-trwa","status":"publish","type":"post","link":"https:\/\/gazetaregionalna.com\/?p=45099","title":{"rendered":"Bezdomne zwierzaki czekaj\u0105 na nowy dom. Nasza akcja pod has\u0142em &#8222;Adoptuj mnie&#8221; trwa"},"content":{"rendered":"\n<h2 class=\"wp-block-heading\">Bezdomne zwierzaki czekaj\u0105 na nowy dom. Nasza akcja pod has\u0142em &#8222;Adoptuj mnie&#8221; trwa. Razem ze Stowarzyszeniem Cz\u0119stochowa dla Zwierz\u0105t szukamy tym cudownym czworonogom cz\u0142owieka, kt\u00f3ry je pokocha i zabierze ze schroniska.<\/h2>\n\n\n\n<p>Dzisiaj prezentujemy trzy wspania\u0142e koty oraz cudownego psiaka.<\/p>\n\n\n\n<p>Jamni\u015b <strong>Loki&nbsp;<\/strong> (ur.2015)<\/p>\n\n\n\n<figure class=\"wp-block-gallery columns-3 is-cropped wp-block-gallery-1 is-layout-flex wp-block-gallery-is-layout-flex\"><ul class=\"blocks-gallery-grid\"><li class=\"blocks-gallery-item\"><figure><a href=\"https:\/\/gazetaregionalna.com\/wp-content\/uploads\/2021\/06\/201878652_532010498158157_3079385808856766273_n-1024x768.jpg\"><img decoding=\"async\" width=\"1024\" height=\"768\" data-src=\"https:\/\/gazetaregionalna.com\/wp-content\/uploads\/2021\/06\/201878652_532010498158157_3079385808856766273_n-1024x768.jpg\" alt=\"\" data-id=\"45102\" data-link=\"https:\/\/gazetaregionalna.com\/?attachment_id=45102\" class=\"wp-image-45102 lazyload\" data-srcset=\"https:\/\/gazetaregionalna.com\/wp-content\/uploads\/2021\/06\/201878652_532010498158157_3079385808856766273_n-1024x768.jpg 1024w, https:\/\/gazetaregionalna.com\/wp-content\/uploads\/2021\/06\/201878652_532010498158157_3079385808856766273_n-300x225.jpg 300w, https:\/\/gazetaregionalna.com\/wp-content\/uploads\/2021\/06\/201878652_532010498158157_3079385808856766273_n-768x576.jpg 768w, https:\/\/gazetaregionalna.com\/wp-content\/uploads\/2021\/06\/201878652_532010498158157_3079385808856766273_n-1536x1152.jpg 1536w, https:\/\/gazetaregionalna.com\/wp-content\/uploads\/2021\/06\/201878652_532010498158157_3079385808856766273_n-696x522.jpg 696w, https:\/\/gazetaregionalna.com\/wp-content\/uploads\/2021\/06\/201878652_532010498158157_3079385808856766273_n-1068x801.jpg 1068w, https:\/\/gazetaregionalna.com\/wp-content\/uploads\/2021\/06\/201878652_532010498158157_3079385808856766273_n-560x420.jpg 560w, https:\/\/gazetaregionalna.com\/wp-content\/uploads\/2021\/06\/201878652_532010498158157_3079385808856766273_n-80x60.jpg 80w, https:\/\/gazetaregionalna.com\/wp-content\/uploads\/2021\/06\/201878652_532010498158157_3079385808856766273_n-265x198.jpg 265w, https:\/\/gazetaregionalna.com\/wp-content\/uploads\/2021\/06\/201878652_532010498158157_3079385808856766273_n.jpg 1200w\" data-sizes=\"(max-width: 1024px) 100vw, 1024px\" src=\"data:image\/svg+xml;base64,PHN2ZyB3aWR0aD0iMSIgaGVpZ2h0PSIxIiB4bWxucz0iaHR0cDovL3d3dy53My5vcmcvMjAwMC9zdmciPjwvc3ZnPg==\" style=\"--smush-placeholder-width: 1024px; --smush-placeholder-aspect-ratio: 1024\/768;\" \/><\/a><\/figure><\/li><li class=\"blocks-gallery-item\"><figure><a href=\"https:\/\/gazetaregionalna.com\/wp-content\/uploads\/2021\/06\/202188717_222431446379993_1785994008941399222_n-1024x911.jpg\"><img decoding=\"async\" width=\"1024\" height=\"911\" data-src=\"https:\/\/gazetaregionalna.com\/wp-content\/uploads\/2021\/06\/202188717_222431446379993_1785994008941399222_n-1024x911.jpg\" alt=\"\" data-id=\"45103\" data-link=\"https:\/\/gazetaregionalna.com\/?attachment_id=45103\" class=\"wp-image-45103 lazyload\" data-srcset=\"https:\/\/gazetaregionalna.com\/wp-content\/uploads\/2021\/06\/202188717_222431446379993_1785994008941399222_n-1024x911.jpg 1024w, https:\/\/gazetaregionalna.com\/wp-content\/uploads\/2021\/06\/202188717_222431446379993_1785994008941399222_n-300x267.jpg 300w, https:\/\/gazetaregionalna.com\/wp-content\/uploads\/2021\/06\/202188717_222431446379993_1785994008941399222_n-768x683.jpg 768w, https:\/\/gazetaregionalna.com\/wp-content\/uploads\/2021\/06\/202188717_222431446379993_1785994008941399222_n-1536x1366.jpg 1536w, https:\/\/gazetaregionalna.com\/wp-content\/uploads\/2021\/06\/202188717_222431446379993_1785994008941399222_n-696x619.jpg 696w, https:\/\/gazetaregionalna.com\/wp-content\/uploads\/2021\/06\/202188717_222431446379993_1785994008941399222_n-1068x950.jpg 1068w, https:\/\/gazetaregionalna.com\/wp-content\/uploads\/2021\/06\/202188717_222431446379993_1785994008941399222_n-472x420.jpg 472w, https:\/\/gazetaregionalna.com\/wp-content\/uploads\/2021\/06\/202188717_222431446379993_1785994008941399222_n.jpg 1200w\" data-sizes=\"(max-width: 1024px) 100vw, 1024px\" src=\"data:image\/svg+xml;base64,PHN2ZyB3aWR0aD0iMSIgaGVpZ2h0PSIxIiB4bWxucz0iaHR0cDovL3d3dy53My5vcmcvMjAwMC9zdmciPjwvc3ZnPg==\" style=\"--smush-placeholder-width: 1024px; --smush-placeholder-aspect-ratio: 1024\/911;\" \/><\/a><\/figure><\/li><li class=\"blocks-gallery-item\"><figure><a href=\"https:\/\/gazetaregionalna.com\/wp-content\/uploads\/2021\/06\/199109769_792883368080115_5324048864988777009_n.jpg\"><img decoding=\"async\" width=\"1024\" height=\"576\" data-src=\"https:\/\/gazetaregionalna.com\/wp-content\/uploads\/2021\/06\/199109769_792883368080115_5324048864988777009_n-1024x576.jpg\" alt=\"\" data-id=\"45104\" data-full-url=\"https:\/\/gazetaregionalna.com\/wp-content\/uploads\/2021\/06\/199109769_792883368080115_5324048864988777009_n.jpg\" data-link=\"https:\/\/gazetaregionalna.com\/?attachment_id=45104\" class=\"wp-image-45104 lazyload\" data-srcset=\"https:\/\/gazetaregionalna.com\/wp-content\/uploads\/2021\/06\/199109769_792883368080115_5324048864988777009_n-1024x576.jpg 1024w, https:\/\/gazetaregionalna.com\/wp-content\/uploads\/2021\/06\/199109769_792883368080115_5324048864988777009_n-300x169.jpg 300w, https:\/\/gazetaregionalna.com\/wp-content\/uploads\/2021\/06\/199109769_792883368080115_5324048864988777009_n-768x432.jpg 768w, https:\/\/gazetaregionalna.com\/wp-content\/uploads\/2021\/06\/199109769_792883368080115_5324048864988777009_n-1536x864.jpg 1536w, https:\/\/gazetaregionalna.com\/wp-content\/uploads\/2021\/06\/199109769_792883368080115_5324048864988777009_n-696x392.jpg 696w, https:\/\/gazetaregionalna.com\/wp-content\/uploads\/2021\/06\/199109769_792883368080115_5324048864988777009_n-1068x601.jpg 1068w, https:\/\/gazetaregionalna.com\/wp-content\/uploads\/2021\/06\/199109769_792883368080115_5324048864988777009_n-747x420.jpg 747w, https:\/\/gazetaregionalna.com\/wp-content\/uploads\/2021\/06\/199109769_792883368080115_5324048864988777009_n.jpg 1200w\" data-sizes=\"(max-width: 1024px) 100vw, 1024px\" src=\"data:image\/svg+xml;base64,PHN2ZyB3aWR0aD0iMSIgaGVpZ2h0PSIxIiB4bWxucz0iaHR0cDovL3d3dy53My5vcmcvMjAwMC9zdmciPjwvc3ZnPg==\" style=\"--smush-placeholder-width: 1024px; --smush-placeholder-aspect-ratio: 1024\/576;\" \/><\/a><\/figure><\/li><\/ul><\/figure>\n\n\n\n<p>Kiedy znalaz\u0142 si\u0119 w Schronisku by\u0142 bardzo wystraszony i nieufny \u2013 reagowa\u0142 agresj\u0105, obecnie zrobi\u0142 ogromne post\u0119py w zachowaniu. Sta\u0142 si\u0119 przyjazny, ch\u0119tnie przybiega do wolontariuszy na g\u0142askanie, wspina si\u0119 na kolana, aby go g\u0142aska\u0107. Ch\u0119tnie chodzi na spacery i korzysta z wybiegu, gdzie super dogaduje si\u0119 z innymi psami. Loki trafi\u0142 do Schroniska po wypadku, z urazem tylnej \u0142apki. Teraz czuje si\u0119 dobrze i porusza w pe\u0142ni sprawnie, ale przed planowan\u0105 adopcj\u0105 b\u0119dzie wymagany kontakt ze schroniskowym lekarzem weterynarii. Konieczne b\u0119d\u0105 spacery zapoznawcze w celu nawi\u0105zania pozytywnej relacji z pieskiem oraz wizyta przedadopcyjna. Trafi\u0142 do Schroniska dnia 18.09.2020 r.&nbsp;&nbsp;<br>Boks: B 24&nbsp;<br><strong>Kontakt w sprawie adopcji: Schronisko dla Bezdomnych Zwierz\u0105t w Cz\u0119stochowie ul. Gilowa 44\/46 tel. 34 361-65-66<\/strong><\/p>\n\n\n\n<p><strong>Mi\u0119ta<\/strong> z Alei Niepodleg\u0142o\u015bci (ur. 2017)&nbsp;<\/p>\n\n\n\n<figure class=\"wp-block-gallery columns-3 is-cropped wp-block-gallery-2 is-layout-flex wp-block-gallery-is-layout-flex\"><ul class=\"blocks-gallery-grid\"><li class=\"blocks-gallery-item\"><figure><a href=\"https:\/\/gazetaregionalna.com\/wp-content\/uploads\/2021\/06\/1-20.jpg\"><img decoding=\"async\" width=\"821\" height=\"874\" data-src=\"https:\/\/gazetaregionalna.com\/wp-content\/uploads\/2021\/06\/1-20.jpg\" alt=\"\" data-id=\"45107\" data-full-url=\"https:\/\/gazetaregionalna.com\/wp-content\/uploads\/2021\/06\/1-20.jpg\" data-link=\"https:\/\/gazetaregionalna.com\/?attachment_id=45107\" class=\"wp-image-45107 lazyload\" data-srcset=\"https:\/\/gazetaregionalna.com\/wp-content\/uploads\/2021\/06\/1-20.jpg 821w, https:\/\/gazetaregionalna.com\/wp-content\/uploads\/2021\/06\/1-20-282x300.jpg 282w, https:\/\/gazetaregionalna.com\/wp-content\/uploads\/2021\/06\/1-20-768x818.jpg 768w, https:\/\/gazetaregionalna.com\/wp-content\/uploads\/2021\/06\/1-20-696x741.jpg 696w, https:\/\/gazetaregionalna.com\/wp-content\/uploads\/2021\/06\/1-20-395x420.jpg 395w\" data-sizes=\"(max-width: 821px) 100vw, 821px\" src=\"data:image\/svg+xml;base64,PHN2ZyB3aWR0aD0iMSIgaGVpZ2h0PSIxIiB4bWxucz0iaHR0cDovL3d3dy53My5vcmcvMjAwMC9zdmciPjwvc3ZnPg==\" style=\"--smush-placeholder-width: 821px; --smush-placeholder-aspect-ratio: 821\/874;\" \/><\/a><\/figure><\/li><li class=\"blocks-gallery-item\"><figure><a href=\"https:\/\/gazetaregionalna.com\/wp-content\/uploads\/2021\/06\/3-11.jpg\"><img decoding=\"async\" width=\"765\" height=\"880\" data-src=\"https:\/\/gazetaregionalna.com\/wp-content\/uploads\/2021\/06\/3-11.jpg\" alt=\"\" data-id=\"45108\" data-full-url=\"https:\/\/gazetaregionalna.com\/wp-content\/uploads\/2021\/06\/3-11.jpg\" data-link=\"https:\/\/gazetaregionalna.com\/?attachment_id=45108\" class=\"wp-image-45108 lazyload\" data-srcset=\"https:\/\/gazetaregionalna.com\/wp-content\/uploads\/2021\/06\/3-11.jpg 765w, https:\/\/gazetaregionalna.com\/wp-content\/uploads\/2021\/06\/3-11-261x300.jpg 261w, https:\/\/gazetaregionalna.com\/wp-content\/uploads\/2021\/06\/3-11-696x801.jpg 696w, https:\/\/gazetaregionalna.com\/wp-content\/uploads\/2021\/06\/3-11-365x420.jpg 365w\" data-sizes=\"(max-width: 765px) 100vw, 765px\" src=\"data:image\/svg+xml;base64,PHN2ZyB3aWR0aD0iMSIgaGVpZ2h0PSIxIiB4bWxucz0iaHR0cDovL3d3dy53My5vcmcvMjAwMC9zdmciPjwvc3ZnPg==\" style=\"--smush-placeholder-width: 765px; --smush-placeholder-aspect-ratio: 765\/880;\" \/><\/a><\/figure><\/li><li class=\"blocks-gallery-item\"><figure><a href=\"https:\/\/gazetaregionalna.com\/wp-content\/uploads\/2021\/06\/200859663_232477638395528_3568545098462167248_n1.jpg\"><img decoding=\"async\" width=\"720\" height=\"960\" data-src=\"https:\/\/gazetaregionalna.com\/wp-content\/uploads\/2021\/06\/200859663_232477638395528_3568545098462167248_n1.jpg\" alt=\"\" data-id=\"45109\" data-full-url=\"https:\/\/gazetaregionalna.com\/wp-content\/uploads\/2021\/06\/200859663_232477638395528_3568545098462167248_n1.jpg\" data-link=\"https:\/\/gazetaregionalna.com\/?attachment_id=45109\" class=\"wp-image-45109 lazyload\" data-srcset=\"https:\/\/gazetaregionalna.com\/wp-content\/uploads\/2021\/06\/200859663_232477638395528_3568545098462167248_n1.jpg 720w, https:\/\/gazetaregionalna.com\/wp-content\/uploads\/2021\/06\/200859663_232477638395528_3568545098462167248_n1-225x300.jpg 225w, https:\/\/gazetaregionalna.com\/wp-content\/uploads\/2021\/06\/200859663_232477638395528_3568545098462167248_n1-696x928.jpg 696w, https:\/\/gazetaregionalna.com\/wp-content\/uploads\/2021\/06\/200859663_232477638395528_3568545098462167248_n1-315x420.jpg 315w\" data-sizes=\"(max-width: 720px) 100vw, 720px\" src=\"data:image\/svg+xml;base64,PHN2ZyB3aWR0aD0iMSIgaGVpZ2h0PSIxIiB4bWxucz0iaHR0cDovL3d3dy53My5vcmcvMjAwMC9zdmciPjwvc3ZnPg==\" style=\"--smush-placeholder-width: 720px; --smush-placeholder-aspect-ratio: 720\/960;\" \/><\/a><\/figure><\/li><\/ul><\/figure>\n\n\n\n<p><br>Spokojna i delikatna, nie wchodzi w interakcj\u0119 z s\u0105siadami z boksu.Ale lgnie do ludzi&#8230; Je\u015bli tylko kto\u015b oka\u017ce jej zainteresowanie&#8230;Numer karty:&nbsp;<strong>7\/21<\/strong>Boks:&nbsp;<strong>DK LS 6<\/strong><\/p>\n\n\n\n<p><strong>Kontakt w sprawie adopcji: Schronisko dla Bezdomnych Zwierz\u0105t w Cz\u0119stochowie ul. Gilowa 44\/46 tel. 34 361-65-66<\/strong><\/p>\n\n\n\n<p>Z\u0142otooki <strong>Mau<\/strong> (ur. 2019)&nbsp; trafi\u0142 do schroniska 29-04-21r.<\/p>\n\n\n\n<figure class=\"wp-block-gallery columns-3 is-cropped wp-block-gallery-3 is-layout-flex wp-block-gallery-is-layout-flex\"><ul class=\"blocks-gallery-grid\"><li class=\"blocks-gallery-item\"><figure><a href=\"https:\/\/gazetaregionalna.com\/wp-content\/uploads\/2021\/06\/1-21.jpg\"><img decoding=\"async\" width=\"977\" height=\"745\" data-src=\"https:\/\/gazetaregionalna.com\/wp-content\/uploads\/2021\/06\/1-21.jpg\" alt=\"\" data-id=\"45112\" data-full-url=\"https:\/\/gazetaregionalna.com\/wp-content\/uploads\/2021\/06\/1-21.jpg\" data-link=\"https:\/\/gazetaregionalna.com\/?attachment_id=45112\" class=\"wp-image-45112 lazyload\" data-srcset=\"https:\/\/gazetaregionalna.com\/wp-content\/uploads\/2021\/06\/1-21.jpg 977w, https:\/\/gazetaregionalna.com\/wp-content\/uploads\/2021\/06\/1-21-300x229.jpg 300w, https:\/\/gazetaregionalna.com\/wp-content\/uploads\/2021\/06\/1-21-768x586.jpg 768w, https:\/\/gazetaregionalna.com\/wp-content\/uploads\/2021\/06\/1-21-696x531.jpg 696w, https:\/\/gazetaregionalna.com\/wp-content\/uploads\/2021\/06\/1-21-551x420.jpg 551w, https:\/\/gazetaregionalna.com\/wp-content\/uploads\/2021\/06\/1-21-80x60.jpg 80w\" data-sizes=\"(max-width: 977px) 100vw, 977px\" src=\"data:image\/svg+xml;base64,PHN2ZyB3aWR0aD0iMSIgaGVpZ2h0PSIxIiB4bWxucz0iaHR0cDovL3d3dy53My5vcmcvMjAwMC9zdmciPjwvc3ZnPg==\" style=\"--smush-placeholder-width: 977px; --smush-placeholder-aspect-ratio: 977\/745;\" \/><\/a><\/figure><\/li><li class=\"blocks-gallery-item\"><figure><a href=\"https:\/\/gazetaregionalna.com\/wp-content\/uploads\/2021\/06\/2-17.jpg\"><img decoding=\"async\" width=\"885\" height=\"940\" data-src=\"https:\/\/gazetaregionalna.com\/wp-content\/uploads\/2021\/06\/2-17.jpg\" alt=\"\" data-id=\"45113\" data-full-url=\"https:\/\/gazetaregionalna.com\/wp-content\/uploads\/2021\/06\/2-17.jpg\" data-link=\"https:\/\/gazetaregionalna.com\/?attachment_id=45113\" class=\"wp-image-45113 lazyload\" data-srcset=\"https:\/\/gazetaregionalna.com\/wp-content\/uploads\/2021\/06\/2-17.jpg 885w, https:\/\/gazetaregionalna.com\/wp-content\/uploads\/2021\/06\/2-17-282x300.jpg 282w, https:\/\/gazetaregionalna.com\/wp-content\/uploads\/2021\/06\/2-17-768x816.jpg 768w, https:\/\/gazetaregionalna.com\/wp-content\/uploads\/2021\/06\/2-17-696x739.jpg 696w, https:\/\/gazetaregionalna.com\/wp-content\/uploads\/2021\/06\/2-17-395x420.jpg 395w\" data-sizes=\"(max-width: 885px) 100vw, 885px\" src=\"data:image\/svg+xml;base64,PHN2ZyB3aWR0aD0iMSIgaGVpZ2h0PSIxIiB4bWxucz0iaHR0cDovL3d3dy53My5vcmcvMjAwMC9zdmciPjwvc3ZnPg==\" style=\"--smush-placeholder-width: 885px; --smush-placeholder-aspect-ratio: 885\/940;\" \/><\/a><\/figure><\/li><li class=\"blocks-gallery-item\"><figure><a href=\"https:\/\/gazetaregionalna.com\/wp-content\/uploads\/2021\/06\/200546745_2836864903229415_432110412837934637_n.jpg\"><img decoding=\"async\" width=\"1024\" height=\"768\" data-src=\"https:\/\/gazetaregionalna.com\/wp-content\/uploads\/2021\/06\/200546745_2836864903229415_432110412837934637_n-1024x768.jpg\" alt=\"\" data-id=\"45114\" data-full-url=\"https:\/\/gazetaregionalna.com\/wp-content\/uploads\/2021\/06\/200546745_2836864903229415_432110412837934637_n.jpg\" data-link=\"https:\/\/gazetaregionalna.com\/?attachment_id=45114\" class=\"wp-image-45114 lazyload\" data-srcset=\"https:\/\/gazetaregionalna.com\/wp-content\/uploads\/2021\/06\/200546745_2836864903229415_432110412837934637_n-1024x768.jpg 1024w, https:\/\/gazetaregionalna.com\/wp-content\/uploads\/2021\/06\/200546745_2836864903229415_432110412837934637_n-300x225.jpg 300w, https:\/\/gazetaregionalna.com\/wp-content\/uploads\/2021\/06\/200546745_2836864903229415_432110412837934637_n-768x576.jpg 768w, https:\/\/gazetaregionalna.com\/wp-content\/uploads\/2021\/06\/200546745_2836864903229415_432110412837934637_n-1536x1152.jpg 1536w, https:\/\/gazetaregionalna.com\/wp-content\/uploads\/2021\/06\/200546745_2836864903229415_432110412837934637_n-696x522.jpg 696w, https:\/\/gazetaregionalna.com\/wp-content\/uploads\/2021\/06\/200546745_2836864903229415_432110412837934637_n-1068x801.jpg 1068w, https:\/\/gazetaregionalna.com\/wp-content\/uploads\/2021\/06\/200546745_2836864903229415_432110412837934637_n-560x420.jpg 560w, https:\/\/gazetaregionalna.com\/wp-content\/uploads\/2021\/06\/200546745_2836864903229415_432110412837934637_n-80x60.jpg 80w, https:\/\/gazetaregionalna.com\/wp-content\/uploads\/2021\/06\/200546745_2836864903229415_432110412837934637_n-265x198.jpg 265w, https:\/\/gazetaregionalna.com\/wp-content\/uploads\/2021\/06\/200546745_2836864903229415_432110412837934637_n.jpg 1200w\" data-sizes=\"(max-width: 1024px) 100vw, 1024px\" src=\"data:image\/svg+xml;base64,PHN2ZyB3aWR0aD0iMSIgaGVpZ2h0PSIxIiB4bWxucz0iaHR0cDovL3d3dy53My5vcmcvMjAwMC9zdmciPjwvc3ZnPg==\" style=\"--smush-placeholder-width: 1024px; --smush-placeholder-aspect-ratio: 1024\/768;\" \/><\/a><\/figure><\/li><\/ul><\/figure>\n\n\n\n<p><br>Jest szczup\u0142ym kocurkiem o pi\u0119knej, l\u015bni\u0105cej sier\u015bci. Bardzo spokojny, \u0142agodny. Nie wchodzi w konflikty z innymi kotami.&nbsp;<br>Z\u0142ote oczy i ich w\u0142a\u015bciciel Mau czekaj\u0105 na najlepszy dom na \u015bwiecie!Numer karty:&nbsp;<strong>51\/21<\/strong>Boks:&nbsp;<strong>DK LS 6<\/strong><\/p>\n\n\n\n<p><strong>Kontakt w sprawie adopcji: Schronisko dla Bezdomnych Zwierz\u0105t w Cz\u0119stochowie ul. Gilowa 44\/46 tel. 34 361-65-66<\/strong><\/p>\n\n\n\n<p><strong>Bajka<\/strong> (ur. 2020)- KOCICA z Ok\u00f3lnej, numer karty: 42\/2, boks: DK<\/p>\n\n\n\n<figure class=\"wp-block-gallery columns-3 is-cropped wp-block-gallery-4 is-layout-flex wp-block-gallery-is-layout-flex\"><ul class=\"blocks-gallery-grid\"><li class=\"blocks-gallery-item\"><figure><a href=\"https:\/\/gazetaregionalna.com\/wp-content\/uploads\/2021\/06\/1-19.jpg\"><img decoding=\"async\" width=\"936\" height=\"830\" data-src=\"https:\/\/gazetaregionalna.com\/wp-content\/uploads\/2021\/06\/1-19.jpg\" alt=\"\" data-id=\"45117\" data-full-url=\"https:\/\/gazetaregionalna.com\/wp-content\/uploads\/2021\/06\/1-19.jpg\" data-link=\"https:\/\/gazetaregionalna.com\/?attachment_id=45117\" class=\"wp-image-45117 lazyload\" data-srcset=\"https:\/\/gazetaregionalna.com\/wp-content\/uploads\/2021\/06\/1-19.jpg 936w, https:\/\/gazetaregionalna.com\/wp-content\/uploads\/2021\/06\/1-19-300x266.jpg 300w, https:\/\/gazetaregionalna.com\/wp-content\/uploads\/2021\/06\/1-19-768x681.jpg 768w, https:\/\/gazetaregionalna.com\/wp-content\/uploads\/2021\/06\/1-19-696x617.jpg 696w, https:\/\/gazetaregionalna.com\/wp-content\/uploads\/2021\/06\/1-19-474x420.jpg 474w\" data-sizes=\"(max-width: 936px) 100vw, 936px\" src=\"data:image\/svg+xml;base64,PHN2ZyB3aWR0aD0iMSIgaGVpZ2h0PSIxIiB4bWxucz0iaHR0cDovL3d3dy53My5vcmcvMjAwMC9zdmciPjwvc3ZnPg==\" style=\"--smush-placeholder-width: 936px; --smush-placeholder-aspect-ratio: 936\/830;\" \/><\/a><\/figure><\/li><li class=\"blocks-gallery-item\"><figure><a href=\"https:\/\/gazetaregionalna.com\/wp-content\/uploads\/2021\/06\/3-13.jpg\"><img decoding=\"async\" width=\"1024\" height=\"802\" data-src=\"https:\/\/gazetaregionalna.com\/wp-content\/uploads\/2021\/06\/3-13-1024x802.jpg\" alt=\"\" data-id=\"45118\" data-full-url=\"https:\/\/gazetaregionalna.com\/wp-content\/uploads\/2021\/06\/3-13.jpg\" data-link=\"https:\/\/gazetaregionalna.com\/?attachment_id=45118\" class=\"wp-image-45118 lazyload\" data-srcset=\"https:\/\/gazetaregionalna.com\/wp-content\/uploads\/2021\/06\/3-13-1024x802.jpg 1024w, https:\/\/gazetaregionalna.com\/wp-content\/uploads\/2021\/06\/3-13-300x235.jpg 300w, https:\/\/gazetaregionalna.com\/wp-content\/uploads\/2021\/06\/3-13-768x601.jpg 768w, https:\/\/gazetaregionalna.com\/wp-content\/uploads\/2021\/06\/3-13-696x545.jpg 696w, https:\/\/gazetaregionalna.com\/wp-content\/uploads\/2021\/06\/3-13-1068x836.jpg 1068w, https:\/\/gazetaregionalna.com\/wp-content\/uploads\/2021\/06\/3-13-536x420.jpg 536w, https:\/\/gazetaregionalna.com\/wp-content\/uploads\/2021\/06\/3-13.jpg 1101w\" data-sizes=\"(max-width: 1024px) 100vw, 1024px\" src=\"data:image\/svg+xml;base64,PHN2ZyB3aWR0aD0iMSIgaGVpZ2h0PSIxIiB4bWxucz0iaHR0cDovL3d3dy53My5vcmcvMjAwMC9zdmciPjwvc3ZnPg==\" style=\"--smush-placeholder-width: 1024px; --smush-placeholder-aspect-ratio: 1024\/802;\" \/><\/a><\/figure><\/li><li class=\"blocks-gallery-item\"><figure><a href=\"https:\/\/gazetaregionalna.com\/wp-content\/uploads\/2021\/06\/201152454_2325767317556236_5727566408425320018_n1.jpg\"><img decoding=\"async\" width=\"720\" height=\"960\" data-src=\"https:\/\/gazetaregionalna.com\/wp-content\/uploads\/2021\/06\/201152454_2325767317556236_5727566408425320018_n1.jpg\" alt=\"\" data-id=\"45119\" data-full-url=\"https:\/\/gazetaregionalna.com\/wp-content\/uploads\/2021\/06\/201152454_2325767317556236_5727566408425320018_n1.jpg\" data-link=\"https:\/\/gazetaregionalna.com\/?attachment_id=45119\" class=\"wp-image-45119 lazyload\" data-srcset=\"https:\/\/gazetaregionalna.com\/wp-content\/uploads\/2021\/06\/201152454_2325767317556236_5727566408425320018_n1.jpg 720w, https:\/\/gazetaregionalna.com\/wp-content\/uploads\/2021\/06\/201152454_2325767317556236_5727566408425320018_n1-225x300.jpg 225w, https:\/\/gazetaregionalna.com\/wp-content\/uploads\/2021\/06\/201152454_2325767317556236_5727566408425320018_n1-696x928.jpg 696w, https:\/\/gazetaregionalna.com\/wp-content\/uploads\/2021\/06\/201152454_2325767317556236_5727566408425320018_n1-315x420.jpg 315w\" data-sizes=\"(max-width: 720px) 100vw, 720px\" src=\"data:image\/svg+xml;base64,PHN2ZyB3aWR0aD0iMSIgaGVpZ2h0PSIxIiB4bWxucz0iaHR0cDovL3d3dy53My5vcmcvMjAwMC9zdmciPjwvc3ZnPg==\" style=\"--smush-placeholder-width: 720px; --smush-placeholder-aspect-ratio: 720\/960;\" \/><\/a><\/figure><\/li><\/ul><\/figure>\n\n\n\n<p>Bajka to pi\u0119kna, m\u0142oda i energiczna kotka. Jest pogodna, lubi zabaw\u0119 g\u0142askanie.Czeka na dom od 20 kwietnia 2021 r.<\/p>\n\n\n\n<p><strong>Kontakt w sprawie adopcji: Schronisko dla Bezdomnych Zwierz\u0105t w Cz\u0119stochowie ul. Gilowa 44\/46 tel. 34 361-65-66<\/strong><\/p>\n","protected":false},"excerpt":{"rendered":"<p>Bezdomne zwierzaki czekaj\u0105 na nowy dom. Nasza akcja pod has\u0142em &#8222;Adoptuj mnie&#8221; trwa. Razem ze Stowarzyszeniem Cz\u0119stochowa dla Zwierz\u0105t szukamy tym cudownym czworonogom cz\u0142owieka,<\/p>\n","protected":false},"author":7,"featured_media":45104,"comment_status":"open","ping_status":"open","sticky":false,"template":"","format":"standard","meta":{"_monsterinsights_skip_tracking":false,"_monsterinsights_sitenote_active":false,"_monsterinsights_sitenote_note":"","_monsterinsights_sitenote_category":0,"_uf_show_specific_survey":0,"_uf_disable_surveys":false,"footnotes":""},"categories":[94,3,2],"tags":[],"class_list":["post-45099","post","type-post","status-publish","format-standard","has-post-thumbnail","hentry","category-polecane","category-czestochowa-informacje","category-wiadomosci"],"_links":{"self":[{"href":"https:\/\/gazetaregionalna.com\/index.php?rest_route=\/wp\/v2\/posts\/45099","targetHints":{"allow":["GET"]}}],"collection":[{"href":"https:\/\/gazetaregionalna.com\/index.php?rest_route=\/wp\/v2\/posts"}],"about":[{"href":"https:\/\/gazetaregionalna.com\/index.php?rest_route=\/wp\/v2\/types\/post"}],"author":[{"embeddable":true,"href":"https:\/\/gazetaregionalna.com\/index.php?rest_route=\/wp\/v2\/users\/7"}],"replies":[{"embeddable":true,"href":"https:\/\/gazetaregionalna.com\/index.php?rest_route=%2Fwp%2Fv2%2Fcomments&post=45099"}],"version-history":[{"count":12,"href":"https:\/\/gazetaregionalna.com\/index.php?rest_route=\/wp\/v2\/posts\/45099\/revisions"}],"predecessor-version":[{"id":45124,"href":"https:\/\/gazetaregionalna.com\/index.php?rest_route=\/wp\/v2\/posts\/45099\/revisions\/45124"}],"wp:featuredmedia":[{"embeddable":true,"href":"https:\/\/gazetaregionalna.com\/index.php?rest_route=\/wp\/v2\/media\/45104"}],"wp:attachment":[{"href":"https:\/\/gazetaregionalna.com\/index.php?rest_route=%2Fwp%2Fv2%2Fmedia&parent=45099"}],"wp:term":[{"taxonomy":"category","embeddable":true,"href":"https:\/\/gazetaregionalna.com\/index.php?rest_route=%2Fwp%2Fv2%2Fcategories&post=45099"},{"taxonomy":"post_tag","embeddable":true,"href":"https:\/\/gazetaregionalna.com\/index.php?rest_route=%2Fwp%2Fv2%2Ftags&post=45099"}],"curies":[{"name":"wp","href":"https:\/\/api.w.org\/{rel}","templated":true}]}}