{"id":45088,"date":"2021-06-18T08:09:58","date_gmt":"2021-06-18T08:09:58","guid":{"rendered":"https:\/\/gazetaregionalna.com\/?p=45088"},"modified":"2021-06-18T08:30:38","modified_gmt":"2021-06-18T08:30:38","slug":"nastaly-upaly-wiec-na-ulice-czestochowy-wyjechaly-polewaczki","status":"publish","type":"post","link":"https:\/\/gazetaregionalna.com\/?p=45088","title":{"rendered":"Nasta\u0142y upa\u0142y, wi\u0119c na ulice Cz\u0119stochowy wyjecha\u0142y polewaczki"},"content":{"rendered":"\n<h2 class=\"wp-block-heading\">Nasta\u0142y upa\u0142y, wi\u0119c na ulice Cz\u0119stochowy wyjecha\u0142y polewaczki. Miejski Zarz\u0105d Dr\u00f3g i Transportu od dzisiaj, w zwi\u0105zku ze sta\u0142ym wzrostem temperatury i prognozowan\u0105 fal\u0105 upa\u0142\u00f3w zleca firmie odpowiedzialnej za zimowe i letnie utrzymanie dr\u00f3g us\u0142ug\u0119 polewania ulic w centrum miasta.<\/h2>\n\n\n\n<p>Polewanie dr\u00f3g wod\u0105, pozwoli na obni\u017cenie temperatury nawierzchni, a dodatkowo oczy\u015bci j\u0105 z py\u0142u i kurzu. <\/p>\n\n\n\n<p> Jak zapowiada rzecznik prasowy MZD, Maciej Hasik, polewanie ulic auto-polewaczk\u0105 b\u0119dzie powtarzane codziennie od dzisiaj do odwo\u0142ania, z cz\u0119stotliwo\u015bci\u0105 trzy razy  w ci\u0105gu dnia od godz. 9.00 do 11.00, od godz. 12.00 do godz. 14.00 i od godz. 15.00 do godz. 17.00. Polewaczki maj\u0105 kursowa\u0107 na nast\u0119puj\u0105cych miejscach w mie\u015bcie: ul. Mirowska (od centrum do wiaduktu nad tras\u0105 DK-1), ul. Warszawska (od centrum do Al. Jana Paw\u0142a II),  Aleja Naj\u015bwi\u0119tszej Marii Panny (ulice i \u015brodkowy pasa\u017c), Aleja Sienkiewicza, ul.\u015al\u0105ska, ul. Kili\u0144skiego (od centrum do Al. Jana Paw\u0142a II), ul. D\u0105browskiego (od centrum do Al. Jana Paw\u0142a II), ul. Nowowiejskiego, ul. Sobieskiego oraz ul. Pi\u0142sudskiego.<\/p>\n\n\n\n<p>Polewanie zostanie zako\u0144czone w momencie spadku temperatury b\u0105d\u017a wyst\u0105pienia opad\u00f3w deszczu. Na to jednak szybko si\u0119 nie zanosi, bo Instytut Meteorologii i\u00a0Gospodarki Wodnej opublikowa\u0142 ostrze\u017cenia dotycz\u0105ce upa\u0142u, kt\u00f3ry ma si\u0119 utrzyma\u0107 co najmniej do wtorku. Wydano ostrze\u017cenia I i II stopnia dla 14 wojew\u00f3dztw, w tym tak\u017ce dla wojew\u00f3dztwa \u015bl\u0105skiego. W ci\u0105gu dnia mo\u017cemy si\u0119 spodziewa\u0107 nawet 34 stopni C w cieniu, a noc\u0105 temperatur si\u0119gaj\u0105cych 20 stopni.<\/p>\n","protected":false},"excerpt":{"rendered":"<p>Nasta\u0142y upa\u0142y, wi\u0119c na ulice Cz\u0119stochowy wyjecha\u0142y polewaczki. Miejski Zarz\u0105d Dr\u00f3g i Transportu od dzisiaj, w zwi\u0105zku ze sta\u0142ym wzrostem temperatury i prognozowan\u0105 fal\u0105<\/p>\n","protected":false},"author":7,"featured_media":45093,"comment_status":"open","ping_status":"open","sticky":false,"template":"","format":"standard","meta":{"_monsterinsights_skip_tracking":false,"_monsterinsights_sitenote_active":false,"_monsterinsights_sitenote_note":"","_monsterinsights_sitenote_category":0,"_uf_show_specific_survey":0,"_uf_disable_surveys":false,"footnotes":""},"categories":[31,3,2],"tags":[],"class_list":["post-45088","post","type-post","status-publish","format-standard","has-post-thumbnail","hentry","category-podroze","category-czestochowa-informacje","category-wiadomosci"],"_links":{"self":[{"href":"https:\/\/gazetaregionalna.com\/index.php?rest_route=\/wp\/v2\/posts\/45088","targetHints":{"allow":["GET"]}}],"collection":[{"href":"https:\/\/gazetaregionalna.com\/index.php?rest_route=\/wp\/v2\/posts"}],"about":[{"href":"https:\/\/gazetaregionalna.com\/index.php?rest_route=\/wp\/v2\/types\/post"}],"author":[{"embeddable":true,"href":"https:\/\/gazetaregionalna.com\/index.php?rest_route=\/wp\/v2\/users\/7"}],"replies":[{"embeddable":true,"href":"https:\/\/gazetaregionalna.com\/index.php?rest_route=%2Fwp%2Fv2%2Fcomments&post=45088"}],"version-history":[{"count":6,"href":"https:\/\/gazetaregionalna.com\/index.php?rest_route=\/wp\/v2\/posts\/45088\/revisions"}],"predecessor-version":[{"id":45097,"href":"https:\/\/gazetaregionalna.com\/index.php?rest_route=\/wp\/v2\/posts\/45088\/revisions\/45097"}],"wp:featuredmedia":[{"embeddable":true,"href":"https:\/\/gazetaregionalna.com\/index.php?rest_route=\/wp\/v2\/media\/45093"}],"wp:attachment":[{"href":"https:\/\/gazetaregionalna.com\/index.php?rest_route=%2Fwp%2Fv2%2Fmedia&parent=45088"}],"wp:term":[{"taxonomy":"category","embeddable":true,"href":"https:\/\/gazetaregionalna.com\/index.php?rest_route=%2Fwp%2Fv2%2Fcategories&post=45088"},{"taxonomy":"post_tag","embeddable":true,"href":"https:\/\/gazetaregionalna.com\/index.php?rest_route=%2Fwp%2Fv2%2Ftags&post=45088"}],"curies":[{"name":"wp","href":"https:\/\/api.w.org\/{rel}","templated":true}]}}