{"id":4495,"date":"2019-07-19T09:52:22","date_gmt":"2019-07-19T09:52:22","guid":{"rendered":"https:\/\/gazetaregionalna.com\/?p=4495"},"modified":"2019-07-19T09:52:24","modified_gmt":"2019-07-19T09:52:24","slug":"lubliniec-maturalny-sukces-powiatu","status":"publish","type":"post","link":"https:\/\/gazetaregionalna.com\/?p=4495","title":{"rendered":"Lubliniec. Maturalny sukces powiatu"},"content":{"rendered":"\n<p><strong>Wielki sukces odni\u00f3s\u0142 powiat lubliniecki. Wszystko dzi\u0119ki uczniom szk\u00f3\u0142, dla kt\u00f3rych organem prowadz\u0105cym jest powiat lubliniecki. Brawa i gratulacje nale\u017c\u0105 si\u0119 tegorocznym maturzystom oraz ich nauczycielom.<\/strong><\/p>\n\n\n\n<p>Og\u0142oszone na pocz\u0105tku lipca przez Okr\u0119gow\u0105 Komisj\u0119 Egzaminacyjn\u0105 w Jaworznie wyniki matur s\u0105 dowodem tego, \u017ce szko\u0142y powiatowe kszta\u0142c\u0105 swoich uczni\u00f3w na bardzo wysokim poziomie. Zgodnie z wynikami podanymi przez OKE, uczniowie z lublinieckich szk\u00f3\u0142 ponadgimnazjalnych osi\u0105gn\u0119li bardzo dobry wynik w skali wojew\u00f3dztwa. &nbsp;<\/p>\n\n\n\n<p><strong>Pod wzgl\u0119dem zdawalno\u015bci powiat lubliniecki uplasowa\u0142 si\u0119 na II miejscu po\u015br\u00f3d 36 powiat\u00f3w i miast na prawach powiatu w wojew\u00f3dztwie \u015bl\u0105skim. Maturzy\u015bci osi\u0105gn\u0119li wynik na poziomie 86,93%.<\/strong><\/p>\n\n\n\n<p>(red.)<\/p>\n","protected":false},"excerpt":{"rendered":"<p>Wielki sukces odni\u00f3s\u0142 powiat lubliniecki. Wszystko dzi\u0119ki uczniom szk\u00f3\u0142, dla kt\u00f3rych organem prowadz\u0105cym jest powiat lubliniecki. Brawa i gratulacje nale\u017c\u0105 si\u0119 tegorocznym maturzystom oraz<\/p>\n","protected":false},"author":3,"featured_media":4497,"comment_status":"open","ping_status":"open","sticky":false,"template":"","format":"standard","meta":{"_monsterinsights_skip_tracking":false,"_monsterinsights_sitenote_active":false,"_monsterinsights_sitenote_note":"","_monsterinsights_sitenote_category":0,"_uf_show_specific_survey":0,"_uf_disable_surveys":false,"footnotes":""},"categories":[41,25,2,13],"tags":[],"class_list":["post-4495","post","type-post","status-publish","format-standard","has-post-thumbnail","hentry","category-edukacja","category-lubliniec","category-wiadomosci","category-wydarzenia"],"_links":{"self":[{"href":"https:\/\/gazetaregionalna.com\/index.php?rest_route=\/wp\/v2\/posts\/4495","targetHints":{"allow":["GET"]}}],"collection":[{"href":"https:\/\/gazetaregionalna.com\/index.php?rest_route=\/wp\/v2\/posts"}],"about":[{"href":"https:\/\/gazetaregionalna.com\/index.php?rest_route=\/wp\/v2\/types\/post"}],"author":[{"embeddable":true,"href":"https:\/\/gazetaregionalna.com\/index.php?rest_route=\/wp\/v2\/users\/3"}],"replies":[{"embeddable":true,"href":"https:\/\/gazetaregionalna.com\/index.php?rest_route=%2Fwp%2Fv2%2Fcomments&post=4495"}],"version-history":[{"count":1,"href":"https:\/\/gazetaregionalna.com\/index.php?rest_route=\/wp\/v2\/posts\/4495\/revisions"}],"predecessor-version":[{"id":4499,"href":"https:\/\/gazetaregionalna.com\/index.php?rest_route=\/wp\/v2\/posts\/4495\/revisions\/4499"}],"wp:featuredmedia":[{"embeddable":true,"href":"https:\/\/gazetaregionalna.com\/index.php?rest_route=\/wp\/v2\/media\/4497"}],"wp:attachment":[{"href":"https:\/\/gazetaregionalna.com\/index.php?rest_route=%2Fwp%2Fv2%2Fmedia&parent=4495"}],"wp:term":[{"taxonomy":"category","embeddable":true,"href":"https:\/\/gazetaregionalna.com\/index.php?rest_route=%2Fwp%2Fv2%2Fcategories&post=4495"},{"taxonomy":"post_tag","embeddable":true,"href":"https:\/\/gazetaregionalna.com\/index.php?rest_route=%2Fwp%2Fv2%2Ftags&post=4495"}],"curies":[{"name":"wp","href":"https:\/\/api.w.org\/{rel}","templated":true}]}}