{"id":44908,"date":"2021-06-16T10:22:12","date_gmt":"2021-06-16T10:22:12","guid":{"rendered":"https:\/\/gazetaregionalna.com\/?p=44908"},"modified":"2021-06-16T10:22:13","modified_gmt":"2021-06-16T10:22:13","slug":"antynarkotykowa","status":"publish","type":"post","link":"https:\/\/gazetaregionalna.com\/?p=44908","title":{"rendered":"Kampania antynarkotykowa myszkowskiej policji \u2013 \u201eBra\u0107 &#8211; to umiera\u0107, \u017cy\u0107 &#8211; to wybiera\u0107\u201d"},"content":{"rendered":"\n<h2 class=\"wp-block-heading\">Komenda Powiatowa Policji w Myszkowie prowadzi kampani\u0119 antynarkotykow\u0105 \u201eBra\u0107 &#8211; to umiera\u0107, \u017cy\u0107 &#8211; to wybiera\u0107\u201d pod honorowym patronatem Burmistrza Miasta Myszkowa\u00a0W\u0142odzimierza \u017baka.<\/h2>\n\n\n\n<figure class=\"wp-block-image size-large\"><img decoding=\"async\" width=\"970\" height=\"636\" data-src=\"https:\/\/gazetaregionalna.com\/wp-content\/uploads\/2021\/06\/kampania-antynarkotykowa-1.jpg\" alt=\"kampania antynarkotykowa 1\" class=\"wp-image-44910 lazyload\" data-srcset=\"https:\/\/gazetaregionalna.com\/wp-content\/uploads\/2021\/06\/kampania-antynarkotykowa-1.jpg 970w, https:\/\/gazetaregionalna.com\/wp-content\/uploads\/2021\/06\/kampania-antynarkotykowa-1-300x197.jpg 300w, https:\/\/gazetaregionalna.com\/wp-content\/uploads\/2021\/06\/kampania-antynarkotykowa-1-768x504.jpg 768w, https:\/\/gazetaregionalna.com\/wp-content\/uploads\/2021\/06\/kampania-antynarkotykowa-1-696x456.jpg 696w, https:\/\/gazetaregionalna.com\/wp-content\/uploads\/2021\/06\/kampania-antynarkotykowa-1-641x420.jpg 641w, https:\/\/gazetaregionalna.com\/wp-content\/uploads\/2021\/06\/kampania-antynarkotykowa-1-741x486.jpg 741w\" data-sizes=\"(max-width: 970px) 100vw, 970px\" src=\"data:image\/svg+xml;base64,PHN2ZyB3aWR0aD0iMSIgaGVpZ2h0PSIxIiB4bWxucz0iaHR0cDovL3d3dy53My5vcmcvMjAwMC9zdmciPjwvc3ZnPg==\" style=\"--smush-placeholder-width: 970px; --smush-placeholder-aspect-ratio: 970\/636;\" \/><figcaption>Fot. KPP w Myszkowie<\/figcaption><\/figure>\n\n\n\n<p>Wsp\u00f3lnie z Miejskim Domem Kultury, Miejskim O\u015brodkiem Pomocy Spo\u0142ecznej oraz Zespo\u0142em Szk\u00f3\u0142 Publicznych nr 3 w Myszkowie, myszkowscy policjanci z Wydzia\u0142u Prewencji zorganizowali kampani\u0119 antynarkotykow\u0105 pn. <strong>\u201eBra\u0107 &#8211; to umiera\u0107, \u017cy\u0107 &#8211; to wybiera\u0107\u201d<\/strong>.<\/p>\n\n\n\n<p>Celem kampanii jest u\u015bwiadomienie dzieci oraz m\u0142odzie\u017cy, jak bardzo du\u017cy wp\u0142yw na zdrowie, a nawet \u017cycie maj\u0105 narkotyki i dopalacze.<\/p>\n\n\n\n<p>W Miejskim Domu Kultury w Myszkowie Komendant Powiatowy Policji w Myszkowie inspektor Marcin Lema\u0144ski i profilaktyk &#8211; starszy aspirant Robert Lipi\u0144ski zainaugurowali kampani\u0119 <strong>\u201eBra\u0107 &#8211; to umiera\u0107, \u017cy\u0107 &#8211; to wybiera\u0107\u201d<\/strong> poprzez om\u00f3wienie jej tematyki i przedstawienie uczestnikom spotkania kr\u00f3tkiego spotu profilaktycznego.<\/p>\n\n\n\n<figure class=\"wp-block-gallery columns-2 is-cropped wp-block-gallery-1 is-layout-flex wp-block-gallery-is-layout-flex\"><ul class=\"blocks-gallery-grid\"><li class=\"blocks-gallery-item\"><figure><a href=\"https:\/\/gazetaregionalna.com\/wp-content\/uploads\/2021\/06\/kampania-antynarkotykowa-2.jpg\"><img decoding=\"async\" width=\"970\" height=\"728\" data-src=\"https:\/\/gazetaregionalna.com\/wp-content\/uploads\/2021\/06\/kampania-antynarkotykowa-2.jpg\" alt=\"kampania antynarkotykowa 2\" data-id=\"44911\" data-full-url=\"https:\/\/gazetaregionalna.com\/wp-content\/uploads\/2021\/06\/kampania-antynarkotykowa-2.jpg\" data-link=\"https:\/\/gazetaregionalna.com\/?attachment_id=44911\" class=\"wp-image-44911 lazyload\" data-srcset=\"https:\/\/gazetaregionalna.com\/wp-content\/uploads\/2021\/06\/kampania-antynarkotykowa-2.jpg 970w, https:\/\/gazetaregionalna.com\/wp-content\/uploads\/2021\/06\/kampania-antynarkotykowa-2-300x225.jpg 300w, https:\/\/gazetaregionalna.com\/wp-content\/uploads\/2021\/06\/kampania-antynarkotykowa-2-768x576.jpg 768w, https:\/\/gazetaregionalna.com\/wp-content\/uploads\/2021\/06\/kampania-antynarkotykowa-2-696x522.jpg 696w, https:\/\/gazetaregionalna.com\/wp-content\/uploads\/2021\/06\/kampania-antynarkotykowa-2-560x420.jpg 560w, https:\/\/gazetaregionalna.com\/wp-content\/uploads\/2021\/06\/kampania-antynarkotykowa-2-80x60.jpg 80w, https:\/\/gazetaregionalna.com\/wp-content\/uploads\/2021\/06\/kampania-antynarkotykowa-2-265x198.jpg 265w\" data-sizes=\"(max-width: 970px) 100vw, 970px\" src=\"data:image\/svg+xml;base64,PHN2ZyB3aWR0aD0iMSIgaGVpZ2h0PSIxIiB4bWxucz0iaHR0cDovL3d3dy53My5vcmcvMjAwMC9zdmciPjwvc3ZnPg==\" style=\"--smush-placeholder-width: 970px; --smush-placeholder-aspect-ratio: 970\/728;\" \/><\/a><\/figure><\/li><li class=\"blocks-gallery-item\"><figure><a href=\"https:\/\/gazetaregionalna.com\/wp-content\/uploads\/2021\/06\/kampania-antynarkotykowa-3.jpg\"><img decoding=\"async\" width=\"970\" height=\"728\" data-src=\"https:\/\/gazetaregionalna.com\/wp-content\/uploads\/2021\/06\/kampania-antynarkotykowa-3.jpg\" alt=\"kampania antynarkotykowa 3\" data-id=\"44909\" data-full-url=\"https:\/\/gazetaregionalna.com\/wp-content\/uploads\/2021\/06\/kampania-antynarkotykowa-3.jpg\" data-link=\"https:\/\/gazetaregionalna.com\/?attachment_id=44909\" class=\"wp-image-44909 lazyload\" data-srcset=\"https:\/\/gazetaregionalna.com\/wp-content\/uploads\/2021\/06\/kampania-antynarkotykowa-3.jpg 970w, https:\/\/gazetaregionalna.com\/wp-content\/uploads\/2021\/06\/kampania-antynarkotykowa-3-300x225.jpg 300w, https:\/\/gazetaregionalna.com\/wp-content\/uploads\/2021\/06\/kampania-antynarkotykowa-3-768x576.jpg 768w, https:\/\/gazetaregionalna.com\/wp-content\/uploads\/2021\/06\/kampania-antynarkotykowa-3-696x522.jpg 696w, https:\/\/gazetaregionalna.com\/wp-content\/uploads\/2021\/06\/kampania-antynarkotykowa-3-560x420.jpg 560w, https:\/\/gazetaregionalna.com\/wp-content\/uploads\/2021\/06\/kampania-antynarkotykowa-3-80x60.jpg 80w, https:\/\/gazetaregionalna.com\/wp-content\/uploads\/2021\/06\/kampania-antynarkotykowa-3-265x198.jpg 265w\" data-sizes=\"(max-width: 970px) 100vw, 970px\" src=\"data:image\/svg+xml;base64,PHN2ZyB3aWR0aD0iMSIgaGVpZ2h0PSIxIiB4bWxucz0iaHR0cDovL3d3dy53My5vcmcvMjAwMC9zdmciPjwvc3ZnPg==\" style=\"--smush-placeholder-width: 970px; --smush-placeholder-aspect-ratio: 970\/728;\" \/><\/a><\/figure><\/li><\/ul><figcaption class=\"blocks-gallery-caption\">Fot. KPP w Myszkowie<\/figcaption><\/figure>\n\n\n\n<p>Spot jest zapowiedzi\u0105 filmu profilaktycznego, kt\u00f3ry uka\u017ce si\u0119 ju\u017c wkr\u00f3tce, a w kt\u00f3rym udzia\u0142 wezm\u0105: znany artysta polskiej sceny muzycznej oraz prowadz\u0105ca paradokumentalny program telewizyjny.<\/p>\n\n\n\n<figure class=\"wp-block-video\"><video controls src=\"blob:https:\/\/gazetaregionalna.com\/3c9f1614-7b46-4310-9737-8d804e15a7c4\"><\/video><figcaption>Film: KPP w Myszkowie<\/figcaption><\/figure>\n","protected":false},"excerpt":{"rendered":"<p>Komenda Powiatowa Policji w Myszkowie prowadzi kampani\u0119 antynarkotykow\u0105 \u201eBra\u0107 &#8211; to umiera\u0107, \u017cy\u0107 &#8211; to wybiera\u0107\u201d pod honorowym patronatem Burmistrza Miasta Myszkowa\u00a0W\u0142odzimierza \u017baka. Wsp\u00f3lnie<\/p>\n","protected":false},"author":12,"featured_media":44912,"comment_status":"open","ping_status":"open","sticky":false,"template":"","format":"standard","meta":{"_monsterinsights_skip_tracking":false,"_monsterinsights_sitenote_active":false,"_monsterinsights_sitenote_note":"","_monsterinsights_sitenote_category":0,"_uf_show_specific_survey":0,"_uf_disable_surveys":false,"footnotes":""},"categories":[44,26,94,2],"tags":[2156,2155,2157],"class_list":["post-44908","post","type-post","status-publish","format-standard","has-post-thumbnail","hentry","category-bezpieczenstwo","category-myszkow","category-polecane","category-wiadomosci","tag-brac-to-umierac","tag-kampania-antynarkotykowa","tag-zyc-to-wybierac"],"_links":{"self":[{"href":"https:\/\/gazetaregionalna.com\/index.php?rest_route=\/wp\/v2\/posts\/44908","targetHints":{"allow":["GET"]}}],"collection":[{"href":"https:\/\/gazetaregionalna.com\/index.php?rest_route=\/wp\/v2\/posts"}],"about":[{"href":"https:\/\/gazetaregionalna.com\/index.php?rest_route=\/wp\/v2\/types\/post"}],"author":[{"embeddable":true,"href":"https:\/\/gazetaregionalna.com\/index.php?rest_route=\/wp\/v2\/users\/12"}],"replies":[{"embeddable":true,"href":"https:\/\/gazetaregionalna.com\/index.php?rest_route=%2Fwp%2Fv2%2Fcomments&post=44908"}],"version-history":[{"count":2,"href":"https:\/\/gazetaregionalna.com\/index.php?rest_route=\/wp\/v2\/posts\/44908\/revisions"}],"predecessor-version":[{"id":44915,"href":"https:\/\/gazetaregionalna.com\/index.php?rest_route=\/wp\/v2\/posts\/44908\/revisions\/44915"}],"wp:featuredmedia":[{"embeddable":true,"href":"https:\/\/gazetaregionalna.com\/index.php?rest_route=\/wp\/v2\/media\/44912"}],"wp:attachment":[{"href":"https:\/\/gazetaregionalna.com\/index.php?rest_route=%2Fwp%2Fv2%2Fmedia&parent=44908"}],"wp:term":[{"taxonomy":"category","embeddable":true,"href":"https:\/\/gazetaregionalna.com\/index.php?rest_route=%2Fwp%2Fv2%2Fcategories&post=44908"},{"taxonomy":"post_tag","embeddable":true,"href":"https:\/\/gazetaregionalna.com\/index.php?rest_route=%2Fwp%2Fv2%2Ftags&post=44908"}],"curies":[{"name":"wp","href":"https:\/\/api.w.org\/{rel}","templated":true}]}}