{"id":4490,"date":"2019-07-19T09:20:41","date_gmt":"2019-07-19T09:20:41","guid":{"rendered":"https:\/\/gazetaregionalna.com\/?p=4490"},"modified":"2019-07-19T09:20:44","modified_gmt":"2019-07-19T09:20:44","slug":"produkowal-narkotyki","status":"publish","type":"post","link":"https:\/\/gazetaregionalna.com\/?p=4490","title":{"rendered":"Produkowa\u0142 narkotyki"},"content":{"rendered":"\n<p>Na dwa miesi\u0105ce do aresztu trafi\u0142 cz\u0119stochowianin,\u00a0kt\u00f3ry uprawia\u0142 konopie indyjskie i w przygotowanym do tego specjalnym pomieszczeniu produkowa\u0142 narkotyki. M\u0119\u017cczy\u017anie grozi do 10 lat wi\u0119zienia.<br> Na jednej z posesji w mie\u015bcie policjanci z\u00a0wydzia\u0142u\u00a0kryminalnego ujawnili ponad 100 krzak\u00f3w konopi indyjskich oraz ponad 4 kg marihuany. Na miejscu znaleziono tak\u017ce ponad p\u00f3\u0142tora kilograma suszu. 50-letni w\u0142a\u015bciciel posesji posiada\u0142 ponadto przyrz\u0105dy s\u0142u\u017c\u0105ce do wytwarzania narkotyk\u00f3w.<br> <\/p>\n\n\n\n<figure class=\"wp-block-image\"><img decoding=\"async\" width=\"970\" height=\"615\" data-src=\"https:\/\/gazetaregionalna.com\/wp-content\/uploads\/2019\/07\/42-570294.jpg\" alt=\"\" class=\"wp-image-4492 lazyload\" data-srcset=\"https:\/\/gazetaregionalna.com\/wp-content\/uploads\/2019\/07\/42-570294.jpg 970w, https:\/\/gazetaregionalna.com\/wp-content\/uploads\/2019\/07\/42-570294-300x190.jpg 300w, https:\/\/gazetaregionalna.com\/wp-content\/uploads\/2019\/07\/42-570294-768x487.jpg 768w, https:\/\/gazetaregionalna.com\/wp-content\/uploads\/2019\/07\/42-570294-115x73.jpg 115w\" data-sizes=\"(max-width: 970px) 100vw, 970px\" src=\"data:image\/svg+xml;base64,PHN2ZyB3aWR0aD0iMSIgaGVpZ2h0PSIxIiB4bWxucz0iaHR0cDovL3d3dy53My5vcmcvMjAwMC9zdmciPjwvc3ZnPg==\" style=\"--smush-placeholder-width: 970px; --smush-placeholder-aspect-ratio: 970\/615;\" \/><\/figure>\n\n\n\n<p><br> Pi\u0119\u0107dziesi\u0119ciolatek us\u0142ysza\u0142 zarzut pope\u0142nienia przest\u0119pstw narkotykowych. Na wniosek \u015bledczych i prokuratora s\u0105d tymczasowo aresztowa\u0142 m\u0119\u017cczyzn\u0119 na dwa miesi\u0105ce. Za posiadanie znacznej ilo\u015bci \u015brodk\u00f3w odurzaj\u0105cych cz\u0119stochowianin mo\u017ce trafi\u0107 do wi\u0119zienia nawet na 10 lat.<\/p>\n","protected":false},"excerpt":{"rendered":"<p>Na dwa miesi\u0105ce do aresztu trafi\u0142 cz\u0119stochowianin,\u00a0kt\u00f3ry uprawia\u0142 konopie indyjskie i w przygotowanym do tego specjalnym pomieszczeniu produkowa\u0142 narkotyki. M\u0119\u017cczy\u017anie grozi do 10 lat<\/p>\n","protected":false},"author":3,"featured_media":4491,"comment_status":"open","ping_status":"open","sticky":false,"template":"","format":"standard","meta":{"_monsterinsights_skip_tracking":false,"_monsterinsights_sitenote_active":false,"_monsterinsights_sitenote_note":"","_monsterinsights_sitenote_category":0,"_uf_show_specific_survey":0,"_uf_disable_surveys":false,"footnotes":""},"categories":[3,2],"tags":[],"class_list":["post-4490","post","type-post","status-publish","format-standard","has-post-thumbnail","hentry","category-czestochowa-informacje","category-wiadomosci"],"_links":{"self":[{"href":"https:\/\/gazetaregionalna.com\/index.php?rest_route=\/wp\/v2\/posts\/4490","targetHints":{"allow":["GET"]}}],"collection":[{"href":"https:\/\/gazetaregionalna.com\/index.php?rest_route=\/wp\/v2\/posts"}],"about":[{"href":"https:\/\/gazetaregionalna.com\/index.php?rest_route=\/wp\/v2\/types\/post"}],"author":[{"embeddable":true,"href":"https:\/\/gazetaregionalna.com\/index.php?rest_route=\/wp\/v2\/users\/3"}],"replies":[{"embeddable":true,"href":"https:\/\/gazetaregionalna.com\/index.php?rest_route=%2Fwp%2Fv2%2Fcomments&post=4490"}],"version-history":[{"count":1,"href":"https:\/\/gazetaregionalna.com\/index.php?rest_route=\/wp\/v2\/posts\/4490\/revisions"}],"predecessor-version":[{"id":4493,"href":"https:\/\/gazetaregionalna.com\/index.php?rest_route=\/wp\/v2\/posts\/4490\/revisions\/4493"}],"wp:featuredmedia":[{"embeddable":true,"href":"https:\/\/gazetaregionalna.com\/index.php?rest_route=\/wp\/v2\/media\/4491"}],"wp:attachment":[{"href":"https:\/\/gazetaregionalna.com\/index.php?rest_route=%2Fwp%2Fv2%2Fmedia&parent=4490"}],"wp:term":[{"taxonomy":"category","embeddable":true,"href":"https:\/\/gazetaregionalna.com\/index.php?rest_route=%2Fwp%2Fv2%2Fcategories&post=4490"},{"taxonomy":"post_tag","embeddable":true,"href":"https:\/\/gazetaregionalna.com\/index.php?rest_route=%2Fwp%2Fv2%2Ftags&post=4490"}],"curies":[{"name":"wp","href":"https:\/\/api.w.org\/{rel}","templated":true}]}}