{"id":44898,"date":"2021-06-16T09:12:01","date_gmt":"2021-06-16T09:12:01","guid":{"rendered":"https:\/\/gazetaregionalna.com\/?p=44898"},"modified":"2021-06-16T09:12:02","modified_gmt":"2021-06-16T09:12:02","slug":"bedzie-miejscowy-plan-zagospodarowania-przestrzennego-dla-gnaszyna-kawodrzy-masz-uwagi-zglos-je","status":"publish","type":"post","link":"https:\/\/gazetaregionalna.com\/?p=44898","title":{"rendered":"B\u0119dzie miejscowy plan zagospodarowania przestrzennego dla Gnaszyna-Kawodrzy. Masz uwagi? Zg\u0142o\u015b je"},"content":{"rendered":"\n<h3 class=\"wp-block-heading\">B\u0119dzie miejscowy plan zagospodarowania przestrzennego dla Gnaszyna-Kawodrzy. Uchwa\u0142\u0119 w tej sprawie podj\u0119\u0142a Rada Miasta Cz\u0119stochowy.<\/h3>\n\n\n\n<p>Uchwa\u0142a dotyczy przyst\u0105pienia do sporz\u0105dzenia miejscowego planu zagospodarowania przestrzennego dla obszaru po\u0142o\u017conego w rejonie ulic: G\u0142\u00f3wnej, Tatrza\u0144skiej i Warownej.<br><br>Zainteresowani mog\u0105 sk\u0142ada\u0107 wnioski do tego planu w nieprzekraczalnym terminie do dnia 9 lipca.<br>Jak informuje samorz\u0105d cz\u0119stochowski, wnioski nale\u017cy przes\u0142a\u0107 do Urz\u0119du Miasta Cz\u0119stochowy w formie papierowej na adres: Urz\u0105d Miasta Cz\u0119stochowy, ul. \u015al\u0105ska 11\/13, 42-217 Cz\u0119stochowa lub elektronicznej, w tym za pomoc\u0105 \u015brodk\u00f3w komunikacji elektronicznej, w szczeg\u00f3lno\u015bci poczty elektronicznej na adres: info@czestochowa.um.gov.pl. Formularz do wype\u0142nienia zamieszczony jest na stronie internetowej Urz\u0119du Miasta Cz\u0119stochowy <a rel=\"noreferrer noopener\" href=\"http:\/\/www.czestochowa.pl\/\" target=\"_blank\">www.czestochowa.pl<\/a>, w zak\u0142adce \u201ePoradnik interesanta\u201d \u2013 Planowanie przestrzenne \u2013 Wniosek do miejscowego planu zagospodarowania przestrzennego sk\u0142adany po og\u0142oszeniu o przyst\u0105pieniu do sporz\u0105dzenia planu.<br>Wniosek powinien zawiera\u0107 nazwisko, imi\u0119 albo nazw\u0119 oraz adres zamieszkania lub siedziby, przedmiot wniosku oraz oznaczenie nieruchomo\u015bci, kt\u00f3rej dotyczy.<br><br>Szczeg\u00f3\u0142y dotycz\u0105ce uchwa\u0142y znale\u017a\u0107 mo\u017cna tutaj:<\/p>\n\n\n\n<p><a href=\"https:\/\/bip.czestochowa.pl\/uchwala\/1169718\/uchwala-nr-611-xliv-2021\" target=\"_blank\" rel=\"noopener\">https:\/\/bip.czestochowa.pl\/uchwala\/1169718\/uchwala-nr-611-xliv-2021<\/a><\/p>\n\n\n\n<ul class=\"wp-block-list\"><li><a href=\"https:\/\/bip.czestochowa.pl\/artykul\/2351\/1169919\/obwieszczenie-o-przystapieniu-do-sporzadzenia-miejscowego-planu-zagospodarowania-przestrzennego-obejmujacego-obszar-polozony-w-czestochowie-w-dzielnicy-gnaszyn-kawodrza-w-rejonie-ulic-glownej-tatrzanskiej-i-warownej\" target=\"_blank\" rel=\"noreferrer noopener\">Obwieszczenie o przyst\u0105pieniu do sporz\u0105dzenia miejscowego planu zagospodarowania przestrzennego obejmuj\u0105cego obszar po\u0142o\u017cony w Cz\u0119stochowie, w dzielnicy Gnaszyn-Kawodrza w rejonie ulic: G\u0142\u00f3wnej, Tatrza\u0144skiej i Warownej<\/a><\/li><\/ul>\n","protected":false},"excerpt":{"rendered":"<p>B\u0119dzie miejscowy plan zagospodarowania przestrzennego dla Gnaszyna-Kawodrzy. Uchwa\u0142\u0119 w tej sprawie podj\u0119\u0142a Rada Miasta Cz\u0119stochowy. Uchwa\u0142a dotyczy przyst\u0105pienia do sporz\u0105dzenia miejscowego planu zagospodarowania przestrzennego<\/p>\n","protected":false},"author":7,"featured_media":44906,"comment_status":"open","ping_status":"open","sticky":false,"template":"","format":"standard","meta":{"_monsterinsights_skip_tracking":false,"_monsterinsights_sitenote_active":false,"_monsterinsights_sitenote_note":"","_monsterinsights_sitenote_category":0,"_uf_show_specific_survey":0,"_uf_disable_surveys":false,"footnotes":""},"categories":[94,3,2],"tags":[],"class_list":["post-44898","post","type-post","status-publish","format-standard","has-post-thumbnail","hentry","category-polecane","category-czestochowa-informacje","category-wiadomosci"],"_links":{"self":[{"href":"https:\/\/gazetaregionalna.com\/index.php?rest_route=\/wp\/v2\/posts\/44898","targetHints":{"allow":["GET"]}}],"collection":[{"href":"https:\/\/gazetaregionalna.com\/index.php?rest_route=\/wp\/v2\/posts"}],"about":[{"href":"https:\/\/gazetaregionalna.com\/index.php?rest_route=\/wp\/v2\/types\/post"}],"author":[{"embeddable":true,"href":"https:\/\/gazetaregionalna.com\/index.php?rest_route=\/wp\/v2\/users\/7"}],"replies":[{"embeddable":true,"href":"https:\/\/gazetaregionalna.com\/index.php?rest_route=%2Fwp%2Fv2%2Fcomments&post=44898"}],"version-history":[{"count":3,"href":"https:\/\/gazetaregionalna.com\/index.php?rest_route=\/wp\/v2\/posts\/44898\/revisions"}],"predecessor-version":[{"id":44905,"href":"https:\/\/gazetaregionalna.com\/index.php?rest_route=\/wp\/v2\/posts\/44898\/revisions\/44905"}],"wp:featuredmedia":[{"embeddable":true,"href":"https:\/\/gazetaregionalna.com\/index.php?rest_route=\/wp\/v2\/media\/44906"}],"wp:attachment":[{"href":"https:\/\/gazetaregionalna.com\/index.php?rest_route=%2Fwp%2Fv2%2Fmedia&parent=44898"}],"wp:term":[{"taxonomy":"category","embeddable":true,"href":"https:\/\/gazetaregionalna.com\/index.php?rest_route=%2Fwp%2Fv2%2Fcategories&post=44898"},{"taxonomy":"post_tag","embeddable":true,"href":"https:\/\/gazetaregionalna.com\/index.php?rest_route=%2Fwp%2Fv2%2Ftags&post=44898"}],"curies":[{"name":"wp","href":"https:\/\/api.w.org\/{rel}","templated":true}]}}