{"id":44841,"date":"2021-06-15T15:48:12","date_gmt":"2021-06-15T15:48:12","guid":{"rendered":"https:\/\/gazetaregionalna.com\/?p=44841"},"modified":"2021-06-15T15:48:13","modified_gmt":"2021-06-15T15:48:13","slug":"covidowe-ograniczenia-powoli-znoszone-w-czestochowskim-mpk","status":"publish","type":"post","link":"https:\/\/gazetaregionalna.com\/?p=44841","title":{"rendered":"Covidowe ograniczenia powoli znoszone w cz\u0119stochowskim MPK"},"content":{"rendered":"\n<h2 class=\"wp-block-heading\">Covidowe ograniczenia powoli znoszone w cz\u0119stochowskim MPK. W \u015blad na rz\u0105dowym poluzowaniem obostrze\u0144 sanitarnych do miejskiej komunikacji powraca normalno\u015b\u0107.<\/h2>\n\n\n\n<p>MPK w Cz\u0119stochowie stopniowo znosi covidowe ograniczenia, kt\u00f3re towarzyszy\u0142y pasa\u017cerom przez blisko p\u00f3\u0142tora roku.<\/p>\n\n\n\n<p>&#8211; Przywr\u00f3cona zosta\u0142a mo\u017cliwo\u015b\u0107 korzystania z przycisk\u00f3w wywo\u0142uj\u0105cych otwieranie drzwi \u2013 przekaza\u0142 rzecznik prasowy MPK Maciej Hasik. &#8211; Ponadto rozpocz\u0105\u0142 si\u0119 proces usuwania z przestrzeni pojazd\u00f3w tak zwanych stref buforowych, ich ca\u0142kowity demonta\u017c potrwa kilka tygodni. <\/p>\n\n\n\n<p>W autobusach i tramwajach ruszy\u0142 tak\u017ce demonta\u017c znak\u00f3w dotycz\u0105cych ograniczonej liczby miejsc siedz\u0105cych i wymuszaj\u0105cych odst\u0119p pomi\u0119dzy podr\u00f3\u017cuj\u0105cymi miejsk\u0105 komunikacj\u0105. Na razie jednak MPK nadal utrzymuje zakaz sprzeda\u017cy bilet\u00f3w jednorazowych u kierowc\u00f3w autobus\u00f3w i motorniczych w tramwajach.<\/p>\n\n\n\n<p>&#8211; Przypominamy, \u017ce aktualnie w publicznym transporcie zbiorowym obowi\u0105zuje limit maksymalnego nape\u0142nienia autobus\u00f3w lub tramwaj\u00f3w do 75 procent \u0142\u0105cznej liczby miejsc \u2013 podaje MPK. &#8211; S\u0142u\u017cby rz\u0105dowe zapowiedzia\u0142y, \u017ce po 26 czerwca wsp\u00f3\u0142czynnik ten wzro\u015bnie do stu procent. Tym samym wr\u00f3cimy w\u00f3wczas do stanu sprzed pandemii, nieograniczonego \u017cadnymi limitami. <\/p>\n\n\n\n<p>W dalszym ci\u0105gu jednak w trakcie podr\u00f3\u017cy komunikacj\u0105 zbiorow\u0105 obowi\u0105zuje nakaz zas\u0142aniania ust i nosa. Rz\u0105d w tej kwestii na razie nie zmienia zdania.<\/p>\n","protected":false},"excerpt":{"rendered":"<p>Covidowe ograniczenia powoli znoszone w cz\u0119stochowskim MPK. W \u015blad na rz\u0105dowym poluzowaniem obostrze\u0144 sanitarnych do miejskiej komunikacji powraca normalno\u015b\u0107. MPK w Cz\u0119stochowie stopniowo znosi<\/p>\n","protected":false},"author":7,"featured_media":44845,"comment_status":"open","ping_status":"open","sticky":false,"template":"","format":"standard","meta":{"_monsterinsights_skip_tracking":false,"_monsterinsights_sitenote_active":false,"_monsterinsights_sitenote_note":"","_monsterinsights_sitenote_category":0,"_uf_show_specific_survey":0,"_uf_disable_surveys":false,"footnotes":""},"categories":[94,3,2],"tags":[],"class_list":["post-44841","post","type-post","status-publish","format-standard","has-post-thumbnail","hentry","category-polecane","category-czestochowa-informacje","category-wiadomosci"],"_links":{"self":[{"href":"https:\/\/gazetaregionalna.com\/index.php?rest_route=\/wp\/v2\/posts\/44841","targetHints":{"allow":["GET"]}}],"collection":[{"href":"https:\/\/gazetaregionalna.com\/index.php?rest_route=\/wp\/v2\/posts"}],"about":[{"href":"https:\/\/gazetaregionalna.com\/index.php?rest_route=\/wp\/v2\/types\/post"}],"author":[{"embeddable":true,"href":"https:\/\/gazetaregionalna.com\/index.php?rest_route=\/wp\/v2\/users\/7"}],"replies":[{"embeddable":true,"href":"https:\/\/gazetaregionalna.com\/index.php?rest_route=%2Fwp%2Fv2%2Fcomments&post=44841"}],"version-history":[{"count":3,"href":"https:\/\/gazetaregionalna.com\/index.php?rest_route=\/wp\/v2\/posts\/44841\/revisions"}],"predecessor-version":[{"id":44844,"href":"https:\/\/gazetaregionalna.com\/index.php?rest_route=\/wp\/v2\/posts\/44841\/revisions\/44844"}],"wp:featuredmedia":[{"embeddable":true,"href":"https:\/\/gazetaregionalna.com\/index.php?rest_route=\/wp\/v2\/media\/44845"}],"wp:attachment":[{"href":"https:\/\/gazetaregionalna.com\/index.php?rest_route=%2Fwp%2Fv2%2Fmedia&parent=44841"}],"wp:term":[{"taxonomy":"category","embeddable":true,"href":"https:\/\/gazetaregionalna.com\/index.php?rest_route=%2Fwp%2Fv2%2Fcategories&post=44841"},{"taxonomy":"post_tag","embeddable":true,"href":"https:\/\/gazetaregionalna.com\/index.php?rest_route=%2Fwp%2Fv2%2Ftags&post=44841"}],"curies":[{"name":"wp","href":"https:\/\/api.w.org\/{rel}","templated":true}]}}