{"id":44820,"date":"2021-06-15T13:53:53","date_gmt":"2021-06-15T13:53:53","guid":{"rendered":"https:\/\/gazetaregionalna.com\/?p=44820"},"modified":"2021-06-17T09:49:19","modified_gmt":"2021-06-17T09:49:19","slug":"strzelnica","status":"publish","type":"post","link":"https:\/\/gazetaregionalna.com\/?p=44820","title":{"rendered":"W Myszkowie powstanie strzelnica pneumatyczna. Powiat myszkowski otrzyma\u0142 dofinansowanie na budow\u0119"},"content":{"rendered":"\n<h2 class=\"wp-block-heading\">W Zespole Szk\u00f3\u0142 nr 1 im. E. Kwiatkowskiego w Myszkowie powstanie strzelnica pneumatyczna, na kt\u00f3rej budow\u0119 powiat myszkowski otrzyma\u0142 dofinansowanie w wyniku rozstrzygni\u0119tego konkursu og\u0142oszonego pn. \u201eStrzelnica w powiecie\u201d.<\/h2>\n\n\n\n<p>Og\u0142oszony przez <strong>Ministra Obrony Narodowej<\/strong> konkurs pn. <strong>\u201eStrzelnica w powiecie\u201d<\/strong> mia\u0142 na celu rozbudow\u0119 infrastruktury strzelnic w Polsce oraz szkolenie w strzelaniu m\u0142odzie\u017cy, cz\u0142onk\u00f3w organizacji proobronnych i funkcjonariuszy formacji uzbrojonych niewchodz\u0105cych w sk\u0142ad Si\u0142 Zbrojnych. Konkurs mia\u0142 tak\u017ce na celu podniesienie atrakcyjno\u015bci sport\u00f3w strzeleckich.<\/p>\n\n\n\n<figure class=\"wp-block-image size-large\"><img decoding=\"async\" width=\"512\" height=\"514\" data-src=\"https:\/\/gazetaregionalna.com\/wp-content\/uploads\/2021\/06\/strzelnica-pneumatyczna-1.png\" alt=\"strzelnica pneumatyczna 1\" class=\"wp-image-44821 lazyload\" data-srcset=\"https:\/\/gazetaregionalna.com\/wp-content\/uploads\/2021\/06\/strzelnica-pneumatyczna-1.png 512w, https:\/\/gazetaregionalna.com\/wp-content\/uploads\/2021\/06\/strzelnica-pneumatyczna-1-300x300.png 300w, https:\/\/gazetaregionalna.com\/wp-content\/uploads\/2021\/06\/strzelnica-pneumatyczna-1-150x150.png 150w, https:\/\/gazetaregionalna.com\/wp-content\/uploads\/2021\/06\/strzelnica-pneumatyczna-1-418x420.png 418w\" data-sizes=\"(max-width: 512px) 100vw, 512px\" src=\"data:image\/svg+xml;base64,PHN2ZyB3aWR0aD0iMSIgaGVpZ2h0PSIxIiB4bWxucz0iaHR0cDovL3d3dy53My5vcmcvMjAwMC9zdmciPjwvc3ZnPg==\" style=\"--smush-placeholder-width: 512px; --smush-placeholder-aspect-ratio: 512\/514;\" \/><figcaption>Fot. Starostwo Powiatowe w Myszkowie<\/figcaption><\/figure>\n\n\n\n<p>Przyznane \u015brodki w wysoko\u015bci <strong>160 tys. z\u0142<\/strong> plus wk\u0142ad finansowy Powiatu Myszkowskiego w wysoko\u015bci <strong>40 tys. z\u0142<\/strong> b\u0119d\u0105 przeznaczone na budow\u0119 nowej strzelnicy pneumatycznej w pomieszczeniu po istniej\u0105cej, mniejszej sali gimnastycznej znajduj\u0105cej si\u0119 przy <strong>Zespole Szk\u00f3\u0142 Nr 1 w Myszkowie<\/strong> oraz na wyposa\u017cenie strzelnicy.<\/p>\n\n\n\n<p>Nowy obiekt b\u0119dzie wyposa\u017cony w:<\/p>\n\n\n\n<ul class=\"wp-block-list\"><li>6 szt. pistolet\u00f3w pneumatycznych wraz z osprz\u0119tem;<\/li><li>6 szt. karabink\u00f3w pneumatycznych wraz z niezb\u0119dnym osprz\u0119tem;<\/li><li>transportery tarcz z niezb\u0119dnymi os\u0142onami;<\/li><li>maty do strzelania z pozycji le\u017c\u0105cej;<\/li><li>wa\u0142ki do strzelania z pozycji kl\u0119cz\u0105cej;<\/li><li>taborety regulowane do treningu wst\u0119pnego;<\/li><li>okulary ochronne;<\/li><li>tarcze papierowe;<\/li><li>dwie szafy metalowe do przechowywania karabink\u00f3w i pistolet\u00f3w pneumatycznych;<\/li><li>\u015brut;<\/li><li>lustra do \u0107wiczenia bezstrza\u0142owego;<\/li><li>przes\u0142ony boczne;<\/li><li>stanowiska strzeleckie.<\/li><\/ul>\n\n\n\n<figure class=\"wp-block-image size-large\"><img decoding=\"async\" width=\"1024\" height=\"575\" data-src=\"https:\/\/gazetaregionalna.com\/wp-content\/uploads\/2021\/06\/pistolet-pneumatyczny-pixabay.com_-1024x575.jpg\" alt=\"pistolet pneumatyczny pixabay.com\" class=\"wp-image-44823 lazyload\" data-srcset=\"https:\/\/gazetaregionalna.com\/wp-content\/uploads\/2021\/06\/pistolet-pneumatyczny-pixabay.com_-1024x575.jpg 1024w, https:\/\/gazetaregionalna.com\/wp-content\/uploads\/2021\/06\/pistolet-pneumatyczny-pixabay.com_-300x168.jpg 300w, https:\/\/gazetaregionalna.com\/wp-content\/uploads\/2021\/06\/pistolet-pneumatyczny-pixabay.com_-768x431.jpg 768w, https:\/\/gazetaregionalna.com\/wp-content\/uploads\/2021\/06\/pistolet-pneumatyczny-pixabay.com_-1536x862.jpg 1536w, https:\/\/gazetaregionalna.com\/wp-content\/uploads\/2021\/06\/pistolet-pneumatyczny-pixabay.com_-696x391.jpg 696w, https:\/\/gazetaregionalna.com\/wp-content\/uploads\/2021\/06\/pistolet-pneumatyczny-pixabay.com_-1068x600.jpg 1068w, https:\/\/gazetaregionalna.com\/wp-content\/uploads\/2021\/06\/pistolet-pneumatyczny-pixabay.com_-748x420.jpg 748w, https:\/\/gazetaregionalna.com\/wp-content\/uploads\/2021\/06\/pistolet-pneumatyczny-pixabay.com_.jpg 1200w\" data-sizes=\"(max-width: 1024px) 100vw, 1024px\" src=\"data:image\/svg+xml;base64,PHN2ZyB3aWR0aD0iMSIgaGVpZ2h0PSIxIiB4bWxucz0iaHR0cDovL3d3dy53My5vcmcvMjAwMC9zdmciPjwvc3ZnPg==\" style=\"--smush-placeholder-width: 1024px; --smush-placeholder-aspect-ratio: 1024\/575;\" \/><figcaption>Fot. pixabay.com<\/figcaption><\/figure>\n\n\n\n<p>Ze strzelnicy przez ca\u0142y rok b\u0119d\u0105 mogli korzysta\u0107:<\/p>\n\n\n\n<ul class=\"wp-block-list\"><li>uczniowie Zespo\u0142u Szk\u00f3\u0142 nr 1 im. E. Kwiatkowskiego (na zasadzie zaj\u0119\u0107 podstawowych i dodatkowych z rozszerzonym programem dla klas mundurowych);<\/li><li>uczniowie pozosta\u0142ych szk\u00f3\u0142 \u015brednich znajduj\u0105cych si\u0119 na terenie powiatu myszkowskiego (na zasadzie zaj\u0119\u0107 podstawowych i dodatkowych);<\/li><li>uczniowie wszystkich zainteresowanych szk\u00f3\u0142 podstawowych powiatu myszkowskiego oraz wszystkich zainteresowanych szk\u00f3\u0142 podstawowych i ponadpodstawowych z powiat\u00f3w o\u015bciennych (na zasadzie porozumienia z Zarz\u0105dc\u0105 obiektu);<\/li><li>osoby korzystaj\u0105ce z zaj\u0119\u0107 praktycznych prowadzonych przez Klub Strzelecki LOK w Myszkowie (na zasadzie porozumienia z Zarz\u0105dc\u0105 obiektu).<\/li><\/ul>\n\n\n\n<p>Organizacj\u0105 oraz prowadzeniem zaj\u0119\u0107 strzeleckich zajm\u0105 si\u0119 wykwalifikowani Instruktorzy Strzelectwa Sportowego, Dynamicznego i Bojowego, kt\u00f3rzy posiadaj\u0105 uprawnienia do prowadzenia tego typu zaj\u0119\u0107 w szko\u0142ach.<\/p>\n\n\n\n<p>Kadra szkoleniowa ma du\u017ce do\u015bwiadczenie z zakresu nauczania na poziomie podstawowym oraz doskonalenia techniki strzeleckiej dlatego prowadzone przez nich zaj\u0119cia uzupe\u0142ni\u0105 dzia\u0142alno\u015b\u0107 dydaktyczno-wychowawcz\u0105 zaj\u0119\u0107 szkolnych w dziedzinie obronno\u015bci pa\u0144stwa.<\/p>\n","protected":false},"excerpt":{"rendered":"<p>W Zespole Szk\u00f3\u0142 nr 1 im. E. Kwiatkowskiego w Myszkowie powstanie strzelnica pneumatyczna, na kt\u00f3rej budow\u0119 powiat myszkowski otrzyma\u0142 dofinansowanie w wyniku rozstrzygni\u0119tego konkursu<\/p>\n","protected":false},"author":12,"featured_media":44822,"comment_status":"open","ping_status":"open","sticky":false,"template":"","format":"standard","meta":{"_monsterinsights_skip_tracking":false,"_monsterinsights_sitenote_active":false,"_monsterinsights_sitenote_note":"","_monsterinsights_sitenote_category":0,"_uf_show_specific_survey":0,"_uf_disable_surveys":false,"footnotes":""},"categories":[33,20,41,26,94,2],"tags":[2150],"class_list":["post-44820","post","type-post","status-publish","format-standard","has-post-thumbnail","hentry","category-inwestycje","category-budownictwo","category-edukacja","category-myszkow","category-polecane","category-wiadomosci","tag-strzelnica-pneumatyczna"],"_links":{"self":[{"href":"https:\/\/gazetaregionalna.com\/index.php?rest_route=\/wp\/v2\/posts\/44820","targetHints":{"allow":["GET"]}}],"collection":[{"href":"https:\/\/gazetaregionalna.com\/index.php?rest_route=\/wp\/v2\/posts"}],"about":[{"href":"https:\/\/gazetaregionalna.com\/index.php?rest_route=\/wp\/v2\/types\/post"}],"author":[{"embeddable":true,"href":"https:\/\/gazetaregionalna.com\/index.php?rest_route=\/wp\/v2\/users\/12"}],"replies":[{"embeddable":true,"href":"https:\/\/gazetaregionalna.com\/index.php?rest_route=%2Fwp%2Fv2%2Fcomments&post=44820"}],"version-history":[{"count":2,"href":"https:\/\/gazetaregionalna.com\/index.php?rest_route=\/wp\/v2\/posts\/44820\/revisions"}],"predecessor-version":[{"id":44993,"href":"https:\/\/gazetaregionalna.com\/index.php?rest_route=\/wp\/v2\/posts\/44820\/revisions\/44993"}],"wp:featuredmedia":[{"embeddable":true,"href":"https:\/\/gazetaregionalna.com\/index.php?rest_route=\/wp\/v2\/media\/44822"}],"wp:attachment":[{"href":"https:\/\/gazetaregionalna.com\/index.php?rest_route=%2Fwp%2Fv2%2Fmedia&parent=44820"}],"wp:term":[{"taxonomy":"category","embeddable":true,"href":"https:\/\/gazetaregionalna.com\/index.php?rest_route=%2Fwp%2Fv2%2Fcategories&post=44820"},{"taxonomy":"post_tag","embeddable":true,"href":"https:\/\/gazetaregionalna.com\/index.php?rest_route=%2Fwp%2Fv2%2Ftags&post=44820"}],"curies":[{"name":"wp","href":"https:\/\/api.w.org\/{rel}","templated":true}]}}