{"id":44769,"date":"2021-06-15T10:50:51","date_gmt":"2021-06-15T10:50:51","guid":{"rendered":"https:\/\/gazetaregionalna.com\/?p=44769"},"modified":"2021-06-15T10:50:52","modified_gmt":"2021-06-15T10:50:52","slug":"slaska-sluzba-celno-skarbowa-szuka-chetnych-do-pracy","status":"publish","type":"post","link":"https:\/\/gazetaregionalna.com\/?p=44769","title":{"rendered":"\u015al\u0105ska S\u0142u\u017cba Celno-Skarbowa szuka ch\u0119tnych do pracy"},"content":{"rendered":"\n<h2 class=\"wp-block-heading\">\u015al\u0105ska S\u0142u\u017cba Celno-Skarbowa szuka ch\u0119tnych do pracy. Wolnych jest 50 etat\u00f3w mundurowych.<\/h2>\n\n\n\n<p>S\u0142u\u017cba Celno-Skarbowa to wyodr\u0119bniona w ramach Krajowej Administracji Skarbowej (KAS) jednolita i umundurowana formacja, kt\u00f3r\u0105 tworz\u0105 funkcjonariusze Krajowej Administracji Skarbowej.Funkcjonariusze&nbsp; KAS zajmuj\u0105 si\u0119 wykrywaniem i zwalczaniem nieprawid\u0142owo\u015bci potencjalnie zagra\u017caj\u0105cych bezpiecze\u0144stwu finansowemu pa\u0144stwa, zapewniaj\u0105 ochron\u0119 i bezpiecze\u0144stwo obszaru celnego Wsp\u00f3lnoty Europejskiej, w tym zgodno\u015bci z prawem przywozu oraz wywozu towar\u00f3w z tego obszaru, a tak\u017ce wykonywaniu obowi\u0105zk\u00f3w okre\u015blonych w przepisach odr\u0119bnych, w szczeg\u00f3lno\u015bci w zakresie podatku akcyzowego oraz podatku od gier.<\/p>\n\n\n\n<p>Funkcjonariusze \u015bl\u0105skiej KAS pe\u0142ni\u0105 s\u0142u\u017cb\u0119 na terenie ca\u0142ego wojew\u00f3dztwa \u015bl\u0105skiego &#8211; o tym gdzie dok\u0142adnie b\u0119d\u0105 pracowa\u0107 nowo przyj\u0119ci funkcjonariusze zdecyduje dyrektor Izby Administracji Skarbowej w Katowicach.&nbsp; Sprawuj\u0105 nadz\u00f3r nie tylko nad kontrol\u0105 celn\u0105 towar\u00f3w, ale r\u00f3wnie\u017c pracuj\u0105 przy zwalczaniu przest\u0119pczo\u015bci podatkowej oraz celnej, a tak\u017ce zwalczaniu nielegalnego hazardu, przemytu towar\u00f3w akcyzowych.<\/p>\n\n\n\n<p>Funkcjonariusze zajmuj\u0105 si\u0119 rozpoznawaniem, zapobieganiem i wykrywaniem przest\u0119pstw i wykrocze\u0144 skarbowych oraz przest\u0119pstw zwi\u0105zanych z przywozem i wywozem towar\u00f3w ochrony d\u00f3br kultury oraz w\u0142asno\u015bci intelektualnej, a tak\u017ce przest\u0119pstw zwi\u0105zanych z wprowadzaniem oraz wyprowadzaniem z polskiego obszaru celnego towar\u00f3w obj\u0119tych ograniczeniami lub zakazami. Mundurowi kontroluj\u0105 ruch i transport drogowy oraz wsp\u00f3\u0142pracuj\u0105 z organami celnymi innych pa\u0144stw. Na kandydat\u00f3w do s\u0142u\u017cby czeka pakiet szkole\u0144 umo\u017cliwiaj\u0105cy zdobycie wiedzy teoretycznej oraz umiej\u0119tno\u015bci praktycznych.<\/p>\n\n\n\n<p>Zainteresowani praca mog\u0105 sk\u0142ada\u0107 dokumenty do 15 lipca.<\/p>\n\n\n\n<p>Dodatkowe informacje o rekrutacji do s\u0142u\u017cby w \u015bl\u0105skiej KAS mo\u017cna uzyska\u0107 pod nr telefonu <strong>(32) 207-61-81.<\/strong><\/p>\n\n\n\n<p>(zdj\u0119cie ilustracyjne pixabay.com)<\/p>\n","protected":false},"excerpt":{"rendered":"<p>\u015al\u0105ska S\u0142u\u017cba Celno-Skarbowa szuka ch\u0119tnych do pracy. Wolnych jest 50 etat\u00f3w mundurowych. S\u0142u\u017cba Celno-Skarbowa to wyodr\u0119bniona w ramach Krajowej Administracji Skarbowej (KAS) jednolita i<\/p>\n","protected":false},"author":7,"featured_media":44773,"comment_status":"open","ping_status":"open","sticky":false,"template":"","format":"standard","meta":{"_monsterinsights_skip_tracking":false,"_monsterinsights_sitenote_active":false,"_monsterinsights_sitenote_note":"","_monsterinsights_sitenote_category":0,"_uf_show_specific_survey":0,"_uf_disable_surveys":false,"footnotes":""},"categories":[36,2],"tags":[],"class_list":["post-44769","post","type-post","status-publish","format-standard","has-post-thumbnail","hentry","category-praca","category-wiadomosci"],"_links":{"self":[{"href":"https:\/\/gazetaregionalna.com\/index.php?rest_route=\/wp\/v2\/posts\/44769","targetHints":{"allow":["GET"]}}],"collection":[{"href":"https:\/\/gazetaregionalna.com\/index.php?rest_route=\/wp\/v2\/posts"}],"about":[{"href":"https:\/\/gazetaregionalna.com\/index.php?rest_route=\/wp\/v2\/types\/post"}],"author":[{"embeddable":true,"href":"https:\/\/gazetaregionalna.com\/index.php?rest_route=\/wp\/v2\/users\/7"}],"replies":[{"embeddable":true,"href":"https:\/\/gazetaregionalna.com\/index.php?rest_route=%2Fwp%2Fv2%2Fcomments&post=44769"}],"version-history":[{"count":4,"href":"https:\/\/gazetaregionalna.com\/index.php?rest_route=\/wp\/v2\/posts\/44769\/revisions"}],"predecessor-version":[{"id":44774,"href":"https:\/\/gazetaregionalna.com\/index.php?rest_route=\/wp\/v2\/posts\/44769\/revisions\/44774"}],"wp:featuredmedia":[{"embeddable":true,"href":"https:\/\/gazetaregionalna.com\/index.php?rest_route=\/wp\/v2\/media\/44773"}],"wp:attachment":[{"href":"https:\/\/gazetaregionalna.com\/index.php?rest_route=%2Fwp%2Fv2%2Fmedia&parent=44769"}],"wp:term":[{"taxonomy":"category","embeddable":true,"href":"https:\/\/gazetaregionalna.com\/index.php?rest_route=%2Fwp%2Fv2%2Fcategories&post=44769"},{"taxonomy":"post_tag","embeddable":true,"href":"https:\/\/gazetaregionalna.com\/index.php?rest_route=%2Fwp%2Fv2%2Ftags&post=44769"}],"curies":[{"name":"wp","href":"https:\/\/api.w.org\/{rel}","templated":true}]}}