{"id":44766,"date":"2021-06-15T11:07:18","date_gmt":"2021-06-15T11:07:18","guid":{"rendered":"https:\/\/gazetaregionalna.com\/?p=44766"},"modified":"2021-06-15T14:36:32","modified_gmt":"2021-06-15T14:36:32","slug":"dab-upamietniajacy-ignacego-zietala-sosw-nr-5","status":"publish","type":"post","link":"https:\/\/gazetaregionalna.com\/?p=44766","title":{"rendered":"D\u0105b upami\u0119tniaj\u0105cy Ignacego Zi\u0119tala ro\u015bnie ju\u017c w SOSW nr 5 w Cz\u0119stochowie"},"content":{"rendered":"\n<h2 class=\"wp-block-heading\">Posadzeniem okoliczno\u015bciowego&nbsp;d\u0119bu upami\u0119tniono w Specjalnym O\u015brodku Szkolno-Wychowawczym nr 5 w Cz\u0119stochowie setn\u0105 rocznic\u0119 III powstania \u015bl\u0105skiego. <\/h2>\n\n\n\n<p>W pi\u0105tek, 11 czerwca w Specjalnym O\u015brodku Szkolno-Wychowawczym nr 5 w Cz\u0119stochowie odby\u0142a si\u0119 szczeg\u00f3lna uroczysto\u015b\u0107. Posadzeniem okoliczno\u015bciowego&nbsp; d\u0119bu upami\u0119tniono bowiem setn\u0105 rocznic\u0119 III powstania \u015bl\u0105skiego. <\/p>\n\n\n\n<p>Pomys\u0142odawc\u0105 i inicjatorem akcji jest Urz\u0105d Miasta Cz\u0119stochowy, kt\u00f3ry przekaza\u0142 d\u0105b pami\u0119ci pod opiek\u0119 przedszkola przy SOSW nr 5. Ten \u017cywy pomnik historii upami\u0119tnia cz\u0119stochowianina, uczestnika wspomnianego powstania \u015bl\u0105skiego \u2013 Ignacego Zi\u0119tala.<\/p>\n\n\n\n<figure class=\"wp-block-image size-large\"><img decoding=\"async\" width=\"1024\" height=\"682\" data-src=\"https:\/\/gazetaregionalna.com\/wp-content\/uploads\/2021\/06\/DSCF9347-1024x682.jpg\" alt=\"\" class=\"wp-image-44777 lazyload\" data-srcset=\"https:\/\/gazetaregionalna.com\/wp-content\/uploads\/2021\/06\/DSCF9347-1024x682.jpg 1024w, https:\/\/gazetaregionalna.com\/wp-content\/uploads\/2021\/06\/DSCF9347-300x200.jpg 300w, https:\/\/gazetaregionalna.com\/wp-content\/uploads\/2021\/06\/DSCF9347-768x512.jpg 768w, https:\/\/gazetaregionalna.com\/wp-content\/uploads\/2021\/06\/DSCF9347-1536x1023.jpg 1536w, https:\/\/gazetaregionalna.com\/wp-content\/uploads\/2021\/06\/DSCF9347-2048x1364.jpg 2048w, https:\/\/gazetaregionalna.com\/wp-content\/uploads\/2021\/06\/DSCF9347-696x464.jpg 696w, https:\/\/gazetaregionalna.com\/wp-content\/uploads\/2021\/06\/DSCF9347-1068x712.jpg 1068w, https:\/\/gazetaregionalna.com\/wp-content\/uploads\/2021\/06\/DSCF9347-1920x1279.jpg 1920w, https:\/\/gazetaregionalna.com\/wp-content\/uploads\/2021\/06\/DSCF9347-630x420.jpg 630w, https:\/\/gazetaregionalna.com\/wp-content\/uploads\/2021\/06\/DSCF9347.jpg 1200w\" data-sizes=\"(max-width: 1024px) 100vw, 1024px\" src=\"data:image\/svg+xml;base64,PHN2ZyB3aWR0aD0iMSIgaGVpZ2h0PSIxIiB4bWxucz0iaHR0cDovL3d3dy53My5vcmcvMjAwMC9zdmciPjwvc3ZnPg==\" style=\"--smush-placeholder-width: 1024px; --smush-placeholder-aspect-ratio: 1024\/682;\" \/><figcaption>Uroczysto\u015b\u0107 posadzenia okoliczno\u015bciowego  D\u0119bu w Specjalnym O\u015brodku Szkolno-Wychowawczym Nr 5 (mat. SOSW)<\/figcaption><\/figure>\n\n\n\n<p>Wydarzenie rozpocz\u0119to od za\u015bpiewania Roty \u015al\u0105skiej, tym samym spo\u0142eczno\u015b\u0107 o\u015brodka oraz zebrani go\u015bcie z\u0142o\u017cyli ho\u0142d poleg\u0142ym powsta\u0144com \u015bl\u0105skim.<\/p>\n\n\n\n<p>\u017bycie i dzia\u0142alno\u015b\u0107 powsta\u0144cz\u0105 Ignacego Zi\u0119tala przybli\u017cy\u0142 O\u015brodka Dokumentacji Dziej\u00f3w Cz\u0119stochowy dr Juliusz S\u0119towski. Ceniony historyk opowiedzia\u0142 r\u00f3wnie\u017c o historii powsta\u0144 \u015bl\u0105skich. Warto zaznaczy\u0107, \u017ce na uroczysto\u015bci obecny by\u0142 tak\u017ce stryjeczny wnuk bohatera- Marek Zi\u0119tal.<\/p>\n\n\n\n<figure class=\"wp-block-image size-large\"><img decoding=\"async\" width=\"682\" height=\"1024\" data-src=\"https:\/\/gazetaregionalna.com\/wp-content\/uploads\/2021\/06\/DSCF9374-682x1024.jpg\" alt=\"\" class=\"wp-image-44778 lazyload\" data-srcset=\"https:\/\/gazetaregionalna.com\/wp-content\/uploads\/2021\/06\/DSCF9374-682x1024.jpg 682w, https:\/\/gazetaregionalna.com\/wp-content\/uploads\/2021\/06\/DSCF9374-200x300.jpg 200w, https:\/\/gazetaregionalna.com\/wp-content\/uploads\/2021\/06\/DSCF9374-768x1153.jpg 768w, https:\/\/gazetaregionalna.com\/wp-content\/uploads\/2021\/06\/DSCF9374-1023x1536.jpg 1023w, https:\/\/gazetaregionalna.com\/wp-content\/uploads\/2021\/06\/DSCF9374-1364x2048.jpg 1364w, https:\/\/gazetaregionalna.com\/wp-content\/uploads\/2021\/06\/DSCF9374-696x1045.jpg 696w, https:\/\/gazetaregionalna.com\/wp-content\/uploads\/2021\/06\/DSCF9374-1068x1604.jpg 1068w, https:\/\/gazetaregionalna.com\/wp-content\/uploads\/2021\/06\/DSCF9374-1920x2883.jpg 1920w, https:\/\/gazetaregionalna.com\/wp-content\/uploads\/2021\/06\/DSCF9374-280x420.jpg 280w, https:\/\/gazetaregionalna.com\/wp-content\/uploads\/2021\/06\/DSCF9374-scaled.jpg 1066w\" data-sizes=\"(max-width: 682px) 100vw, 682px\" src=\"data:image\/svg+xml;base64,PHN2ZyB3aWR0aD0iMSIgaGVpZ2h0PSIxIiB4bWxucz0iaHR0cDovL3d3dy53My5vcmcvMjAwMC9zdmciPjwvc3ZnPg==\" style=\"--smush-placeholder-width: 682px; --smush-placeholder-aspect-ratio: 682\/1024;\" \/><figcaption>Uroczysto\u015b\u0107 posadzenia okoliczno\u015bciowego  D\u0119bu w Specjalnym O\u015brodku Szkolno-Wychowawczym Nr 5 (mat. SOSW)<\/figcaption><\/figure>\n\n\n\n<p>Dzi\u0119ki temu obecni mogli wys\u0142ucha\u0107 wspomnie\u0144 powsta\u0144czych przekazywanych rodzinie z pokolenia na pokolenie. Z tej lekcji historii skorzystali&nbsp;przede wszystkim wychowankowie O\u015brodka, kt\u00f3rzy ch\u0119tnie uczestniczyli w przygotowaniach do pi\u0105tkowej uroczysto\u015bci. Przez ostatni miesi\u0105c anga\u017cowali si\u0119 w obchody rocznicy III powstania \u015bl\u0105skiego poznaj\u0105c folklor, kultur\u0119 i histori\u0119 \u015al\u0105ska. M\u0142odzi s\u0142uchali polskich piosenek powsta\u0144czych, uczyli si\u0119 ta\u0144c\u00f3w \u015bl\u0105skich (w tym trojaka), poznawali stroje ludowe. uczestniczyli tak\u017ce w konkursach regionalnych dotycz\u0105cych powsta\u0144 \u015bl\u0105skich, a tak\u017ce konkursach plastycznych i muzycznych. <\/p>\n\n\n\n<p>Efekty wytrwa\u0142ej pracy wychowank\u00f3w go\u015bcie uroczysto\u015bci mogli podziwia\u0107 ogl\u0105daj\u0105c wykonany przez dzieci taniec trojak do piosenki &#8222;Ten dwudziesty pierwszy roczek&#8221;.<\/p>\n\n\n\n<figure class=\"wp-block-image size-large\"><img decoding=\"async\" width=\"1024\" height=\"682\" data-src=\"https:\/\/gazetaregionalna.com\/wp-content\/uploads\/2021\/06\/DSCF9377-1024x682.jpg\" alt=\"\" class=\"wp-image-44779 lazyload\" data-srcset=\"https:\/\/gazetaregionalna.com\/wp-content\/uploads\/2021\/06\/DSCF9377-1024x682.jpg 1024w, https:\/\/gazetaregionalna.com\/wp-content\/uploads\/2021\/06\/DSCF9377-300x200.jpg 300w, https:\/\/gazetaregionalna.com\/wp-content\/uploads\/2021\/06\/DSCF9377-768x512.jpg 768w, https:\/\/gazetaregionalna.com\/wp-content\/uploads\/2021\/06\/DSCF9377-1536x1023.jpg 1536w, https:\/\/gazetaregionalna.com\/wp-content\/uploads\/2021\/06\/DSCF9377-2048x1364.jpg 2048w, https:\/\/gazetaregionalna.com\/wp-content\/uploads\/2021\/06\/DSCF9377-696x464.jpg 696w, https:\/\/gazetaregionalna.com\/wp-content\/uploads\/2021\/06\/DSCF9377-1068x711.jpg 1068w, https:\/\/gazetaregionalna.com\/wp-content\/uploads\/2021\/06\/DSCF9377-1920x1279.jpg 1920w, https:\/\/gazetaregionalna.com\/wp-content\/uploads\/2021\/06\/DSCF9377-630x420.jpg 630w, https:\/\/gazetaregionalna.com\/wp-content\/uploads\/2021\/06\/DSCF9377-scaled.jpg 1200w\" data-sizes=\"(max-width: 1024px) 100vw, 1024px\" src=\"data:image\/svg+xml;base64,PHN2ZyB3aWR0aD0iMSIgaGVpZ2h0PSIxIiB4bWxucz0iaHR0cDovL3d3dy53My5vcmcvMjAwMC9zdmciPjwvc3ZnPg==\" style=\"--smush-placeholder-width: 1024px; --smush-placeholder-aspect-ratio: 1024\/682;\" \/><figcaption>Uroczysto\u015b\u0107 posadzenia okoliczno\u015bciowego  D\u0119bu w Specjalnym O\u015brodku Szkolno-Wychowawczym Nr 5 (mat. SOSW)<\/figcaption><\/figure>\n\n\n\n<p>Zwie\u0144czeniem pi\u0105tkowych obchod\u00f3w III powstania \u015bl\u0105skiego by\u0142o oczywi\u015bcie zasadzenie pami\u0105tkowego D\u0119bu ku czci Ignacego Zi\u0119tala oraz deklaracja wychowank\u00f3w i nauczycieli, i\u017c godnie b\u0119d\u0105 si\u0119 opiekowa\u0107 tym \u017cywym pomnikiem historii oraz kultywowa\u0107 pami\u0119\u0107 tych, kt\u00f3rzy oddali \u017cycie za Polsk\u0119.<\/p>\n\n\n\n<p><strong>ZS<\/strong><\/p>\n\n\n\n<p><a href=\"https:\/\/gazetaregionalna.com\/nagrody-74-najzdolniejszych-uczniow\/\" class=\"rank-math-link\">Czytaj tak\u017ce: 74 najzdolniejszych uczni\u00f3w otrzyma\u0142o Nagrody Prezydenta Miasta Cz\u0119stochowy [LISTA NAZWISK]<\/a><\/p>\n","protected":false},"excerpt":{"rendered":"<p>Posadzeniem okoliczno\u015bciowego&nbsp;d\u0119bu upami\u0119tniono w Specjalnym O\u015brodku Szkolno-Wychowawczym nr 5 w Cz\u0119stochowie setn\u0105 rocznic\u0119 III powstania \u015bl\u0105skiego. W pi\u0105tek, 11 czerwca w Specjalnym O\u015brodku Szkolno-Wychowawczym<\/p>\n","protected":false},"author":18,"featured_media":44776,"comment_status":"open","ping_status":"open","sticky":false,"template":"","format":"standard","meta":{"_monsterinsights_skip_tracking":false,"_monsterinsights_sitenote_active":false,"_monsterinsights_sitenote_note":"","_monsterinsights_sitenote_category":0,"_uf_show_specific_survey":0,"_uf_disable_surveys":false,"footnotes":""},"categories":[3,41,2],"tags":[2142,2143,2141,2139,2140],"class_list":["post-44766","post","type-post","status-publish","format-standard","has-post-thumbnail","hentry","category-czestochowa-informacje","category-edukacja","category-wiadomosci","tag-deby-pamieci","tag-ignacy-zietal","tag-juliusz-setowski","tag-powstania-slaskie","tag-specjalny-osrodek-szkolno-wychowawczy-nr-5-w-czestochowie"],"_links":{"self":[{"href":"https:\/\/gazetaregionalna.com\/index.php?rest_route=\/wp\/v2\/posts\/44766","targetHints":{"allow":["GET"]}}],"collection":[{"href":"https:\/\/gazetaregionalna.com\/index.php?rest_route=\/wp\/v2\/posts"}],"about":[{"href":"https:\/\/gazetaregionalna.com\/index.php?rest_route=\/wp\/v2\/types\/post"}],"author":[{"embeddable":true,"href":"https:\/\/gazetaregionalna.com\/index.php?rest_route=\/wp\/v2\/users\/18"}],"replies":[{"embeddable":true,"href":"https:\/\/gazetaregionalna.com\/index.php?rest_route=%2Fwp%2Fv2%2Fcomments&post=44766"}],"version-history":[{"count":4,"href":"https:\/\/gazetaregionalna.com\/index.php?rest_route=\/wp\/v2\/posts\/44766\/revisions"}],"predecessor-version":[{"id":44828,"href":"https:\/\/gazetaregionalna.com\/index.php?rest_route=\/wp\/v2\/posts\/44766\/revisions\/44828"}],"wp:featuredmedia":[{"embeddable":true,"href":"https:\/\/gazetaregionalna.com\/index.php?rest_route=\/wp\/v2\/media\/44776"}],"wp:attachment":[{"href":"https:\/\/gazetaregionalna.com\/index.php?rest_route=%2Fwp%2Fv2%2Fmedia&parent=44766"}],"wp:term":[{"taxonomy":"category","embeddable":true,"href":"https:\/\/gazetaregionalna.com\/index.php?rest_route=%2Fwp%2Fv2%2Fcategories&post=44766"},{"taxonomy":"post_tag","embeddable":true,"href":"https:\/\/gazetaregionalna.com\/index.php?rest_route=%2Fwp%2Fv2%2Ftags&post=44766"}],"curies":[{"name":"wp","href":"https:\/\/api.w.org\/{rel}","templated":true}]}}