{"id":44748,"date":"2021-06-15T09:41:21","date_gmt":"2021-06-15T09:41:21","guid":{"rendered":"https:\/\/gazetaregionalna.com\/?p=44748"},"modified":"2021-06-15T09:41:22","modified_gmt":"2021-06-15T09:41:22","slug":"rusza-program-profilaktyka-40-plus-masz-40-lat-i-wiecej-rzad-wysle-cie-na-bezplatne-badania","status":"publish","type":"post","link":"https:\/\/gazetaregionalna.com\/?p=44748","title":{"rendered":"Rusza Program Profilaktyka 40 PLUS. Masz 40 lat i wi\u0119cej? Rz\u0105d wy\u015ble Ci\u0119 na bezp\u0142atne badania"},"content":{"rendered":"\n<h1 class=\"wp-block-heading\">Masz 40 lat i wi\u0119cej? Rz\u0105d wy\u015ble Ci\u0119 na bezp\u0142atne badania. Rusza Program Profilaktyka 40 PLUS. Zapisy rozpoczn\u0105 si\u0119 1 lipca.<\/h1>\n\n\n\n<p>Pakiet nieodp\u0142atnych bada\u0144 Profilaktyka 40 PLUS, bo tak si\u0119 nazywa program przygotowywany przez Ministerstwo Zdrowia, to zestaw bada\u0144 profilaktycznych dla os\u00f3b od 40. roku \u017cycia. Jak okre\u015bla go rz\u0105d, to \u201ejeden element\u00f3w programu odbudowy zdrowia Polak\u00f3w po pandemii\u201d.<\/p>\n\n\n\n<p>Zadaniem tego projektu jest sprawdzenie stanu zdrowia Polak\u00f3w, kt\u00f3rzy z racji pandemii mieli przez ostatni rok ograniczony dost\u0119p do bada\u0144 profilaktycznych.<\/p>\n\n\n\n<p>Program Profilaktyka 40 PLUS ma odwr\u00f3ci\u0107 t\u0119 tendencj\u0119. Dzi\u0119ki dobranemu dla pacjenta indywidualnego pakietowi bada\u0144 laboratoryjnych b\u0119dzie mo\u017cna, jak zapowiada resort zdrowia, oznaczy\u0107 czynniki ryzyka chor\u00f3b lub wykry\u0107 objawy na wczesnym etapie, co znacznie przyspieszy proces diagnostyczny.<\/p>\n\n\n\n<p>Z programu mo\u017ce skorzysta\u0107 ka\u017cdy Polak, kt\u00f3ry w danym roku ko\u0144czy 40 lat, Badania b\u0119dzie m\u00f3g\u0142 wykona\u0107 w wyznaczonych plac\u00f3wkach. Badania rozpoczn\u0105 si\u0119 1 lipca. Poprzedz\u0105 je zapisy pacjent\u00f3w. <\/p>\n\n\n\n<p>Aby skorzysta\u0107 z bada\u0144 po 1 lipca nale\u017cy wype\u0142ni\u0107 ankiet\u0119 w Internetowym Koncie Pacjenta (IKP). Kiedy to zrobimy, otrzymamy e-skierowanie na pakiet przyznany nam pakiet bada\u0144. Z tym e-skierowaniem musimy si\u0119 zapisa\u0107 na badania w plac\u00f3wce, kt\u00f3ra realizuje program.<\/p>\n\n\n\n<p>Osoby, kt\u00f3re nie korzystaj\u0105 z IKP, b\u0119d\u0105 mog\u0142y zapisa\u0107 si\u0119 na badania w ramach programu za po\u015brednictwem <a rel=\"noreferrer noopener\" class=\"rank-math-link\" href=\"https:\/\/www.gov.pl\/web\/domowaopiekamedyczna\" target=\"_blank\">infolinii Domowej Opieki Medycznej<\/a>.Co b\u0119dzie potrzebne, aby zapisa\u0107 si\u0119 do programu? Trzeba poda\u0107 informacje dotycz\u0105ce parametr\u00f3w naszego cia\u0142a, a nast\u0119pnie poda\u0107 dok\u0142adne odpowiedzi na zadane w ankiecie pytania. Dzi\u0119ki temu, jak informuje Ministerstwo Zdrowia, pacjent zyska wi\u0119cej informacji o ryzykach zdrowotnych i swoim stanie zdrowia. Na podstawie odpowiedzi ka\u017cdy otrzyma dopasowany do niego pakiet bada\u0144&nbsp;profilaktycznych.<\/p>\n\n\n\n<p>Szczeg\u00f3\u0142y:  <\/p>\n\n\n\n<p><a href=\"https:\/\/www.gov.pl\/web\/zdrowie\/profilaktyka40-plus---pakiet-badan-dla-milionow-polakow\" target=\"_blank\" rel=\"noopener\">https:\/\/www.gov.pl\/web\/zdrowie\/profilaktyka40-plus&#8212;pakiet-badan-dla-milionow-polakow<\/a><\/p>\n","protected":false},"excerpt":{"rendered":"<p>Masz 40 lat i wi\u0119cej? Rz\u0105d wy\u015ble Ci\u0119 na bezp\u0142atne badania. Rusza Program Profilaktyka 40 PLUS. Zapisy rozpoczn\u0105 si\u0119 1 lipca. Pakiet nieodp\u0142atnych bada\u0144<\/p>\n","protected":false},"author":7,"featured_media":44760,"comment_status":"open","ping_status":"open","sticky":false,"template":"","format":"standard","meta":{"_monsterinsights_skip_tracking":false,"_monsterinsights_sitenote_active":false,"_monsterinsights_sitenote_note":"","_monsterinsights_sitenote_category":0,"_uf_show_specific_survey":0,"_uf_disable_surveys":false,"footnotes":""},"categories":[19,94,2],"tags":[],"class_list":["post-44748","post","type-post","status-publish","format-standard","has-post-thumbnail","hentry","category-zdrowie-i-uroda","category-polecane","category-wiadomosci"],"_links":{"self":[{"href":"https:\/\/gazetaregionalna.com\/index.php?rest_route=\/wp\/v2\/posts\/44748","targetHints":{"allow":["GET"]}}],"collection":[{"href":"https:\/\/gazetaregionalna.com\/index.php?rest_route=\/wp\/v2\/posts"}],"about":[{"href":"https:\/\/gazetaregionalna.com\/index.php?rest_route=\/wp\/v2\/types\/post"}],"author":[{"embeddable":true,"href":"https:\/\/gazetaregionalna.com\/index.php?rest_route=\/wp\/v2\/users\/7"}],"replies":[{"embeddable":true,"href":"https:\/\/gazetaregionalna.com\/index.php?rest_route=%2Fwp%2Fv2%2Fcomments&post=44748"}],"version-history":[{"count":7,"href":"https:\/\/gazetaregionalna.com\/index.php?rest_route=\/wp\/v2\/posts\/44748\/revisions"}],"predecessor-version":[{"id":44759,"href":"https:\/\/gazetaregionalna.com\/index.php?rest_route=\/wp\/v2\/posts\/44748\/revisions\/44759"}],"wp:featuredmedia":[{"embeddable":true,"href":"https:\/\/gazetaregionalna.com\/index.php?rest_route=\/wp\/v2\/media\/44760"}],"wp:attachment":[{"href":"https:\/\/gazetaregionalna.com\/index.php?rest_route=%2Fwp%2Fv2%2Fmedia&parent=44748"}],"wp:term":[{"taxonomy":"category","embeddable":true,"href":"https:\/\/gazetaregionalna.com\/index.php?rest_route=%2Fwp%2Fv2%2Fcategories&post=44748"},{"taxonomy":"post_tag","embeddable":true,"href":"https:\/\/gazetaregionalna.com\/index.php?rest_route=%2Fwp%2Fv2%2Ftags&post=44748"}],"curies":[{"name":"wp","href":"https:\/\/api.w.org\/{rel}","templated":true}]}}