{"id":44739,"date":"2021-06-15T08:47:05","date_gmt":"2021-06-15T08:47:05","guid":{"rendered":"https:\/\/gazetaregionalna.com\/?p=44739"},"modified":"2021-06-15T08:47:06","modified_gmt":"2021-06-15T08:47:06","slug":"wiktoria","status":"publish","type":"post","link":"https:\/\/gazetaregionalna.com\/?p=44739","title":{"rendered":"Wiktoria Pisarska z SP w Myszkowie laureatk\u0105 oraz finalistk\u0105 w konkursie matematycznym i chemicznym"},"content":{"rendered":"\n<h2 class=\"wp-block-heading\">Uczennica 8 klasy Szko\u0142y Podstawowej z Oddzia\u0142ami Integracyjnymi nr 3 im. Tadeusza Ko\u015bciuszki w Myszkowie &#8211; <strong>Wiktoria Pisarska, <\/strong>zosta\u0142a\u00a0<strong>laureatk\u0105 <\/strong>oraz <strong>finalistk\u0105<\/strong> Wojew\u00f3dzkiego Konkursu Przedmiotowego z matematyki i chemii w roku szkolnym 2020\/2021.<\/h2>\n\n\n\n<p><strong>Wojew\u00f3dzki Konkurs Przedmiotowy<\/strong> nale\u017cy do jednych z presti\u017cowych wsp\u00f3\u0142zawodnictw uczni\u00f3w ze Szk\u00f3\u0142 Podstawowych. Zawodnicy rywalizuj\u0105 ze sob\u0105 z wybranego przedmiotu, do kt\u00f3rego w przygotowanie wk\u0142adaj\u0105 du\u017co pracy. Poza ogromn\u0105 wiedz\u0105 musz\u0105 si\u0119 wykaza\u0107 tak\u017ce nietypowym, logicznym my\u015bleniem.<\/p>\n\n\n\n<p>Aby dosta\u0107 si\u0119 do Wojew\u00f3dzkiego Konkursu, nale\u017cy wcze\u015bniej przej\u015b\u0107 etap szkolny, nast\u0119pnie zmierzy\u0107 si\u0119 z etapem rejonowym. Awans oznacza dostanie si\u0119 do fina\u0142u, czyli etapu wojew\u00f3dzkiego, na kt\u00f3rym konkurs si\u0119 ko\u0144czy.<\/p>\n\n\n\n<p>Punktacja uczni\u00f3w w wojew\u00f3dzkim konkursie wygl\u0105da nast\u0119puj\u0105co:<\/p>\n\n\n\n<ul class=\"wp-block-list\"><li><strong>Laureat<\/strong>: uzyskany wynik to co najmniej <strong>90%<\/strong> zdobytych punkt\u00f3w;<\/li><li><strong>Finalista<\/strong>: uzyskany wynik to powy\u017cej <strong>50%<\/strong> zdobytych punkt\u00f3w.<\/li><\/ul>\n\n\n\n<p><strong>Wiktoria Pisarska tytu\u0142 \u201eLaureatki\u201d<\/strong> w Wojew\u00f3dzkim Konkursie Przedmiotowym organizowanym przez <strong>\u00a0<\/strong>Kuratorium w Katowicach<strong> <\/strong>osi\u0105gn\u0119\u0142a za wybitne wyniki w rywalizacji <strong>matematycznej<\/strong>. Tym samym by\u0142a ona zwolniona z egzaminu \u00f3smoklasisty z matematyki (automatycznie otrzyma\u0142a maksymaln\u0105 liczb\u0119 punkt\u00f3w z tego przedmiotu).<\/p>\n\n\n\n<p>Uczennica przygotowywa\u0142a si\u0119 pod kierunkiem nauczyciela matematyki &#8211;&nbsp;<strong>pani Krystyny Gocy\u0142y<\/strong>.<\/p>\n\n\n\n<p>Dodatkowo Wiktoria zdoby\u0142a tytu\u0142 <strong>\u201eFinalistki\u201d<\/strong> w Wojew\u00f3dzkim Konkursie Przedmiotowym z chemii, do kt\u00f3rego przygotowywa\u0142a si\u0119 pod okiem Pani Anny Durka, oraz r\u00f3wnie\u017c tytu\u0142 \u201eFinalistki\u201d w Wojew\u00f3dzkim VIII Dyktandzie Niepodleg\u0142o\u015bciowym \u201ePo polsku o historii\u201d &#8211; opiekun\u00a0<strong>pani Renata Cholewka<\/strong>.<\/p>\n\n\n\n<p>Gratulujemy osi\u0105gni\u0119tych wynik\u00f3w.<\/p>\n","protected":false},"excerpt":{"rendered":"<p>Uczennica 8 klasy Szko\u0142y Podstawowej z Oddzia\u0142ami Integracyjnymi nr 3 im. Tadeusza Ko\u015bciuszki w Myszkowie &#8211; Wiktoria Pisarska, zosta\u0142a\u00a0laureatk\u0105 oraz finalistk\u0105 Wojew\u00f3dzkiego Konkursu Przedmiotowego<\/p>\n","protected":false},"author":12,"featured_media":44740,"comment_status":"open","ping_status":"open","sticky":false,"template":"","format":"standard","meta":{"_monsterinsights_skip_tracking":false,"_monsterinsights_sitenote_active":false,"_monsterinsights_sitenote_note":"","_monsterinsights_sitenote_category":0,"_uf_show_specific_survey":0,"_uf_disable_surveys":false,"footnotes":""},"categories":[41,26,94],"tags":[2136,2137],"class_list":["post-44739","post","type-post","status-publish","format-standard","has-post-thumbnail","hentry","category-edukacja","category-myszkow","category-polecane","tag-wiktoria-pisarska","tag-wojewodzki-konkurs-przedmiotowy"],"_links":{"self":[{"href":"https:\/\/gazetaregionalna.com\/index.php?rest_route=\/wp\/v2\/posts\/44739","targetHints":{"allow":["GET"]}}],"collection":[{"href":"https:\/\/gazetaregionalna.com\/index.php?rest_route=\/wp\/v2\/posts"}],"about":[{"href":"https:\/\/gazetaregionalna.com\/index.php?rest_route=\/wp\/v2\/types\/post"}],"author":[{"embeddable":true,"href":"https:\/\/gazetaregionalna.com\/index.php?rest_route=\/wp\/v2\/users\/12"}],"replies":[{"embeddable":true,"href":"https:\/\/gazetaregionalna.com\/index.php?rest_route=%2Fwp%2Fv2%2Fcomments&post=44739"}],"version-history":[{"count":1,"href":"https:\/\/gazetaregionalna.com\/index.php?rest_route=\/wp\/v2\/posts\/44739\/revisions"}],"predecessor-version":[{"id":44741,"href":"https:\/\/gazetaregionalna.com\/index.php?rest_route=\/wp\/v2\/posts\/44739\/revisions\/44741"}],"wp:featuredmedia":[{"embeddable":true,"href":"https:\/\/gazetaregionalna.com\/index.php?rest_route=\/wp\/v2\/media\/44740"}],"wp:attachment":[{"href":"https:\/\/gazetaregionalna.com\/index.php?rest_route=%2Fwp%2Fv2%2Fmedia&parent=44739"}],"wp:term":[{"taxonomy":"category","embeddable":true,"href":"https:\/\/gazetaregionalna.com\/index.php?rest_route=%2Fwp%2Fv2%2Fcategories&post=44739"},{"taxonomy":"post_tag","embeddable":true,"href":"https:\/\/gazetaregionalna.com\/index.php?rest_route=%2Fwp%2Fv2%2Ftags&post=44739"}],"curies":[{"name":"wp","href":"https:\/\/api.w.org\/{rel}","templated":true}]}}