{"id":44544,"date":"2021-06-13T07:25:51","date_gmt":"2021-06-13T07:25:51","guid":{"rendered":"https:\/\/gazetaregionalna.com\/?p=44544"},"modified":"2021-06-13T07:25:52","modified_gmt":"2021-06-13T07:25:52","slug":"jakub-miskowiak-wygral-polfinal-imsj-w-gustrow","status":"publish","type":"post","link":"https:\/\/gazetaregionalna.com\/?p=44544","title":{"rendered":"Jakub Mi\u015bkowiak wygra\u0142 p\u00f3\u0142fina\u0142 IM\u015aJ w Gustrow"},"content":{"rendered":"\n<p>W sobot\u0119 \u017cu\u017clowiec Eltrox W\u0142\u00f3kniarz Cz\u0119stochowa Jakub Mi\u015bkowiak wygra\u0142 p\u00f3\u0142fina\u0142 Indywidualnych Mistrzostw \u015awiata Junior\u00f3w w niemieckim Gustrow.<\/p>\n\n\n\n<p>W Gustrow \u015bciga\u0142o si\u0119 dw\u00f3ch cz\u0119stochowskich \u017cu\u017clowc\u00f3w: Mi\u015bkowiak i Mateusz \u015awidnicki. Mi\u015bkowiak z 14 punktami (3,3,2,3,3) wygra\u0142 zawody. Na podium wyprzedzi\u0142 dw\u00f3ch Du\u0144czyk\u00f3w: Madsa Hansena (13 punkt\u00f3w) i Jonasa Seifert-Salk (13 punkt\u00f3w).<\/p>\n\n\n\n<p>W Gustrow \u015bciga\u0142 si\u0119 te\u017c Mateusz \u015awidnicki. Junior Eltrox W\u0142\u00f3kniarz zdoby\u0142 8 punkt\u00f3w (2,1,1,2,2) i zosta\u0142 sklasyfikowany na 7. pozycji. Do fina\u0142u awansowa\u0142o&#8230; 6 czo\u0142owych zawodnik\u00f3w turnieju&#8230;<\/p>\n\n\n\n<p>Foto: Gazeta Regionalna\/AK<\/p>\n\n\n\n<p>Foto: Reklama<\/p>\n\n\n\n<figure class=\"wp-block-image size-large\"><img decoding=\"async\" width=\"1024\" height=\"645\" data-src=\"https:\/\/gazetaregionalna.com\/wp-content\/uploads\/2021\/04\/CKM-Falubaz-01-1024x645.jpg\" alt=\"\" class=\"wp-image-39408 lazyload\" data-srcset=\"https:\/\/gazetaregionalna.com\/wp-content\/uploads\/2021\/04\/CKM-Falubaz-01-1024x645.jpg 1024w, https:\/\/gazetaregionalna.com\/wp-content\/uploads\/2021\/04\/CKM-Falubaz-01-300x189.jpg 300w, https:\/\/gazetaregionalna.com\/wp-content\/uploads\/2021\/04\/CKM-Falubaz-01-768x484.jpg 768w, https:\/\/gazetaregionalna.com\/wp-content\/uploads\/2021\/04\/CKM-Falubaz-01-1536x968.jpg 1536w, https:\/\/gazetaregionalna.com\/wp-content\/uploads\/2021\/04\/CKM-Falubaz-01-2048x1290.jpg 2048w, https:\/\/gazetaregionalna.com\/wp-content\/uploads\/2021\/04\/CKM-Falubaz-01-696x439.jpg 696w, https:\/\/gazetaregionalna.com\/wp-content\/uploads\/2021\/04\/CKM-Falubaz-01-1068x673.jpg 1068w, https:\/\/gazetaregionalna.com\/wp-content\/uploads\/2021\/04\/CKM-Falubaz-01-1920x1210.jpg 1920w, https:\/\/gazetaregionalna.com\/wp-content\/uploads\/2021\/04\/CKM-Falubaz-01-667x420.jpg 667w, https:\/\/gazetaregionalna.com\/wp-content\/uploads\/2021\/04\/CKM-Falubaz-01-scaled.jpg 1200w\" data-sizes=\"(max-width: 1024px) 100vw, 1024px\" src=\"data:image\/svg+xml;base64,PHN2ZyB3aWR0aD0iMSIgaGVpZ2h0PSIxIiB4bWxucz0iaHR0cDovL3d3dy53My5vcmcvMjAwMC9zdmciPjwvc3ZnPg==\" style=\"--smush-placeholder-width: 1024px; --smush-placeholder-aspect-ratio: 1024\/645;\" \/><\/figure>\n\n\n\n<figure class=\"wp-block-image size-large\"><img decoding=\"async\" width=\"1024\" height=\"665\" data-src=\"https:\/\/gazetaregionalna.com\/wp-content\/uploads\/2021\/04\/CKM-Falubaz-06-1024x665.jpg\" alt=\"\" class=\"wp-image-39410 lazyload\" data-srcset=\"https:\/\/gazetaregionalna.com\/wp-content\/uploads\/2021\/04\/CKM-Falubaz-06-1024x665.jpg 1024w, https:\/\/gazetaregionalna.com\/wp-content\/uploads\/2021\/04\/CKM-Falubaz-06-300x195.jpg 300w, https:\/\/gazetaregionalna.com\/wp-content\/uploads\/2021\/04\/CKM-Falubaz-06-768x499.jpg 768w, https:\/\/gazetaregionalna.com\/wp-content\/uploads\/2021\/04\/CKM-Falubaz-06-1536x997.jpg 1536w, https:\/\/gazetaregionalna.com\/wp-content\/uploads\/2021\/04\/CKM-Falubaz-06-2048x1329.jpg 2048w, https:\/\/gazetaregionalna.com\/wp-content\/uploads\/2021\/04\/CKM-Falubaz-06-696x452.jpg 696w, https:\/\/gazetaregionalna.com\/wp-content\/uploads\/2021\/04\/CKM-Falubaz-06-1068x693.jpg 1068w, https:\/\/gazetaregionalna.com\/wp-content\/uploads\/2021\/04\/CKM-Falubaz-06-1920x1246.jpg 1920w, https:\/\/gazetaregionalna.com\/wp-content\/uploads\/2021\/04\/CKM-Falubaz-06-647x420.jpg 647w, https:\/\/gazetaregionalna.com\/wp-content\/uploads\/2021\/04\/CKM-Falubaz-06-scaled.jpg 1200w\" data-sizes=\"(max-width: 1024px) 100vw, 1024px\" src=\"data:image\/svg+xml;base64,PHN2ZyB3aWR0aD0iMSIgaGVpZ2h0PSIxIiB4bWxucz0iaHR0cDovL3d3dy53My5vcmcvMjAwMC9zdmciPjwvc3ZnPg==\" style=\"--smush-placeholder-width: 1024px; --smush-placeholder-aspect-ratio: 1024\/665;\" \/><\/figure>\n\n\n\n<figure class=\"wp-block-image size-large\"><img decoding=\"async\" width=\"1024\" height=\"683\" data-src=\"https:\/\/gazetaregionalna.com\/wp-content\/uploads\/2021\/04\/CKM-Falubaz-50-1024x683.jpg\" alt=\"\" class=\"wp-image-39419 lazyload\" data-srcset=\"https:\/\/gazetaregionalna.com\/wp-content\/uploads\/2021\/04\/CKM-Falubaz-50-1024x683.jpg 1024w, https:\/\/gazetaregionalna.com\/wp-content\/uploads\/2021\/04\/CKM-Falubaz-50-300x200.jpg 300w, https:\/\/gazetaregionalna.com\/wp-content\/uploads\/2021\/04\/CKM-Falubaz-50-768x512.jpg 768w, https:\/\/gazetaregionalna.com\/wp-content\/uploads\/2021\/04\/CKM-Falubaz-50-1536x1024.jpg 1536w, https:\/\/gazetaregionalna.com\/wp-content\/uploads\/2021\/04\/CKM-Falubaz-50-2048x1365.jpg 2048w, https:\/\/gazetaregionalna.com\/wp-content\/uploads\/2021\/04\/CKM-Falubaz-50-696x464.jpg 696w, https:\/\/gazetaregionalna.com\/wp-content\/uploads\/2021\/04\/CKM-Falubaz-50-1068x712.jpg 1068w, https:\/\/gazetaregionalna.com\/wp-content\/uploads\/2021\/04\/CKM-Falubaz-50-1920x1280.jpg 1920w, https:\/\/gazetaregionalna.com\/wp-content\/uploads\/2021\/04\/CKM-Falubaz-50-630x420.jpg 630w, https:\/\/gazetaregionalna.com\/wp-content\/uploads\/2021\/04\/CKM-Falubaz-50-scaled.jpg 1200w\" data-sizes=\"(max-width: 1024px) 100vw, 1024px\" src=\"data:image\/svg+xml;base64,PHN2ZyB3aWR0aD0iMSIgaGVpZ2h0PSIxIiB4bWxucz0iaHR0cDovL3d3dy53My5vcmcvMjAwMC9zdmciPjwvc3ZnPg==\" style=\"--smush-placeholder-width: 1024px; --smush-placeholder-aspect-ratio: 1024\/683;\" \/><\/figure>\n\n\n\n<figure class=\"wp-block-image size-large\"><img decoding=\"async\" width=\"755\" height=\"1024\" data-src=\"https:\/\/gazetaregionalna.com\/wp-content\/uploads\/2021\/06\/ReklamaBOSZPS-755x1024.jpg\" alt=\"\" class=\"wp-image-44021 lazyload\" data-srcset=\"https:\/\/gazetaregionalna.com\/wp-content\/uploads\/2021\/06\/ReklamaBOSZPS-755x1024.jpg 755w, https:\/\/gazetaregionalna.com\/wp-content\/uploads\/2021\/06\/ReklamaBOSZPS-221x300.jpg 221w, https:\/\/gazetaregionalna.com\/wp-content\/uploads\/2021\/06\/ReklamaBOSZPS-768x1041.jpg 768w, https:\/\/gazetaregionalna.com\/wp-content\/uploads\/2021\/06\/ReklamaBOSZPS-1133x1536.jpg 1133w, https:\/\/gazetaregionalna.com\/wp-content\/uploads\/2021\/06\/ReklamaBOSZPS-696x943.jpg 696w, https:\/\/gazetaregionalna.com\/wp-content\/uploads\/2021\/06\/ReklamaBOSZPS-1068x1448.jpg 1068w, https:\/\/gazetaregionalna.com\/wp-content\/uploads\/2021\/06\/ReklamaBOSZPS-310x420.jpg 310w, https:\/\/gazetaregionalna.com\/wp-content\/uploads\/2021\/06\/ReklamaBOSZPS.jpg 1180w\" data-sizes=\"(max-width: 755px) 100vw, 755px\" src=\"data:image\/svg+xml;base64,PHN2ZyB3aWR0aD0iMSIgaGVpZ2h0PSIxIiB4bWxucz0iaHR0cDovL3d3dy53My5vcmcvMjAwMC9zdmciPjwvc3ZnPg==\" style=\"--smush-placeholder-width: 755px; --smush-placeholder-aspect-ratio: 755\/1024;\" \/><\/figure>\n","protected":false},"excerpt":{"rendered":"<p>W sobot\u0119 \u017cu\u017clowiec Eltrox W\u0142\u00f3kniarz Cz\u0119stochowa Jakub Mi\u015bkowiak wygra\u0142 p\u00f3\u0142fina\u0142 Indywidualnych Mistrzostw \u015awiata Junior\u00f3w w niemieckim Gustrow. W Gustrow \u015bciga\u0142o si\u0119 dw\u00f3ch cz\u0119stochowskich \u017cu\u017clowc\u00f3w:<\/p>\n","protected":false},"author":15,"featured_media":39410,"comment_status":"open","ping_status":"open","sticky":false,"template":"","format":"standard","meta":{"_monsterinsights_skip_tracking":false,"_monsterinsights_sitenote_active":false,"_monsterinsights_sitenote_note":"","_monsterinsights_sitenote_category":0,"_uf_show_specific_survey":0,"_uf_disable_surveys":false,"footnotes":""},"categories":[5,7],"tags":[],"class_list":["post-44544","post","type-post","status-publish","format-standard","has-post-thumbnail","hentry","category-sport","category-zuzel"],"_links":{"self":[{"href":"https:\/\/gazetaregionalna.com\/index.php?rest_route=\/wp\/v2\/posts\/44544","targetHints":{"allow":["GET"]}}],"collection":[{"href":"https:\/\/gazetaregionalna.com\/index.php?rest_route=\/wp\/v2\/posts"}],"about":[{"href":"https:\/\/gazetaregionalna.com\/index.php?rest_route=\/wp\/v2\/types\/post"}],"author":[{"embeddable":true,"href":"https:\/\/gazetaregionalna.com\/index.php?rest_route=\/wp\/v2\/users\/15"}],"replies":[{"embeddable":true,"href":"https:\/\/gazetaregionalna.com\/index.php?rest_route=%2Fwp%2Fv2%2Fcomments&post=44544"}],"version-history":[{"count":1,"href":"https:\/\/gazetaregionalna.com\/index.php?rest_route=\/wp\/v2\/posts\/44544\/revisions"}],"predecessor-version":[{"id":44545,"href":"https:\/\/gazetaregionalna.com\/index.php?rest_route=\/wp\/v2\/posts\/44544\/revisions\/44545"}],"wp:featuredmedia":[{"embeddable":true,"href":"https:\/\/gazetaregionalna.com\/index.php?rest_route=\/wp\/v2\/media\/39410"}],"wp:attachment":[{"href":"https:\/\/gazetaregionalna.com\/index.php?rest_route=%2Fwp%2Fv2%2Fmedia&parent=44544"}],"wp:term":[{"taxonomy":"category","embeddable":true,"href":"https:\/\/gazetaregionalna.com\/index.php?rest_route=%2Fwp%2Fv2%2Fcategories&post=44544"},{"taxonomy":"post_tag","embeddable":true,"href":"https:\/\/gazetaregionalna.com\/index.php?rest_route=%2Fwp%2Fv2%2Ftags&post=44544"}],"curies":[{"name":"wp","href":"https:\/\/api.w.org\/{rel}","templated":true}]}}