{"id":4445,"date":"2019-07-18T07:20:08","date_gmt":"2019-07-18T07:20:08","guid":{"rendered":"https:\/\/gazetaregionalna.com\/?p=4445"},"modified":"2019-07-18T07:20:11","modified_gmt":"2019-07-18T07:20:11","slug":"w-niedziele-w-miescie-pojedziemy-inaczej","status":"publish","type":"post","link":"https:\/\/gazetaregionalna.com\/?p=4445","title":{"rendered":"W niedziel\u0119 w mie\u015bcie pojedziemy inaczej"},"content":{"rendered":"\n<p>Miejski Zarz\u0105d Dr\u00f3g i Transportu w Cz\u0119stochowie informuje, \u017ce ze wzgl\u0119du na zaplanowany na niedziel\u0119, 21 lipca \u201eCz\u0119stochowa Triathlon 2019\u201d, w godzinach 9:30 \u2013 15:00 zostan\u0105 wprowadzone zmiany tras niekt\u00f3rych autobus\u00f3w komunikacji miejskiej. Czasowo wy\u0142\u0105czane b\u0119d\u0105 z ruchu odcinki ulic, kt\u00f3rymi przebiega\u0107 b\u0119dzie trasa wy\u015bcigu.<\/p>\n\n\n\n<figure class=\"wp-block-image\"><img decoding=\"async\" width=\"1024\" height=\"988\" data-src=\"https:\/\/gazetaregionalna.com\/wp-content\/uploads\/2019\/07\/tc2019tran-3543x3419-1024x988.png\" alt=\"\" class=\"wp-image-4423 lazyload\" data-srcset=\"https:\/\/gazetaregionalna.com\/wp-content\/uploads\/2019\/07\/tc2019tran-3543x3419-1024x988.png 1024w, https:\/\/gazetaregionalna.com\/wp-content\/uploads\/2019\/07\/tc2019tran-3543x3419-300x289.png 300w, https:\/\/gazetaregionalna.com\/wp-content\/uploads\/2019\/07\/tc2019tran-3543x3419-768x741.png 768w, https:\/\/gazetaregionalna.com\/wp-content\/uploads\/2019\/07\/tc2019tran-3543x3419.png 2048w\" data-sizes=\"(max-width: 1024px) 100vw, 1024px\" src=\"data:image\/svg+xml;base64,PHN2ZyB3aWR0aD0iMSIgaGVpZ2h0PSIxIiB4bWxucz0iaHR0cDovL3d3dy53My5vcmcvMjAwMC9zdmciPjwvc3ZnPg==\" style=\"--smush-placeholder-width: 1024px; --smush-placeholder-aspect-ratio: 1024\/988;\" \/><\/figure>\n\n\n\n<p>Zarz\u0105d Triathlon Training Center, organizator zawod\u00f3w&nbsp; \u201eCz\u0119stochowa\nTriathlon\u201d, zapowiada, \u017ce na czas przejazdu kolarzy z ruchu wy\u0142\u0105czone b\u0119d\u0105\nczasowo ulice: Kordeckiego, 7 Kamienic, ks. Popie\u0142uszki, pasa\u017c Alei NMP (w tym\nplac Biega\u0144skiego), Faradaya, Legion\u00f3w, Mirowska oraz drogi w kierunku&nbsp; miejscowo\u015bci: Srocko, Ma\u0142usy i ul.\nCz\u0119stochowska w Mstowie.<\/p>\n\n\n\n<p>Autobusy MPK b\u0119d\u0105 w 5 miejscach przecina\u0142y tras\u0119 Triathlonu, a\nruchem b\u0119dzie kierowa\u0107 policja. Mniejsze lub wi\u0119ksze utrudnienia wyst\u0105pi\u0105 na\nniemal wszystkich liniach miejskich w Cz\u0119stochowie. Op\u00f3\u017anie\u0144 nale\u017cy spodziewa\u0107\nsi\u0119 nawet na tych liniach, kt\u00f3rych trasy nie ulegn\u0105 zmianie. Nale\u017cy te\u017c zwr\u00f3ci\u0107\nuwag\u0119, \u017ce w czasie zawod\u00f3w, dzielnice Mir\u00f3w i Zawodzie zostan\u0105 niemal\nca\u0142kowicie pozbawione komunikacji miejskiej, poniewa\u017c uk\u0142ad sieci drogowej\nwyklucza mo\u017cliwo\u015b\u0107 wprowadzenia objazd\u00f3w.<\/p>\n\n\n\n<p>OBJAZDY:<\/p>\n\n\n\n<ul class=\"wp-block-list\"><li><strong>Linia nr&nbsp;<\/strong><strong>10<\/strong><\/li><\/ul>\n\n\n\n<p>Kierunek\nB\u0142eszno:&nbsp;bez zmian<\/p>\n\n\n\n<p>Kierunek\nParkitka-szpital:&nbsp;od Galerii Jurajskiej prosto Nadrzeczn\u0105, przez Spadek do\nGaribaldiego i dalej bez zmian<\/p>\n\n\n\n<ul class=\"wp-block-list\"><li><strong>Linia nr&nbsp;<\/strong><strong>11<\/strong><\/li><\/ul>\n\n\n\n<p>Kierunek\nMa\u0142a:&nbsp;Od Cmentarza \u015bw. Rocha do ul. \u015bw. Barbary bez zmian,\nnast\u0119pnie \u015bw. Augustyna, Pu\u0142askiego, Sobieskiego, \u015al\u0105sk\u0105, Alej\u0105 Naj\u015bwi\u0119tszej\nMaryi Panny, Ogrodow\u0105 i Krakowsk\u0105 do przystanku MA\u0141A<\/p>\n\n\n\n<p>Kierunek\nCmentarz \u015bw. Rocha:&nbsp;z ul. Krakowskiej przez Kana\u0142 Kohna, Nadrzeczn\u0105, Spadek,\nGaribaldiego i Wilsona do Alei Naj\u015bwi\u0119tszej Maryi Panny, dalsza cz\u0119\u015b\u0107 bez\nzmiany, przy czym kursy b\u0119d\u0105 wykonywane przez ul. \u015bw. Kazimierza zamiast 7\nKamienic<\/p>\n\n\n\n<ul class=\"wp-block-list\"><li><strong>Linia nr&nbsp;<\/strong><strong>12<\/strong><\/li><\/ul>\n\n\n\n<p>Kierunek\nStary Rak\u00f3w:&nbsp;od Rynku Wielu\u0144skiego przez Alej\u0119 Jana Paw\u0142a II, Armii\nKrajowej, Ko\u015bciuszki do Alei Naj\u015bwi\u0119tszej Maryi Panny i dalej bez zmian<\/p>\n\n\n\n<p>Kierunek\nGnaszyn Dworzec PKP:&nbsp;od Galerii Jurajskiej prosto Nadrzeczn\u0105, przez Spadek do\nGaribaldiego, Wilsona, Alei Naj\u015bwi\u0119tszej Maryi Panny, Ko\u015bciuszki i Armii\nKrajowej, nast\u0119pnie Alej\u0105 Jana Paw\u0142a II w kierunku Rynku Wielu\u0144skiego i dalej\nbez zmian<\/p>\n\n\n\n<ul class=\"wp-block-list\"><li><strong>Linia nr&nbsp;<\/strong><strong>13<\/strong><\/li><\/ul>\n\n\n\n<p>Kierunek\nWalcownia\/Kucelin:&nbsp;od I Alei Naj\u015bwi\u0119tszej Maryi Panny przez Ogrodow\u0105,\nKrakowsk\u0105, Wojska Polskiego, Legion\u00f3w i Olszty\u0144sk\u0105 do Stadionu Miejskiego i\ndalej przez D\u0105bie bez zmian<\/p>\n\n\n\n<p>Kierunek\nKiedrzyn:&nbsp;od Stadionu Miejskiego prosto Olszty\u0144sk\u0105 do Legion\u00f3w,\nnast\u0119pnie Wojska Polskiego, Jana Paw\u0142a II i od Kili\u0144skiego bez zmian<\/p>\n\n\n\n<ul class=\"wp-block-list\"><li><strong>Linia nr&nbsp;<\/strong><strong>14<\/strong><\/li><\/ul>\n\n\n\n<p>Kierunek\nKorkowa\/Brzeziny:&nbsp;bez zmian<\/p>\n\n\n\n<p>Kierunek\nRz\u0105sawa:&nbsp;od Alei Wolno\u015bci prosto Ko\u015bciuszki, Armii Krajowej do Alei\nJana Paw\u0142a II i od Ronda Trzech Krzy\u017cy bez zmian<\/p>\n\n\n\n<ul class=\"wp-block-list\"><li><strong>Linia nr&nbsp;<\/strong><strong>16<\/strong><\/li><\/ul>\n\n\n\n<p>Kierunek\nDworzec G\u0142\u00f3wny PKP:&nbsp;z Szajnowicza-Iwanowa przez Alej\u0119 Jana Paw\u0142a II,\nD\u0105browskiego, Nowowiejskiego i od Sobieskiego bez zmian<\/p>\n\n\n\n<p>Kierunek\nKukuczki:&nbsp;od Sobieskiego przez \u015al\u0105sk\u0105, Kili\u0144skiego i Alej\u0119 Jana Paw\u0142a\nII, od Komendy Miejskiej Policji bez zmian<\/p>\n\n\n\n<ul class=\"wp-block-list\"><li><strong>Linia nr&nbsp;<\/strong><strong>17<\/strong><\/li><\/ul>\n\n\n\n<p>Kierunek\nLiszka Dolna:&nbsp;bez zmian<\/p>\n\n\n\n<p>Kierunek\nWyczerpy-osiedle:&nbsp;od Alei Wolno\u015bci prosto Ko\u015bciuszki, Armii Krajowej do Alei\nJana Paw\u0142a II i od Ronda Trzech Krzy\u017cy bez zmian<\/p>\n\n\n\n<ul class=\"wp-block-list\"><li><strong>Linia nr&nbsp;<\/strong><strong>18<\/strong><\/li><\/ul>\n\n\n\n<p><strong>Przez\ncz\u0119\u015b\u0107 dnia kursowanie linii zostanie ca\u0142kowicie zawieszone<\/strong><\/p>\n\n\n\n<p>Ostatni\nkurs z Dworca G\u0142\u00f3wnego PKP:&nbsp;o godz. 8:39, nast\u0119pny o 15:09<\/p>\n\n\n\n<p>Ostatni\nkurs z Hektarowej:&nbsp;o godz. 9:05, nast\u0119pny o 16:05<\/p>\n\n\n\n<p>Ostatni\nkurs z Batalion\u00f3w Ch\u0142opskich:&nbsp;o godz. 9:31, nast\u0119pny o\n16:31<\/p>\n\n\n\n<ul class=\"wp-block-list\"><li><strong>Linia nr&nbsp;<\/strong><strong>20<\/strong><\/li><\/ul>\n\n\n\n<p>Kierunek\nKorkowa:&nbsp;od Ronda Trzech Krzy\u017cy przez Jana Paw\u0142a II, Armii Krajowej,\nKo\u015bciuszki, Alej\u0119 Naj\u015bwi\u0119tszej Maryi Panny i Ogrodow\u0105, dalej bez zmian<\/p>\n\n\n\n<p>Kierunek\nWyczerpy-osiedle:&nbsp;od Galerii Jurajskiej prosto Nadrzeczn\u0105 do Ronda Trzech\nKrzy\u017cy i dalej bez zmian<\/p>\n\n\n\n<ul class=\"wp-block-list\"><li><strong>Linia nr&nbsp;<\/strong><strong>21<\/strong><\/li><\/ul>\n\n\n\n<p>Kierunek\nOlszty\u0144ska:&nbsp;od Alei Wolno\u015bci przez Ko\u015bciuszki, Armii Krajowej, Jana\nPaw\u0142a II, Wojska Polskiego, Legion\u00f3w i Olszty\u0144sk\u0105 do Stadionu Miejskiego, dalej\nbez zmian<\/p>\n\n\n\n<p>Kierunek\nKSSE Skorki:&nbsp;od Stadionu Miejskiego prosto Olszty\u0144sk\u0105 do Legion\u00f3w,\nnast\u0119pnie Wojska Polskiego, Jana Paw\u0142a II, Armii Krajowej, Ko\u015bciuszki i od Alei\nWolno\u015bci bez zmian<\/p>\n\n\n\n<ul class=\"wp-block-list\"><li><strong>Linia nr&nbsp;<\/strong><strong>23<\/strong><\/li><\/ul>\n\n\n\n<p>Kierunek\nRejtana:&nbsp;bez zmian<\/p>\n\n\n\n<p>Kierunek\nKSSE Skorki:&nbsp;od Galerii Jurajskiej prosto Nadrzeczn\u0105, przez Spadek do\nGaribaldiego i dalej bez zmian<\/p>\n\n\n\n<ul class=\"wp-block-list\"><li><strong>Linia nr&nbsp;<\/strong><strong>24<\/strong><\/li><\/ul>\n\n\n\n<p>Kierunek\nJesienna:&nbsp;Alej\u0105 Armii Krajowej prosto do Ko\u015bciuszki i Alei\nNaj\u015bwi\u0119tszej Maryi Panny, nast\u0119pnie Ogrodow\u0105 i dalej bez zmian<\/p>\n\n\n\n<p>Kierunek\nKukuczki:&nbsp;od Galerii Jurajskiej prosto Nadrzeczn\u0105 do Ronda Trzech\nKrzy\u017cy i dalej bez zmian<\/p>\n\n\n\n<ul class=\"wp-block-list\"><li><strong>Linia nr&nbsp;<\/strong><strong>26<\/strong><\/li><\/ul>\n\n\n\n<p>Kierunek\nGaleria Jurajska:&nbsp;od Grab\u00f3wki do ulicy Katedralnej bez zmian, nast\u0119pnie\nKrakowsk\u0105 do przystanku \u201eGaleria Jurajska\u201d<\/p>\n\n\n\n<p>Kierunek\nGrab\u00f3wka:&nbsp;od Galerii Jurajskiej ulic\u0105 Krakowsk\u0105, Kana\u0142 Kohna,\nNadrzeczn\u0105, Spadek, Garibaldiego i dalej bez zmian do Grab\u00f3wki<\/p>\n\n\n\n<ul class=\"wp-block-list\"><li><strong>Linia nr&nbsp;<\/strong><strong>27<\/strong><\/li><\/ul>\n\n\n\n<p><strong>Przez\ncz\u0119\u015b\u0107 dnia kursowanie linii zostanie ca\u0142kowicie zawieszone<\/strong><\/p>\n\n\n\n<p>Ostatni\nkurs z przystanku S\u0142owackiego:&nbsp;o godz. 8:05, kolejny o\n15:20<\/p>\n\n\n\n<p>Ostatni\nkurs z KSSE Kusi\u0119cka:&nbsp;o godz. 8:40, nast\u0119pny o 16:10<\/p>\n\n\n\n<ul class=\"wp-block-list\"><li><strong>Linia nr&nbsp;<\/strong><strong>28<\/strong><\/li><\/ul>\n\n\n\n<p>Kierunek\nWalcownia\/Kucelin:&nbsp;od Ronda Trzech Krzy\u017cy prosto Alej\u0105 Jana Paw\u0142a II, Wojska\nPolskiego, Legion\u00f3w i Olszty\u0144sk\u0105 do Stadionu Miejskiego i dalej przez D\u0105bie bez\nzmian<\/p>\n\n\n\n<p>Kierunek\nParkitka-szpital:&nbsp;od Stadionu Miejskiego prosto Olszty\u0144sk\u0105 do Legion\u00f3w,\nnast\u0119pnie Wojska Polskiego, Jana Paw\u0142a II i od Ronda Trzech Krzy\u017cy bez zmian<\/p>\n\n\n\n<ul class=\"wp-block-list\"><li><strong>Linia nr&nbsp;<\/strong><strong>30<\/strong><\/li><\/ul>\n\n\n\n<p>Kierunek\nII Aleja Naj\u015bwi\u0119tszej Maryi Panny:&nbsp;bez zmian<\/p>\n\n\n\n<p>Kierunek\nBatalion\u00f3w Ch\u0142opskich\/Jaskr\u00f3w Wille:&nbsp;z I Alei Naj\u015bwi\u0119tszej Maryi\nPanny, Ogrodow\u0105, Krakowsk\u0105, \u0142\u0105cznikiem przy Galerii Jurajskiej i dalej prosto\nNadrzeczn\u0105<\/p>\n\n\n\n<ul class=\"wp-block-list\"><li><strong>Linia nr&nbsp;<\/strong><strong>31<\/strong><\/li><\/ul>\n\n\n\n<p>Kierunek\nCmentarz Komunalny:&nbsp;od strony Rakowa prosto Alej\u0105 Wojska Polskiego, nast\u0119pnie\nJana Paw\u0142a II, przez Rynek Wielu\u0144ski do Cmentarza \u015bw. Rocha i dalej bez zmian<\/p>\n\n\n\n<p>Kierunek\nKr\u0119ciwilk:&nbsp;od Cmentarza \u015bw. Rocha prosto do Rynku Wielu\u0144skiego,\nnast\u0119pnie prosto Jana Paw\u0142a II i Alej\u0105 Wojska Polskiego, od przystanku \u201eStroma\u201d\nbez zmian<\/p>\n\n\n\n<ul class=\"wp-block-list\"><li><strong>Linia nr&nbsp;<\/strong><strong>32<\/strong><\/li><\/ul>\n\n\n\n<p>Kierunek\nStary Rak\u00f3w:&nbsp;bez zmian<\/p>\n\n\n\n<p>Kierunek\nWielkoborska\/Stara Gorzelnia:&nbsp;od Galerii Jurajskiej\nprosto Nadrzeczn\u0105, przez Spadek do Garibaldiego i od Alei Naj\u015bwi\u0119tszej Maryi\nPanny bez zmian<\/p>\n\n\n\n<ul class=\"wp-block-list\"><li><strong>Linia nr&nbsp;<\/strong><strong>33<\/strong><\/li><\/ul>\n\n\n\n<p>Linia\nzostanie skr\u00f3cona w centrum do przystanku Dworzec G\u0142\u00f3wny PKP, do kt\u00f3rego\ndojedzie w obu kierunkach przez ulice: Sobieskiego<br>\ni Orzechowskiego. Dalsza cz\u0119\u015b\u0107 trasy w kierunku Stradomia i D\u017abowa bez zmian.<\/p>\n\n\n\n<ul class=\"wp-block-list\"><li><strong>Linia nr&nbsp;<\/strong><strong>34<\/strong><\/li><\/ul>\n\n\n\n<p>Kierunek\nStary Rak\u00f3w:&nbsp;od Rynku Wielu\u0144skiego przez Alej\u0119 Jana Paw\u0142a II, Armii\nKrajowej, Ko\u015bciuszki do Alei Naj\u015bwi\u0119tszej Maryi Panny i dalej bez zmian<\/p>\n\n\n\n<p>Kierunek\nGnaszyn Dospel:&nbsp;od Galerii Jurajskiej prosto Nadrzeczn\u0105, przez Spadek do\nGaribaldiego, Wilsona, Alei Naj\u015bwi\u0119tszej Maryi Panny, Ko\u015bciuszki i Armii\nKrajowej, nast\u0119pnie Alej\u0105 Jana Paw\u0142a II w kierunku Rynku Wielu\u0144skiego i dalej\nbez zmian<\/p>\n\n\n\n<ul class=\"wp-block-list\"><li><strong>Linie nr&nbsp;<\/strong><strong>35&nbsp;<\/strong><strong>i&nbsp;<\/strong><strong>36<\/strong><\/li><\/ul>\n\n\n\n<p><strong>Przez\ncz\u0119\u015b\u0107 dnia kursowanie linii zostanie ca\u0142kowicie zawieszone<\/strong><\/p>\n\n\n\n<p>Ostatni\nkurs z KSSE Kusi\u0119cka (linia 35):&nbsp;o godz. 8:12, nast\u0119pny<br>\no 15:10 (linia 36)<\/p>\n\n\n\n<p>Ostatni\nkurs ze Starego Rakowa (linia 35):&nbsp;o godz. 8:35, nast\u0119pny<br>\no 15:30 (linia 36)<\/p>\n","protected":false},"excerpt":{"rendered":"<p>Miejski Zarz\u0105d Dr\u00f3g i Transportu w Cz\u0119stochowie informuje, \u017ce ze wzgl\u0119du na zaplanowany na niedziel\u0119, 21 lipca \u201eCz\u0119stochowa Triathlon 2019\u201d, w godzinach 9:30 \u2013<\/p>\n","protected":false},"author":3,"featured_media":4428,"comment_status":"open","ping_status":"open","sticky":false,"template":"","format":"standard","meta":{"_monsterinsights_skip_tracking":false,"_monsterinsights_sitenote_active":false,"_monsterinsights_sitenote_note":"","_monsterinsights_sitenote_category":0,"_uf_show_specific_survey":0,"_uf_disable_surveys":false,"footnotes":""},"categories":[3,2],"tags":[],"class_list":["post-4445","post","type-post","status-publish","format-standard","has-post-thumbnail","hentry","category-czestochowa-informacje","category-wiadomosci"],"_links":{"self":[{"href":"https:\/\/gazetaregionalna.com\/index.php?rest_route=\/wp\/v2\/posts\/4445","targetHints":{"allow":["GET"]}}],"collection":[{"href":"https:\/\/gazetaregionalna.com\/index.php?rest_route=\/wp\/v2\/posts"}],"about":[{"href":"https:\/\/gazetaregionalna.com\/index.php?rest_route=\/wp\/v2\/types\/post"}],"author":[{"embeddable":true,"href":"https:\/\/gazetaregionalna.com\/index.php?rest_route=\/wp\/v2\/users\/3"}],"replies":[{"embeddable":true,"href":"https:\/\/gazetaregionalna.com\/index.php?rest_route=%2Fwp%2Fv2%2Fcomments&post=4445"}],"version-history":[{"count":1,"href":"https:\/\/gazetaregionalna.com\/index.php?rest_route=\/wp\/v2\/posts\/4445\/revisions"}],"predecessor-version":[{"id":4446,"href":"https:\/\/gazetaregionalna.com\/index.php?rest_route=\/wp\/v2\/posts\/4445\/revisions\/4446"}],"wp:featuredmedia":[{"embeddable":true,"href":"https:\/\/gazetaregionalna.com\/index.php?rest_route=\/wp\/v2\/media\/4428"}],"wp:attachment":[{"href":"https:\/\/gazetaregionalna.com\/index.php?rest_route=%2Fwp%2Fv2%2Fmedia&parent=4445"}],"wp:term":[{"taxonomy":"category","embeddable":true,"href":"https:\/\/gazetaregionalna.com\/index.php?rest_route=%2Fwp%2Fv2%2Fcategories&post=4445"},{"taxonomy":"post_tag","embeddable":true,"href":"https:\/\/gazetaregionalna.com\/index.php?rest_route=%2Fwp%2Fv2%2Ftags&post=4445"}],"curies":[{"name":"wp","href":"https:\/\/api.w.org\/{rel}","templated":true}]}}