{"id":44433,"date":"2021-06-11T20:32:37","date_gmt":"2021-06-11T20:32:37","guid":{"rendered":"https:\/\/gazetaregionalna.com\/?p=44433"},"modified":"2021-06-11T20:32:39","modified_gmt":"2021-06-11T20:32:39","slug":"w-lesznie-zwyciestwo-rozstrzygnelo-sie-w-ostatnim-wyscigu-i-eltrox-wlokniarz","status":"publish","type":"post","link":"https:\/\/gazetaregionalna.com\/?p=44433","title":{"rendered":"W Lesznie zwyci\u0119stwo rozstrzygn\u0119\u0142o si\u0119 w ostatnim wy\u015bcigu i Eltrox W\u0142\u00f3kniarz&#8230;"},"content":{"rendered":"\n<p>\u017bu\u017clowcy Eltrox W\u0142\u00f3kniarz mieli bardzo du\u017c\u0105 szans\u0119, aby wykorzysta\u0107 ostatni\u0105 niemoc mistrz\u00f3w Polski i wygra\u0107 w Lesznie. Pi\u0105tkowe spotkanie by\u0142o bardzo zaci\u0119te, rozstrzygn\u0119\u0142o si\u0119 dopiero w ostatnim wy\u015bcigu, ale 2 punkty i bonus pozosta\u0142y w Lesznie&#8230;<\/p>\n\n\n\n<p>\u017bu\u017clowcy Eltrox W\u0142\u00f3kniarza tym razem jechali do Leszna powalczy\u0107 o jak najlepszy wynik i zrewan\u017cowa\u0107 si\u0119 za pora\u017ck\u0119 w Cz\u0119stochowie. W obydwu dru\u017cynach przed meczem panowa\u0142y zupe\u0142nie inne nastroje. Cz\u0119stochowianie byli po czterech zwyci\u0119stwach z rz\u0119du, a leszczynianie po trzech pora\u017ckach pod rz\u0105d. R\u00f3wnie\u017c w tabeli Eltrox W\u0142\u00f3kniarz przed spotkaniem znajdowa\u0142 si\u0119 wy\u017cej ni\u017c mistrzowie Polski.<\/p>\n\n\n\n<p>Spotkanie od samego pocz\u0105tku by\u0142o zaci\u0119te i wyr\u00f3wnane. Gospodarze wygrali inauguracyjny bieg 4:2, ale po biegu junior\u00f3w by\u0142 ju\u017c remis 6:6. Po trzecim wy\u015bcigu Fogo Unia znowu odskoczy\u0142a na 2 punkty. Po 6. biegu na pierwsze prowadzenie wyszli go\u015bcie. Jonas Jeppesen i Leon Madsen pokonali 5:1 Piotra Pawlickiego i Damiana Ratajczaka. Eltox W\u0142\u00f3kniarz obj\u0105\u0142 prowadzenie 19:17. W 8. biegu cz\u0119stochowianie wygrali 4:2 i na tablicy by\u0142 wynik 26:22 dla \u201eLw\u00f3w\u201d.<\/p>\n\n\n\n<p>Wspania\u0142e \u015bciganie kibice zobaczyli w 9. gonitwie dnia. Wygra\u0142 Janusz Ko\u0142odziej, ale Madsen wyprzedzi\u0142 na dystansie Sajfutdinowa. Ostatni do mety dojecha\u0142 Jeppesen i Fogo Unia zniwelowa\u0142a straty do dw\u00f3ch punkt\u00f3w (26:28).<\/p>\n\n\n\n<p>Mocnym uderzeniem gospodarzy zako\u0144czy\u0142 si\u0119 10. wy\u015bcig. Lidsey oraz Doyle pokonali 5:1 Lindgrena i Mi\u015bkowiaka i gospodarze odzyskali prowadzenie w meczu. Dwa kolejne starty zako\u0144czy\u0142y si\u0119 remisami. Przed biegami nominowanymi by\u0142 remis, bo Lindgren ze Smekta\u0142\u0105 wygrali 4:2 i zrobi\u0142o si\u0119 39:39.<\/p>\n\n\n\n<p>Pierwszy z bieg\u00f3w nominowanych nie przyni\u00f3s\u0142 rozstrzygni\u0119cia. Zaskoczy\u0142 Sajfutdinow, kt\u00f3ry mia\u0142 na koncie 4 punkty w czterech startach, a w 14. biegu dojecha\u0142 do mety pierwszy. Cz\u0119stochowianie za swoimi plecami zostawili Lindseya i by\u0142 remis 3:3 (42:42).<\/p>\n\n\n\n<p>Wszystko mia\u0142o rozstrzygn\u0105\u0107 si\u0119 w ostatnim, 15. biegu. Gospodarze wygrali 5:1 i przerwali seri\u0119 zwyci\u0119stw Eltrox W\u0142\u00f3kniarza&#8230; Po meczu mo\u017cna by\u0142o \u017ca\u0142owa\u0107 szansy, bo zwyci\u0119stwo by\u0142o bardzo blisko&#8230;<\/p>\n\n\n\n<p><strong>Fogo Unia Leszno \u2013 Eltrox W\u0142\u00f3kniarz Cz\u0119stochowa 47:43<\/strong><\/p>\n\n\n\n<p><strong>Fogo Unia:<\/strong> Sajfutdinow 7 (1,1,1,1,3), Ko\u0142odziej 13 (3,2,3,2,3), Lidsey 9 (3,1,2,3,0), Doyle 12 (3,2,3,2,2), Pawlicki 3 (t,1,2,0), Pludra 0 (0,0,0), Ratajczak 3(2,1,0,0).<\/p>\n\n\n\n<p><strong>Eltrox W\u0142\u00f3kniarz:<\/strong> Madsen 9 (2,2,2,3,0), Jeppesen 8 (2,3,0,2,1), Smekta\u0142a 9 (0,3,3,1,2), Woryna 1 (1,0,0), Lindgren 8 (0,3,1,3,1), Mi\u015bkowiak 6 (3,2,1,0), \u015awidnicki 2 (1,0,1).<\/p>\n\n\n\n<p><strong>Bieg po biegu:<\/strong> I. Lindsey, Madsen, Sajfutdinow, Smekta\u0142a 4:2, II. Mi\u015bkowiak, Ratajczak, \u015awidnicki, Pludra 2:4\/6:6, III. Doyle, Jeppesen, Ratajczak, Lindgren 4:2\/10:8, IV. Ko\u0142odziej, Mi\u015bkowiak, Woryna, Pludra 3:3\/13:11, V. Smekta\u0142a, Doyle, Lindsey, Woryna 3:3\/16:14, VI. Jeppesen, Madsen, Pawlicki, Ratajczak 1:5\/17:19, VII. Lindgren, Ko\u0142odziej, Sajfutdinow, \u015awidnicki 3:3\/20:22; VIII. Smekta\u0142a, Pawlicki, Mi\u015bkowiak, Pludra 2:4\/22:26; IX. Ko\u0142odziej, Madsen, Sajfutdinow, Jeppesen 4:2\/26:28; X. Doyle, Lindsey, Lindgren, Mi\u015bkowiak 5:1\/31:29; XI. Madsen, Doyle, Sajfutdinow, Woryna 3:3\/34:32; XII. Lindsey, Jeppesen, \u015awidnicki, Ratajczak 3:3\/37:35, XIII. Lindgren, Ko\u0142odziej, Smekta\u0142a, Pawlicki 2:4\/39:39, XIV. Sajfutdinow, Smekta\u0142a, Lindgren, Lindsey 3:3\/42:42, XV. Ko\u0142odziej, Doyle, Jeppesen, Madsen 5:1\/47:43.<\/p>\n\n\n\n<p>Foto: Materia\u0142y prasowe klubu\/Grzegorz Misiak<\/p>\n\n\n\n<p>Foto: Reklama<\/p>\n\n\n\n<figure class=\"wp-block-image size-large\"><img decoding=\"async\" width=\"1024\" height=\"683\" data-src=\"https:\/\/gazetaregionalna.com\/wp-content\/uploads\/2021\/04\/ckm-leszno-22-1024x683.jpeg\" alt=\"\" class=\"wp-image-38103 lazyload\" data-srcset=\"https:\/\/gazetaregionalna.com\/wp-content\/uploads\/2021\/04\/ckm-leszno-22-1024x683.jpeg 1024w, https:\/\/gazetaregionalna.com\/wp-content\/uploads\/2021\/04\/ckm-leszno-22-300x200.jpeg 300w, https:\/\/gazetaregionalna.com\/wp-content\/uploads\/2021\/04\/ckm-leszno-22-768x512.jpeg 768w, https:\/\/gazetaregionalna.com\/wp-content\/uploads\/2021\/04\/ckm-leszno-22-1536x1024.jpeg 1536w, https:\/\/gazetaregionalna.com\/wp-content\/uploads\/2021\/04\/ckm-leszno-22-2048x1365.jpeg 2048w, https:\/\/gazetaregionalna.com\/wp-content\/uploads\/2021\/04\/ckm-leszno-22-696x464.jpeg 696w, https:\/\/gazetaregionalna.com\/wp-content\/uploads\/2021\/04\/ckm-leszno-22-1068x712.jpeg 1068w, https:\/\/gazetaregionalna.com\/wp-content\/uploads\/2021\/04\/ckm-leszno-22-1920x1280.jpeg 1920w, https:\/\/gazetaregionalna.com\/wp-content\/uploads\/2021\/04\/ckm-leszno-22-630x420.jpeg 630w, https:\/\/gazetaregionalna.com\/wp-content\/uploads\/2021\/04\/ckm-leszno-22-scaled.jpeg 1200w\" data-sizes=\"(max-width: 1024px) 100vw, 1024px\" src=\"data:image\/svg+xml;base64,PHN2ZyB3aWR0aD0iMSIgaGVpZ2h0PSIxIiB4bWxucz0iaHR0cDovL3d3dy53My5vcmcvMjAwMC9zdmciPjwvc3ZnPg==\" style=\"--smush-placeholder-width: 1024px; --smush-placeholder-aspect-ratio: 1024\/683;\" \/><\/figure>\n\n\n\n<figure class=\"wp-block-image size-large\"><img decoding=\"async\" width=\"1024\" height=\"731\" data-src=\"https:\/\/gazetaregionalna.com\/wp-content\/uploads\/2021\/04\/ckm-leszno-44-1024x731.jpeg\" alt=\"\" class=\"wp-image-38112 lazyload\" data-srcset=\"https:\/\/gazetaregionalna.com\/wp-content\/uploads\/2021\/04\/ckm-leszno-44-1024x731.jpeg 1024w, https:\/\/gazetaregionalna.com\/wp-content\/uploads\/2021\/04\/ckm-leszno-44-300x214.jpeg 300w, https:\/\/gazetaregionalna.com\/wp-content\/uploads\/2021\/04\/ckm-leszno-44-768x549.jpeg 768w, https:\/\/gazetaregionalna.com\/wp-content\/uploads\/2021\/04\/ckm-leszno-44-1536x1097.jpeg 1536w, https:\/\/gazetaregionalna.com\/wp-content\/uploads\/2021\/04\/ckm-leszno-44-2048x1463.jpeg 2048w, https:\/\/gazetaregionalna.com\/wp-content\/uploads\/2021\/04\/ckm-leszno-44-696x497.jpeg 696w, https:\/\/gazetaregionalna.com\/wp-content\/uploads\/2021\/04\/ckm-leszno-44-1068x763.jpeg 1068w, https:\/\/gazetaregionalna.com\/wp-content\/uploads\/2021\/04\/ckm-leszno-44-1920x1371.jpeg 1920w, https:\/\/gazetaregionalna.com\/wp-content\/uploads\/2021\/04\/ckm-leszno-44-588x420.jpeg 588w, https:\/\/gazetaregionalna.com\/wp-content\/uploads\/2021\/04\/ckm-leszno-44-100x70.jpeg 100w, https:\/\/gazetaregionalna.com\/wp-content\/uploads\/2021\/04\/ckm-leszno-44-scaled.jpeg 1200w\" data-sizes=\"(max-width: 1024px) 100vw, 1024px\" src=\"data:image\/svg+xml;base64,PHN2ZyB3aWR0aD0iMSIgaGVpZ2h0PSIxIiB4bWxucz0iaHR0cDovL3d3dy53My5vcmcvMjAwMC9zdmciPjwvc3ZnPg==\" style=\"--smush-placeholder-width: 1024px; --smush-placeholder-aspect-ratio: 1024\/731;\" \/><\/figure>\n\n\n\n<figure class=\"wp-block-image size-large\"><img decoding=\"async\" width=\"1024\" height=\"710\" data-src=\"https:\/\/gazetaregionalna.com\/wp-content\/uploads\/2021\/04\/ckm-leszno-53-1024x710.jpeg\" alt=\"\" class=\"wp-image-38116 lazyload\" data-srcset=\"https:\/\/gazetaregionalna.com\/wp-content\/uploads\/2021\/04\/ckm-leszno-53-1024x710.jpeg 1024w, https:\/\/gazetaregionalna.com\/wp-content\/uploads\/2021\/04\/ckm-leszno-53-300x208.jpeg 300w, https:\/\/gazetaregionalna.com\/wp-content\/uploads\/2021\/04\/ckm-leszno-53-768x533.jpeg 768w, https:\/\/gazetaregionalna.com\/wp-content\/uploads\/2021\/04\/ckm-leszno-53-1536x1065.jpeg 1536w, https:\/\/gazetaregionalna.com\/wp-content\/uploads\/2021\/04\/ckm-leszno-53-2048x1421.jpeg 2048w, https:\/\/gazetaregionalna.com\/wp-content\/uploads\/2021\/04\/ckm-leszno-53-218x150.jpeg 218w, https:\/\/gazetaregionalna.com\/wp-content\/uploads\/2021\/04\/ckm-leszno-53-696x483.jpeg 696w, https:\/\/gazetaregionalna.com\/wp-content\/uploads\/2021\/04\/ckm-leszno-53-1068x741.jpeg 1068w, https:\/\/gazetaregionalna.com\/wp-content\/uploads\/2021\/04\/ckm-leszno-53-1920x1332.jpeg 1920w, https:\/\/gazetaregionalna.com\/wp-content\/uploads\/2021\/04\/ckm-leszno-53-605x420.jpeg 605w, https:\/\/gazetaregionalna.com\/wp-content\/uploads\/2021\/04\/ckm-leszno-53-100x70.jpeg 100w, https:\/\/gazetaregionalna.com\/wp-content\/uploads\/2021\/04\/ckm-leszno-53-scaled.jpeg 1200w\" data-sizes=\"(max-width: 1024px) 100vw, 1024px\" src=\"data:image\/svg+xml;base64,PHN2ZyB3aWR0aD0iMSIgaGVpZ2h0PSIxIiB4bWxucz0iaHR0cDovL3d3dy53My5vcmcvMjAwMC9zdmciPjwvc3ZnPg==\" style=\"--smush-placeholder-width: 1024px; --smush-placeholder-aspect-ratio: 1024\/710;\" \/><\/figure>\n\n\n\n<figure class=\"wp-block-image size-large\"><img decoding=\"async\" width=\"1024\" height=\"740\" data-src=\"https:\/\/gazetaregionalna.com\/wp-content\/uploads\/2021\/04\/ckm-leszno-63-1024x740.jpeg\" alt=\"\" class=\"wp-image-38120 lazyload\" data-srcset=\"https:\/\/gazetaregionalna.com\/wp-content\/uploads\/2021\/04\/ckm-leszno-63-1024x740.jpeg 1024w, https:\/\/gazetaregionalna.com\/wp-content\/uploads\/2021\/04\/ckm-leszno-63-300x217.jpeg 300w, https:\/\/gazetaregionalna.com\/wp-content\/uploads\/2021\/04\/ckm-leszno-63-768x555.jpeg 768w, https:\/\/gazetaregionalna.com\/wp-content\/uploads\/2021\/04\/ckm-leszno-63-1536x1109.jpeg 1536w, https:\/\/gazetaregionalna.com\/wp-content\/uploads\/2021\/04\/ckm-leszno-63-2048x1479.jpeg 2048w, https:\/\/gazetaregionalna.com\/wp-content\/uploads\/2021\/04\/ckm-leszno-63-696x503.jpeg 696w, https:\/\/gazetaregionalna.com\/wp-content\/uploads\/2021\/04\/ckm-leszno-63-1068x771.jpeg 1068w, https:\/\/gazetaregionalna.com\/wp-content\/uploads\/2021\/04\/ckm-leszno-63-1920x1387.jpeg 1920w, https:\/\/gazetaregionalna.com\/wp-content\/uploads\/2021\/04\/ckm-leszno-63-582x420.jpeg 582w, https:\/\/gazetaregionalna.com\/wp-content\/uploads\/2021\/04\/ckm-leszno-63-324x235.jpeg 324w, https:\/\/gazetaregionalna.com\/wp-content\/uploads\/2021\/04\/ckm-leszno-63-scaled.jpeg 1200w\" data-sizes=\"(max-width: 1024px) 100vw, 1024px\" src=\"data:image\/svg+xml;base64,PHN2ZyB3aWR0aD0iMSIgaGVpZ2h0PSIxIiB4bWxucz0iaHR0cDovL3d3dy53My5vcmcvMjAwMC9zdmciPjwvc3ZnPg==\" style=\"--smush-placeholder-width: 1024px; --smush-placeholder-aspect-ratio: 1024\/740;\" \/><\/figure>\n\n\n\n<figure class=\"wp-block-image size-large\"><img decoding=\"async\" width=\"1024\" height=\"683\" data-src=\"https:\/\/gazetaregionalna.com\/wp-content\/uploads\/2021\/04\/ckm-leszno-62-1024x683.jpeg\" alt=\"\" class=\"wp-image-38119 lazyload\" data-srcset=\"https:\/\/gazetaregionalna.com\/wp-content\/uploads\/2021\/04\/ckm-leszno-62-1024x683.jpeg 1024w, https:\/\/gazetaregionalna.com\/wp-content\/uploads\/2021\/04\/ckm-leszno-62-300x200.jpeg 300w, https:\/\/gazetaregionalna.com\/wp-content\/uploads\/2021\/04\/ckm-leszno-62-768x512.jpeg 768w, https:\/\/gazetaregionalna.com\/wp-content\/uploads\/2021\/04\/ckm-leszno-62-1536x1024.jpeg 1536w, https:\/\/gazetaregionalna.com\/wp-content\/uploads\/2021\/04\/ckm-leszno-62-2048x1365.jpeg 2048w, https:\/\/gazetaregionalna.com\/wp-content\/uploads\/2021\/04\/ckm-leszno-62-696x464.jpeg 696w, https:\/\/gazetaregionalna.com\/wp-content\/uploads\/2021\/04\/ckm-leszno-62-1068x712.jpeg 1068w, https:\/\/gazetaregionalna.com\/wp-content\/uploads\/2021\/04\/ckm-leszno-62-1920x1280.jpeg 1920w, https:\/\/gazetaregionalna.com\/wp-content\/uploads\/2021\/04\/ckm-leszno-62-630x420.jpeg 630w, https:\/\/gazetaregionalna.com\/wp-content\/uploads\/2021\/04\/ckm-leszno-62-scaled.jpeg 1200w\" data-sizes=\"(max-width: 1024px) 100vw, 1024px\" src=\"data:image\/svg+xml;base64,PHN2ZyB3aWR0aD0iMSIgaGVpZ2h0PSIxIiB4bWxucz0iaHR0cDovL3d3dy53My5vcmcvMjAwMC9zdmciPjwvc3ZnPg==\" style=\"--smush-placeholder-width: 1024px; --smush-placeholder-aspect-ratio: 1024\/683;\" \/><\/figure>\n\n\n\n<figure class=\"wp-block-image size-large\"><img decoding=\"async\" width=\"1024\" height=\"693\" data-src=\"https:\/\/gazetaregionalna.com\/wp-content\/uploads\/2021\/04\/ckm-leszno-19-1024x693.jpeg\" alt=\"\" class=\"wp-image-38102 lazyload\" data-srcset=\"https:\/\/gazetaregionalna.com\/wp-content\/uploads\/2021\/04\/ckm-leszno-19-1024x693.jpeg 1024w, https:\/\/gazetaregionalna.com\/wp-content\/uploads\/2021\/04\/ckm-leszno-19-300x203.jpeg 300w, https:\/\/gazetaregionalna.com\/wp-content\/uploads\/2021\/04\/ckm-leszno-19-768x519.jpeg 768w, https:\/\/gazetaregionalna.com\/wp-content\/uploads\/2021\/04\/ckm-leszno-19-1536x1039.jpeg 1536w, https:\/\/gazetaregionalna.com\/wp-content\/uploads\/2021\/04\/ckm-leszno-19-2048x1385.jpeg 2048w, https:\/\/gazetaregionalna.com\/wp-content\/uploads\/2021\/04\/ckm-leszno-19-696x471.jpeg 696w, https:\/\/gazetaregionalna.com\/wp-content\/uploads\/2021\/04\/ckm-leszno-19-1068x722.jpeg 1068w, https:\/\/gazetaregionalna.com\/wp-content\/uploads\/2021\/04\/ckm-leszno-19-1920x1299.jpeg 1920w, https:\/\/gazetaregionalna.com\/wp-content\/uploads\/2021\/04\/ckm-leszno-19-621x420.jpeg 621w, https:\/\/gazetaregionalna.com\/wp-content\/uploads\/2021\/04\/ckm-leszno-19-scaled.jpeg 1200w\" data-sizes=\"(max-width: 1024px) 100vw, 1024px\" src=\"data:image\/svg+xml;base64,PHN2ZyB3aWR0aD0iMSIgaGVpZ2h0PSIxIiB4bWxucz0iaHR0cDovL3d3dy53My5vcmcvMjAwMC9zdmciPjwvc3ZnPg==\" style=\"--smush-placeholder-width: 1024px; --smush-placeholder-aspect-ratio: 1024\/693;\" \/><\/figure>\n\n\n\n<figure class=\"wp-block-image size-large\"><img decoding=\"async\" width=\"755\" height=\"1024\" data-src=\"https:\/\/gazetaregionalna.com\/wp-content\/uploads\/2021\/06\/ReklamaBOSZPS-755x1024.jpg\" alt=\"\" class=\"wp-image-44021 lazyload\" data-srcset=\"https:\/\/gazetaregionalna.com\/wp-content\/uploads\/2021\/06\/ReklamaBOSZPS-755x1024.jpg 755w, https:\/\/gazetaregionalna.com\/wp-content\/uploads\/2021\/06\/ReklamaBOSZPS-221x300.jpg 221w, https:\/\/gazetaregionalna.com\/wp-content\/uploads\/2021\/06\/ReklamaBOSZPS-768x1041.jpg 768w, https:\/\/gazetaregionalna.com\/wp-content\/uploads\/2021\/06\/ReklamaBOSZPS-1133x1536.jpg 1133w, https:\/\/gazetaregionalna.com\/wp-content\/uploads\/2021\/06\/ReklamaBOSZPS-696x943.jpg 696w, https:\/\/gazetaregionalna.com\/wp-content\/uploads\/2021\/06\/ReklamaBOSZPS-1068x1448.jpg 1068w, https:\/\/gazetaregionalna.com\/wp-content\/uploads\/2021\/06\/ReklamaBOSZPS-310x420.jpg 310w, https:\/\/gazetaregionalna.com\/wp-content\/uploads\/2021\/06\/ReklamaBOSZPS.jpg 1180w\" data-sizes=\"(max-width: 755px) 100vw, 755px\" src=\"data:image\/svg+xml;base64,PHN2ZyB3aWR0aD0iMSIgaGVpZ2h0PSIxIiB4bWxucz0iaHR0cDovL3d3dy53My5vcmcvMjAwMC9zdmciPjwvc3ZnPg==\" style=\"--smush-placeholder-width: 755px; --smush-placeholder-aspect-ratio: 755\/1024;\" \/><figcaption>Reklama<\/figcaption><\/figure>\n","protected":false},"excerpt":{"rendered":"<p>\u017bu\u017clowcy Eltrox W\u0142\u00f3kniarz mieli bardzo du\u017c\u0105 szans\u0119, aby wykorzysta\u0107 ostatni\u0105 niemoc mistrz\u00f3w Polski i wygra\u0107 w Lesznie. Pi\u0105tkowe spotkanie by\u0142o bardzo zaci\u0119te, rozstrzygn\u0119\u0142o si\u0119<\/p>\n","protected":false},"author":15,"featured_media":38104,"comment_status":"open","ping_status":"open","sticky":false,"template":"","format":"standard","meta":{"_monsterinsights_skip_tracking":false,"_monsterinsights_sitenote_active":false,"_monsterinsights_sitenote_note":"","_monsterinsights_sitenote_category":0,"_uf_show_specific_survey":0,"_uf_disable_surveys":false,"footnotes":""},"categories":[94,5,7],"tags":[],"class_list":["post-44433","post","type-post","status-publish","format-standard","has-post-thumbnail","hentry","category-polecane","category-sport","category-zuzel"],"_links":{"self":[{"href":"https:\/\/gazetaregionalna.com\/index.php?rest_route=\/wp\/v2\/posts\/44433","targetHints":{"allow":["GET"]}}],"collection":[{"href":"https:\/\/gazetaregionalna.com\/index.php?rest_route=\/wp\/v2\/posts"}],"about":[{"href":"https:\/\/gazetaregionalna.com\/index.php?rest_route=\/wp\/v2\/types\/post"}],"author":[{"embeddable":true,"href":"https:\/\/gazetaregionalna.com\/index.php?rest_route=\/wp\/v2\/users\/15"}],"replies":[{"embeddable":true,"href":"https:\/\/gazetaregionalna.com\/index.php?rest_route=%2Fwp%2Fv2%2Fcomments&post=44433"}],"version-history":[{"count":1,"href":"https:\/\/gazetaregionalna.com\/index.php?rest_route=\/wp\/v2\/posts\/44433\/revisions"}],"predecessor-version":[{"id":44434,"href":"https:\/\/gazetaregionalna.com\/index.php?rest_route=\/wp\/v2\/posts\/44433\/revisions\/44434"}],"wp:featuredmedia":[{"embeddable":true,"href":"https:\/\/gazetaregionalna.com\/index.php?rest_route=\/wp\/v2\/media\/38104"}],"wp:attachment":[{"href":"https:\/\/gazetaregionalna.com\/index.php?rest_route=%2Fwp%2Fv2%2Fmedia&parent=44433"}],"wp:term":[{"taxonomy":"category","embeddable":true,"href":"https:\/\/gazetaregionalna.com\/index.php?rest_route=%2Fwp%2Fv2%2Fcategories&post=44433"},{"taxonomy":"post_tag","embeddable":true,"href":"https:\/\/gazetaregionalna.com\/index.php?rest_route=%2Fwp%2Fv2%2Ftags&post=44433"}],"curies":[{"name":"wp","href":"https:\/\/api.w.org\/{rel}","templated":true}]}}