{"id":44431,"date":"2021-06-11T20:11:42","date_gmt":"2021-06-11T20:11:42","guid":{"rendered":"https:\/\/gazetaregionalna.com\/?p=44431"},"modified":"2021-06-11T20:11:44","modified_gmt":"2021-06-11T20:11:44","slug":"mikolaj-bieganski-z-czestochowskiej-skry-przeszedl-do-wisly-krakow-i-zagra-w-pko-bp-ekstraklasie","status":"publish","type":"post","link":"https:\/\/gazetaregionalna.com\/?p=44431","title":{"rendered":"Miko\u0142aj Biega\u0144ski z cz\u0119stochowskiej Skry przeszed\u0142 do Wis\u0142y Krak\u00f3w i zagra w PKO BP Ekstraklasie"},"content":{"rendered":"\n<p>Kolejny \u201ewielki\u201d transfer w cz\u0119stochowskim \u015brodowisku pi\u0142karskim. 19-letni bramkarz 2-ligowej Skry Cz\u0119stochowa Miko\u0142aj Biega\u0144ski podpisa\u0142 kontrakt z Wis\u0142\u0105 Krak\u00f3w!<\/p>\n\n\n\n<p>Biega\u0144ski to niezwykle utalentowany bramkarz. B\u0119d\u0105c m\u0142odzie\u017cowcem Skry przebywa\u0142 na testach w Anglii w Manchesterze United, a jego osob\u0105 by\u0142 te\u017c zainteresowany Aston Villa.<\/p>\n\n\n\n<p>Biega\u0144ski to wychowanek UKS Rak\u00f3w Cz\u0119stochowa, sk\u0105d trafi\u0142 do Skry.<\/p>\n\n\n\n<p>W sobot\u0119 Skra rozegra ostatni mecz rundy zasadniczej w 2 lidze i zmierzy si\u0119 w Krakowie z Garbarni\u0105. Je\u015bli cz\u0119stochowianie nie awansuj\u0105 do strefy bara\u017cowej walcz\u0105cej o awans do 1 ligi to dla Miko\u0142aja Biega\u0144skiego b\u0119dzie to ostatni wyst\u0119p w barwach Skry&#8230;<\/p>\n\n\n\n<p>Foto: Gazeta Regionalna\/MK<\/p>\n","protected":false},"excerpt":{"rendered":"<p>Kolejny \u201ewielki\u201d transfer w cz\u0119stochowskim \u015brodowisku pi\u0142karskim. 19-letni bramkarz 2-ligowej Skry Cz\u0119stochowa Miko\u0142aj Biega\u0144ski podpisa\u0142 kontrakt z Wis\u0142\u0105 Krak\u00f3w! Biega\u0144ski to niezwykle utalentowany bramkarz.<\/p>\n","protected":false},"author":15,"featured_media":19667,"comment_status":"open","ping_status":"open","sticky":false,"template":"","format":"standard","meta":{"_monsterinsights_skip_tracking":false,"_monsterinsights_sitenote_active":false,"_monsterinsights_sitenote_note":"","_monsterinsights_sitenote_category":0,"_uf_show_specific_survey":0,"_uf_disable_surveys":false,"footnotes":""},"categories":[5,6],"tags":[],"class_list":["post-44431","post","type-post","status-publish","format-standard","has-post-thumbnail","hentry","category-sport","category-pilka-nozna"],"_links":{"self":[{"href":"https:\/\/gazetaregionalna.com\/index.php?rest_route=\/wp\/v2\/posts\/44431","targetHints":{"allow":["GET"]}}],"collection":[{"href":"https:\/\/gazetaregionalna.com\/index.php?rest_route=\/wp\/v2\/posts"}],"about":[{"href":"https:\/\/gazetaregionalna.com\/index.php?rest_route=\/wp\/v2\/types\/post"}],"author":[{"embeddable":true,"href":"https:\/\/gazetaregionalna.com\/index.php?rest_route=\/wp\/v2\/users\/15"}],"replies":[{"embeddable":true,"href":"https:\/\/gazetaregionalna.com\/index.php?rest_route=%2Fwp%2Fv2%2Fcomments&post=44431"}],"version-history":[{"count":1,"href":"https:\/\/gazetaregionalna.com\/index.php?rest_route=\/wp\/v2\/posts\/44431\/revisions"}],"predecessor-version":[{"id":44432,"href":"https:\/\/gazetaregionalna.com\/index.php?rest_route=\/wp\/v2\/posts\/44431\/revisions\/44432"}],"wp:featuredmedia":[{"embeddable":true,"href":"https:\/\/gazetaregionalna.com\/index.php?rest_route=\/wp\/v2\/media\/19667"}],"wp:attachment":[{"href":"https:\/\/gazetaregionalna.com\/index.php?rest_route=%2Fwp%2Fv2%2Fmedia&parent=44431"}],"wp:term":[{"taxonomy":"category","embeddable":true,"href":"https:\/\/gazetaregionalna.com\/index.php?rest_route=%2Fwp%2Fv2%2Fcategories&post=44431"},{"taxonomy":"post_tag","embeddable":true,"href":"https:\/\/gazetaregionalna.com\/index.php?rest_route=%2Fwp%2Fv2%2Ftags&post=44431"}],"curies":[{"name":"wp","href":"https:\/\/api.w.org\/{rel}","templated":true}]}}