{"id":44414,"date":"2021-06-11T14:37:22","date_gmt":"2021-06-11T14:37:22","guid":{"rendered":"https:\/\/gazetaregionalna.com\/?p=44414"},"modified":"2021-06-11T14:37:23","modified_gmt":"2021-06-11T14:37:23","slug":"skra-zagra-w-sobote-w-krakowie-mecz-o-utrzymanie-sie-w-strefie-barazowej","status":"publish","type":"post","link":"https:\/\/gazetaregionalna.com\/?p=44414","title":{"rendered":"Skra zagra w sobot\u0119 w Krakowie mecz o utrzymanie si\u0119 w strefie bara\u017cowej"},"content":{"rendered":"\n<p>Je\u015bli pi\u0142karze Skry Cz\u0119stochowa wygraj\u0105 w sobot\u0119 w Krakowie z Garbarni\u0105 to bez wzgl\u0119du na inne wyniki zagraj\u0105 w grupie bara\u017cowej o awans do 1 ligi.<\/p>\n\n\n\n<p>W sobot\u0119 zaplanowana jest ostatnia kolejka spotka\u0144 w 2 lidze. Skra Cz\u0119stochowa zajmuje obecnie 6. miejsce, ostatnie, kt\u00f3re daje prawo gry w bara\u017cach o awans do 1 ligi. Tu\u017c za Skra jest Garbarnia, kt\u00f3ra te\u017c ma 51 punkt\u00f3w. Jedno jest pewne. Zwyci\u0119zca sobotniego meczu w Krakowie na pewno nie zako\u0144czy sezonu na rundzie zasadniczej tylko b\u0119dzie gra\u0142 w bara\u017cach. Apetyty maj\u0105 krakowianie, bo w 2021 roku obchodz\u0105 100-lecie klubu.<\/p>\n\n\n\n<p>Je\u015bli w Krakowie padnie remis to szans\u0119 na 6. miejsce ma Stal Rzesz\u00f3w. Warunek jest jednak jeden. Przy remisie w Krakowie Stal musi pokona\u0107 walcz\u0105cego o utrzymanie Lecha II Pozna\u0144.<\/p>\n\n\n\n<p>Ostatnia kolejka b\u0119dzie interesuj\u0105ca dla Skry i jej kibic\u00f3w.<\/p>\n\n\n\n<p>Spotkanie Garbarni i Skry ma by\u0107 pokazane na \u017cywo w og\u00f3lnopolskiej telewizji na kanale TVP Sport.<\/p>\n\n\n\n<p>Foto: Gazeta Regionalna\/MK<\/p>\n\n\n\n<p>Foto: Reklama<\/p>\n\n\n\n<figure class=\"wp-block-image size-large\"><img decoding=\"async\" width=\"1024\" height=\"683\" data-src=\"https:\/\/gazetaregionalna.com\/wp-content\/uploads\/2020\/08\/Skra-6-1024x683.jpg\" alt=\"\" class=\"wp-image-19668 lazyload\" data-srcset=\"https:\/\/gazetaregionalna.com\/wp-content\/uploads\/2020\/08\/Skra-6-1024x683.jpg 1024w, https:\/\/gazetaregionalna.com\/wp-content\/uploads\/2020\/08\/Skra-6-300x200.jpg 300w, https:\/\/gazetaregionalna.com\/wp-content\/uploads\/2020\/08\/Skra-6-768x512.jpg 768w, https:\/\/gazetaregionalna.com\/wp-content\/uploads\/2020\/08\/Skra-6-1536x1024.jpg 1536w, https:\/\/gazetaregionalna.com\/wp-content\/uploads\/2020\/08\/Skra-6-696x464.jpg 696w, https:\/\/gazetaregionalna.com\/wp-content\/uploads\/2020\/08\/Skra-6-1068x712.jpg 1068w, https:\/\/gazetaregionalna.com\/wp-content\/uploads\/2020\/08\/Skra-6-630x420.jpg 630w, https:\/\/gazetaregionalna.com\/wp-content\/uploads\/2020\/08\/Skra-6.jpg 1200w\" data-sizes=\"(max-width: 1024px) 100vw, 1024px\" src=\"data:image\/svg+xml;base64,PHN2ZyB3aWR0aD0iMSIgaGVpZ2h0PSIxIiB4bWxucz0iaHR0cDovL3d3dy53My5vcmcvMjAwMC9zdmciPjwvc3ZnPg==\" style=\"--smush-placeholder-width: 1024px; --smush-placeholder-aspect-ratio: 1024\/683;\" \/><\/figure>\n\n\n\n<figure class=\"wp-block-image size-large\"><img decoding=\"async\" width=\"755\" height=\"1024\" data-src=\"https:\/\/gazetaregionalna.com\/wp-content\/uploads\/2021\/06\/ReklamaBOSZPS-755x1024.jpg\" alt=\"\" class=\"wp-image-44021 lazyload\" data-srcset=\"https:\/\/gazetaregionalna.com\/wp-content\/uploads\/2021\/06\/ReklamaBOSZPS-755x1024.jpg 755w, https:\/\/gazetaregionalna.com\/wp-content\/uploads\/2021\/06\/ReklamaBOSZPS-221x300.jpg 221w, https:\/\/gazetaregionalna.com\/wp-content\/uploads\/2021\/06\/ReklamaBOSZPS-768x1041.jpg 768w, https:\/\/gazetaregionalna.com\/wp-content\/uploads\/2021\/06\/ReklamaBOSZPS-1133x1536.jpg 1133w, https:\/\/gazetaregionalna.com\/wp-content\/uploads\/2021\/06\/ReklamaBOSZPS-696x943.jpg 696w, https:\/\/gazetaregionalna.com\/wp-content\/uploads\/2021\/06\/ReklamaBOSZPS-1068x1448.jpg 1068w, https:\/\/gazetaregionalna.com\/wp-content\/uploads\/2021\/06\/ReklamaBOSZPS-310x420.jpg 310w, https:\/\/gazetaregionalna.com\/wp-content\/uploads\/2021\/06\/ReklamaBOSZPS.jpg 1180w\" data-sizes=\"(max-width: 755px) 100vw, 755px\" src=\"data:image\/svg+xml;base64,PHN2ZyB3aWR0aD0iMSIgaGVpZ2h0PSIxIiB4bWxucz0iaHR0cDovL3d3dy53My5vcmcvMjAwMC9zdmciPjwvc3ZnPg==\" style=\"--smush-placeholder-width: 755px; --smush-placeholder-aspect-ratio: 755\/1024;\" \/><figcaption>Reklama<\/figcaption><\/figure>\n","protected":false},"excerpt":{"rendered":"<p>Je\u015bli pi\u0142karze Skry Cz\u0119stochowa wygraj\u0105 w sobot\u0119 w Krakowie z Garbarni\u0105 to bez wzgl\u0119du na inne wyniki zagraj\u0105 w grupie bara\u017cowej o awans do<\/p>\n","protected":false},"author":15,"featured_media":19668,"comment_status":"open","ping_status":"open","sticky":false,"template":"","format":"standard","meta":{"_monsterinsights_skip_tracking":false,"_monsterinsights_sitenote_active":false,"_monsterinsights_sitenote_note":"","_monsterinsights_sitenote_category":0,"_uf_show_specific_survey":0,"_uf_disable_surveys":false,"footnotes":""},"categories":[5,6],"tags":[],"class_list":["post-44414","post","type-post","status-publish","format-standard","has-post-thumbnail","hentry","category-sport","category-pilka-nozna"],"_links":{"self":[{"href":"https:\/\/gazetaregionalna.com\/index.php?rest_route=\/wp\/v2\/posts\/44414","targetHints":{"allow":["GET"]}}],"collection":[{"href":"https:\/\/gazetaregionalna.com\/index.php?rest_route=\/wp\/v2\/posts"}],"about":[{"href":"https:\/\/gazetaregionalna.com\/index.php?rest_route=\/wp\/v2\/types\/post"}],"author":[{"embeddable":true,"href":"https:\/\/gazetaregionalna.com\/index.php?rest_route=\/wp\/v2\/users\/15"}],"replies":[{"embeddable":true,"href":"https:\/\/gazetaregionalna.com\/index.php?rest_route=%2Fwp%2Fv2%2Fcomments&post=44414"}],"version-history":[{"count":1,"href":"https:\/\/gazetaregionalna.com\/index.php?rest_route=\/wp\/v2\/posts\/44414\/revisions"}],"predecessor-version":[{"id":44415,"href":"https:\/\/gazetaregionalna.com\/index.php?rest_route=\/wp\/v2\/posts\/44414\/revisions\/44415"}],"wp:featuredmedia":[{"embeddable":true,"href":"https:\/\/gazetaregionalna.com\/index.php?rest_route=\/wp\/v2\/media\/19668"}],"wp:attachment":[{"href":"https:\/\/gazetaregionalna.com\/index.php?rest_route=%2Fwp%2Fv2%2Fmedia&parent=44414"}],"wp:term":[{"taxonomy":"category","embeddable":true,"href":"https:\/\/gazetaregionalna.com\/index.php?rest_route=%2Fwp%2Fv2%2Fcategories&post=44414"},{"taxonomy":"post_tag","embeddable":true,"href":"https:\/\/gazetaregionalna.com\/index.php?rest_route=%2Fwp%2Fv2%2Ftags&post=44414"}],"curies":[{"name":"wp","href":"https:\/\/api.w.org\/{rel}","templated":true}]}}