{"id":4441,"date":"2019-07-17T13:58:42","date_gmt":"2019-07-17T13:58:42","guid":{"rendered":"https:\/\/gazetaregionalna.com\/?p=4441"},"modified":"2019-07-17T13:58:44","modified_gmt":"2019-07-17T13:58:44","slug":"lubliniec-tragedia-na-drodze-nie-zyje-mieszkaniec-powiatu-lublinieckiego","status":"publish","type":"post","link":"https:\/\/gazetaregionalna.com\/?p=4441","title":{"rendered":"Lubliniec. Tragedia na drodze. Nie \u017cyje mieszkaniec powiatu lublinieckiego"},"content":{"rendered":"\n<p><strong>Lublinieccy kryminalni pod nadzorem prokuratora, wyja\u015bniaj\u0105 okoliczno\u015bci tragicznego w skutkach wypadku drogowego. Do zdarzenia dosz\u0142o w miniony poniedzia\u0142ek na odcinku drogi wojew\u00f3dzkiej W905, pomi\u0119dzy miejscowo\u015bciami Babienica a Boron\u00f3w. W zdarzeniu poni\u00f3s\u0142 \u015bmier\u0107 na miejscu mieszkaniec powiatu lublinieckiego.<\/strong><\/p>\n\n\n\n<p>M\u0119\u017cczyzna kieruj\u0105cy samochodem osobowym marki Opel Agila, z nieustalonej przyczyny, na prostym odcinku drogi zjecha\u0142 na przeciwleg\u0142y pas ruchu, gdzie czo\u0142owo zderzy\u0142 si\u0119 z ci\u0105gnikiem siod\u0142owym z naczep\u0105, kt\u00f3rym kierowa\u0142 mieszkaniec Cz\u0119stochowy. <\/p>\n\n\n\n<p>Badanie kieruj\u0105cego zestawem ci\u0119\u017carowym, wykaza\u0142o \u017ce w chwili zdarzenia by\u0142 on trze\u017awy. W wyniku odniesionych obra\u017ce\u0144, kieruj\u0105cy Oplem, 81 latek poni\u00f3s\u0142 \u015bmier\u0107 na miejscu. Utrudnienia na drodze trwa\u0142y przez oko\u0142o czterech godzin. Wszcz\u0119te w tej sprawie \u015bledztwo wyja\u015bni przyczyny i okoliczno\u015bci tego tragicznego w skutkach zdarzenia.<\/p>\n\n\n\n<p>(red.)<\/p>\n","protected":false},"excerpt":{"rendered":"<p>Lublinieccy kryminalni pod nadzorem prokuratora, wyja\u015bniaj\u0105 okoliczno\u015bci tragicznego w skutkach wypadku drogowego. Do zdarzenia dosz\u0142o w miniony poniedzia\u0142ek na odcinku drogi wojew\u00f3dzkiej W905, pomi\u0119dzy<\/p>\n","protected":false},"author":3,"featured_media":4442,"comment_status":"open","ping_status":"open","sticky":false,"template":"","format":"standard","meta":{"_monsterinsights_skip_tracking":false,"_monsterinsights_sitenote_active":false,"_monsterinsights_sitenote_note":"","_monsterinsights_sitenote_category":0,"_uf_show_specific_survey":0,"_uf_disable_surveys":false,"footnotes":""},"categories":[44,25,2,13],"tags":[],"class_list":["post-4441","post","type-post","status-publish","format-standard","has-post-thumbnail","hentry","category-bezpieczenstwo","category-lubliniec","category-wiadomosci","category-wydarzenia"],"_links":{"self":[{"href":"https:\/\/gazetaregionalna.com\/index.php?rest_route=\/wp\/v2\/posts\/4441","targetHints":{"allow":["GET"]}}],"collection":[{"href":"https:\/\/gazetaregionalna.com\/index.php?rest_route=\/wp\/v2\/posts"}],"about":[{"href":"https:\/\/gazetaregionalna.com\/index.php?rest_route=\/wp\/v2\/types\/post"}],"author":[{"embeddable":true,"href":"https:\/\/gazetaregionalna.com\/index.php?rest_route=\/wp\/v2\/users\/3"}],"replies":[{"embeddable":true,"href":"https:\/\/gazetaregionalna.com\/index.php?rest_route=%2Fwp%2Fv2%2Fcomments&post=4441"}],"version-history":[{"count":1,"href":"https:\/\/gazetaregionalna.com\/index.php?rest_route=\/wp\/v2\/posts\/4441\/revisions"}],"predecessor-version":[{"id":4443,"href":"https:\/\/gazetaregionalna.com\/index.php?rest_route=\/wp\/v2\/posts\/4441\/revisions\/4443"}],"wp:featuredmedia":[{"embeddable":true,"href":"https:\/\/gazetaregionalna.com\/index.php?rest_route=\/wp\/v2\/media\/4442"}],"wp:attachment":[{"href":"https:\/\/gazetaregionalna.com\/index.php?rest_route=%2Fwp%2Fv2%2Fmedia&parent=4441"}],"wp:term":[{"taxonomy":"category","embeddable":true,"href":"https:\/\/gazetaregionalna.com\/index.php?rest_route=%2Fwp%2Fv2%2Fcategories&post=4441"},{"taxonomy":"post_tag","embeddable":true,"href":"https:\/\/gazetaregionalna.com\/index.php?rest_route=%2Fwp%2Fv2%2Ftags&post=4441"}],"curies":[{"name":"wp","href":"https:\/\/api.w.org\/{rel}","templated":true}]}}