{"id":44409,"date":"2021-06-11T14:15:35","date_gmt":"2021-06-11T14:15:35","guid":{"rendered":"https:\/\/gazetaregionalna.com\/?p=44409"},"modified":"2021-06-11T14:16:32","modified_gmt":"2021-06-11T14:16:32","slug":"po-poludniu-i-wieczorem-mozliwe-burze-ostrzegaja-synoptycy","status":"publish","type":"post","link":"https:\/\/gazetaregionalna.com\/?p=44409","title":{"rendered":"P\u00f3\u017anym popo\u0142udniem i wieczorem mo\u017cliwe burze, ostrzegaj\u0105 synoptycy"},"content":{"rendered":"\n<h2 class=\"wp-block-heading\">Biuro Prognoz Meteorologicznych w&nbsp;Krakowie wyda\u0142o ostrze\u017cenia meteorologiczne dotycz\u0105ce mo\u017cliwo\u015bci wyst\u0105pienia burz na po\u0142udniu kraju. Burze spodziewane s\u0105 dzisiaj p\u00f3\u017anym popo\u0142udniem i wieczorem.<\/h2>\n\n\n\n<p>Prawdopodobie\u0144stwo wyst\u0105pienia tego zjawiska oceniono na 80 procent.<\/p>\n\n\n\n<p>W naszym regionie wy\u0142adowania atmosferyczne mog\u0105 mie\u0107 miejsce w Cz\u0119stochowie oraz w powiatach: cz\u0119stochowskim, myszkowskim, k\u0142obuckim i lublinieckim. <\/p>\n","protected":false},"excerpt":{"rendered":"<p>Biuro Prognoz Meteorologicznych w&nbsp;Krakowie wyda\u0142o ostrze\u017cenia meteorologiczne dotycz\u0105ce mo\u017cliwo\u015bci wyst\u0105pienia burz na po\u0142udniu kraju. Burze spodziewane s\u0105 dzisiaj p\u00f3\u017anym popo\u0142udniem i wieczorem. Prawdopodobie\u0144stwo wyst\u0105pienia<\/p>\n","protected":false},"author":7,"featured_media":44411,"comment_status":"open","ping_status":"open","sticky":false,"template":"","format":"standard","meta":{"_monsterinsights_skip_tracking":false,"_monsterinsights_sitenote_active":false,"_monsterinsights_sitenote_note":"","_monsterinsights_sitenote_category":0,"_uf_show_specific_survey":0,"_uf_disable_surveys":false,"footnotes":""},"categories":[94,2],"tags":[],"class_list":["post-44409","post","type-post","status-publish","format-standard","has-post-thumbnail","hentry","category-polecane","category-wiadomosci"],"_links":{"self":[{"href":"https:\/\/gazetaregionalna.com\/index.php?rest_route=\/wp\/v2\/posts\/44409","targetHints":{"allow":["GET"]}}],"collection":[{"href":"https:\/\/gazetaregionalna.com\/index.php?rest_route=\/wp\/v2\/posts"}],"about":[{"href":"https:\/\/gazetaregionalna.com\/index.php?rest_route=\/wp\/v2\/types\/post"}],"author":[{"embeddable":true,"href":"https:\/\/gazetaregionalna.com\/index.php?rest_route=\/wp\/v2\/users\/7"}],"replies":[{"embeddable":true,"href":"https:\/\/gazetaregionalna.com\/index.php?rest_route=%2Fwp%2Fv2%2Fcomments&post=44409"}],"version-history":[{"count":2,"href":"https:\/\/gazetaregionalna.com\/index.php?rest_route=\/wp\/v2\/posts\/44409\/revisions"}],"predecessor-version":[{"id":44412,"href":"https:\/\/gazetaregionalna.com\/index.php?rest_route=\/wp\/v2\/posts\/44409\/revisions\/44412"}],"wp:featuredmedia":[{"embeddable":true,"href":"https:\/\/gazetaregionalna.com\/index.php?rest_route=\/wp\/v2\/media\/44411"}],"wp:attachment":[{"href":"https:\/\/gazetaregionalna.com\/index.php?rest_route=%2Fwp%2Fv2%2Fmedia&parent=44409"}],"wp:term":[{"taxonomy":"category","embeddable":true,"href":"https:\/\/gazetaregionalna.com\/index.php?rest_route=%2Fwp%2Fv2%2Fcategories&post=44409"},{"taxonomy":"post_tag","embeddable":true,"href":"https:\/\/gazetaregionalna.com\/index.php?rest_route=%2Fwp%2Fv2%2Ftags&post=44409"}],"curies":[{"name":"wp","href":"https:\/\/api.w.org\/{rel}","templated":true}]}}