{"id":4438,"date":"2019-07-17T13:51:11","date_gmt":"2019-07-17T13:51:11","guid":{"rendered":"https:\/\/gazetaregionalna.com\/?p=4438"},"modified":"2019-07-17T13:51:12","modified_gmt":"2019-07-17T13:51:12","slug":"czestochowa-swietowali-25-lecie-speedway-fan-club","status":"publish","type":"post","link":"https:\/\/gazetaregionalna.com\/2019\/07\/17\/czestochowa-swietowali-25-lecie-speedway-fan-club\/","title":{"rendered":"Cz\u0119stochowa. \u015awi\u0119towali 25-lecie Speedway Fan Club"},"content":{"rendered":"\n<p><strong>Stowarzyszenie Speedway Fan Club Cz\u0119stochowa \u015bwi\u0119towa\u0142o 25-lecie swojego istnienia. Jubileuszowi towarzyszy\u0142 turniej \u201eBest Pairs\u201d z udzia\u0142em najlepszych par w Polsce.<\/strong><\/p>\n\n\n\n<p>Podczas niedzielnej imprezy na terenie toru speedrowerowego przy ul. Starzy\u0144skiego ods\u0142oni\u0119to monument upami\u0119tniaj\u0105cy 25-lecie SFC. Wr\u0119czono te\u017c pami\u0105tkowe medale osobom, kt\u00f3re wspiera\u0142y rozw\u00f3j speedrowera w Cz\u0119stochowie. Uczestnicy wydarzenia poznali tak\u017ce plany stowarzyszenia dotycz\u0105ce budowy drugiego toru w dzielnicy Wrzosowiak. Na wszystkich przyby\u0142ych czeka\u0142y r\u00f3wnie\u017c dodatkowe atrakcje: saturator z wod\u0105 smakow\u0105, dmucha\u0144ce dla najm\u0142odszych, koncert muzyczny w wykonaniu Kapitana Disco, a tak\u017ce mo\u017cliwo\u015b\u0107 spotkania si\u0119 z legendami cz\u0119stochowskiego W\u0142\u00f3kniarza: Wiktorem Jastrz\u0119bskim, Leszekiem Zapartem, Jerzym \u0141otockim, czy Andrzejem Szostkiem.<\/p>\n\n\n\n<p>W czasie obchod\u00f3w odby\u0142a si\u0119 II runda zawod\u00f3w Best Pairs. Turniej opiera\u0142 si\u0119 na rywalizacji par sponsorskich, a nie typowych dru\u017cyn. Rywalizacj\u0119 wygra\u0142a para Euro-Met Team, drugie miejsce zaj\u0119\u0142a dru\u017cyna&nbsp;Lwy Avia, a trzecie ekipa&nbsp;Deko.<\/p>\n\n\n\n<p>W jubileuszu uczestniczyli m.in. prezydent Cz\u0119stochowy Krzysztof Matyjaszczyk, jego zast\u0119pca Jaros\u0142aw Marsza\u0142ek, przedstawiciele Rady Miasta, klub\u00f3w sportowych, instytucji miejskich, byli i obecni sportowcy oraz mieszka\u0144cy.<\/p>\n\n\n\n<p>(red.\/fot. UM Cz\u0119stochowa)<\/p>\n","protected":false},"excerpt":{"rendered":"<p>Stowarzyszenie Speedway Fan Club Cz\u0119stochowa \u015bwi\u0119towa\u0142o 25-lecie swojego istnienia. Jubileuszowi towarzyszy\u0142 turniej \u201eBest Pairs\u201d z udzia\u0142em najlepszych par w Polsce. Podczas niedzielnej imprezy na<\/p>\n","protected":false},"author":3,"featured_media":4439,"comment_status":"open","ping_status":"open","sticky":false,"template":"","format":"standard","meta":{"_monsterinsights_skip_tracking":false,"_monsterinsights_sitenote_active":false,"_monsterinsights_sitenote_note":"","_monsterinsights_sitenote_category":0,"_uf_show_specific_survey":0,"_uf_disable_surveys":false,"footnotes":""},"categories":[3,12,5,13,7],"tags":[],"class_list":["post-4438","post","type-post","status-publish","format-standard","has-post-thumbnail","hentry","category-czestochowa-informacje","category-kultura-i-rozrywka","category-sport","category-wydarzenia","category-zuzel"],"_links":{"self":[{"href":"https:\/\/gazetaregionalna.com\/wp-json\/wp\/v2\/posts\/4438","targetHints":{"allow":["GET"]}}],"collection":[{"href":"https:\/\/gazetaregionalna.com\/wp-json\/wp\/v2\/posts"}],"about":[{"href":"https:\/\/gazetaregionalna.com\/wp-json\/wp\/v2\/types\/post"}],"author":[{"embeddable":true,"href":"https:\/\/gazetaregionalna.com\/wp-json\/wp\/v2\/users\/3"}],"replies":[{"embeddable":true,"href":"https:\/\/gazetaregionalna.com\/wp-json\/wp\/v2\/comments?post=4438"}],"version-history":[{"count":1,"href":"https:\/\/gazetaregionalna.com\/wp-json\/wp\/v2\/posts\/4438\/revisions"}],"predecessor-version":[{"id":4440,"href":"https:\/\/gazetaregionalna.com\/wp-json\/wp\/v2\/posts\/4438\/revisions\/4440"}],"wp:featuredmedia":[{"embeddable":true,"href":"https:\/\/gazetaregionalna.com\/wp-json\/wp\/v2\/media\/4439"}],"wp:attachment":[{"href":"https:\/\/gazetaregionalna.com\/wp-json\/wp\/v2\/media?parent=4438"}],"wp:term":[{"taxonomy":"category","embeddable":true,"href":"https:\/\/gazetaregionalna.com\/wp-json\/wp\/v2\/categories?post=4438"},{"taxonomy":"post_tag","embeddable":true,"href":"https:\/\/gazetaregionalna.com\/wp-json\/wp\/v2\/tags?post=4438"}],"curies":[{"name":"wp","href":"https:\/\/api.w.org\/{rel}","templated":true}]}}