{"id":4435,"date":"2019-07-17T13:44:41","date_gmt":"2019-07-17T13:44:41","guid":{"rendered":"https:\/\/gazetaregionalna.com\/?p=4435"},"modified":"2019-07-17T13:44:42","modified_gmt":"2019-07-17T13:44:42","slug":"klobuck-05-promila-we-krwi-i-05-kg-amfetaminy-w-bagazniku-dodatkowo-bron-palna-i-amunicja","status":"publish","type":"post","link":"https:\/\/gazetaregionalna.com\/?p=4435","title":{"rendered":"K\u0142obuck. 0,5 promila we krwi i 0,5 kg amfetaminy w baga\u017cniku, dodatkowo bro\u0144 palna i amunicja"},"content":{"rendered":"\n<h3 class=\"wp-block-heading\"><strong>Policjanci z k\u0142obuckiej drog\u00f3wki zatrzymali 34-letniego m\u0119\u017cczyzn\u0119, kt\u00f3ry jecha\u0142 motocyklem bez tablic rejestracyjnych. Podczas pr\u00f3by unikni\u0119cia kontroli drogowej, kierowca doprowadzi\u0142 do kolizji z policyjnym radiowozem. Okaza\u0142o si\u0119, \u017ce powodem takiego zachowania by\u0142a nietrze\u017awo\u015b\u0107 motocyklisty oraz posiadane przez niego ponad 0,5 kg amfetaminy.<\/strong><\/h3>\n\n\n\n<p>Policjanci z k\u0142obuckiej drog\u00f3wki, patroluj\u0105c rejon ulicy Szkolnej w K\u0142obucku, zauwa\u017cyli w pewnym momencie motocyklist\u0119, kt\u00f3rego jedno\u015blad nie posiada\u0142 tablicy rejestracyjnej. Gdy str\u00f3\u017ce prawa chcieli go zatrzyma\u0107, ten gwa\u0142townie przyspieszy\u0142, usi\u0142uj\u0105c unikn\u0105\u0107 kontroli drogowej. M\u0119\u017cczyzna doprowadzi\u0142 ostatecznie do kolizji z radiowozem, po czym szybko zosta\u0142 zatrzymany przez mundurowych.<\/p>\n\n\n\n<p>34-letni mieszkaniec gminy K\u0142obuck by\u0142 nietrze\u017awy. Badanie wykaza\u0142o u niego ponad 0,5 promila alkoholu. Co wi\u0119cej, podczas przeszukania przewo\u017conego baga\u017cu, policjanci znale\u017ali przy nim przedmiot przypominaj\u0105cy bro\u0144 paln\u0105 i amunicj\u0119, a tak\u017ce worek foliowy z bia\u0142ym proszkiem. Po sprawdzeniu substancji policyjnym testerem okaza\u0142o si\u0119, \u017ce proszek, to amfetamina o \u0142\u0105cznej wadze ponad 0,5 kg.<\/p>\n\n\n\n<p>Spraw\u0119 dok\u0142adnie wyja\u015bniaj\u0105 k\u0142obuccy \u015bledczy pod nadzorem prokuratora. M\u0119\u017cczyzna us\u0142ysza\u0142 policyjne zarzuty dotycz\u0105ce posiadania znacznej ilo\u015bci narkotyk\u00f3w oraz nielegalnej broni i amunicji, a tak\u017ce kierowania motocyklem w stanie nietrze\u017awo\u015bci.<\/p>\n\n\n\n<p>W tocz\u0105cym si\u0119 post\u0119powaniu powo\u0142ani zostan\u0105 biegli z zakresu toksykologi oraz balistyki, kt\u00f3rzy dok\u0142adnie okre\u015bl\u0105 sk\u0142ad chemiczny zabezpieczonej substancji, a tak\u017ce wypowiedz\u0105 si\u0119 na temat zabezpieczonej broni i amunicji. Dodatkowo analizie zostanie poddana krew pobrana od zatrzymanego 34-latka.<\/p>\n\n\n\n<p>Podejrzany musi liczy\u0107 si\u0119 z surowymi konsekwencjami swojego zachowania. Aktualnie wobec podejrzanego prokurator zastosowa\u0142 \u015brodek zapobiegawczy w postaci dozoru policyjnego oraz por\u0119czenia maj\u0105tkowego.<br><\/p>\n","protected":false},"excerpt":{"rendered":"<p>Policjanci z k\u0142obuckiej drog\u00f3wki zatrzymali 34-letniego m\u0119\u017cczyzn\u0119, kt\u00f3ry jecha\u0142 motocyklem bez tablic rejestracyjnych. Podczas pr\u00f3by unikni\u0119cia kontroli drogowej, kierowca doprowadzi\u0142 do kolizji z policyjnym<\/p>\n","protected":false},"author":3,"featured_media":4436,"comment_status":"open","ping_status":"open","sticky":false,"template":"","format":"standard","meta":{"_monsterinsights_skip_tracking":false,"_monsterinsights_sitenote_active":false,"_monsterinsights_sitenote_note":"","_monsterinsights_sitenote_category":0,"_uf_show_specific_survey":0,"_uf_disable_surveys":false,"footnotes":""},"categories":[44,27,2],"tags":[],"class_list":["post-4435","post","type-post","status-publish","format-standard","has-post-thumbnail","hentry","category-bezpieczenstwo","category-klobuck-informacje","category-wiadomosci"],"_links":{"self":[{"href":"https:\/\/gazetaregionalna.com\/index.php?rest_route=\/wp\/v2\/posts\/4435","targetHints":{"allow":["GET"]}}],"collection":[{"href":"https:\/\/gazetaregionalna.com\/index.php?rest_route=\/wp\/v2\/posts"}],"about":[{"href":"https:\/\/gazetaregionalna.com\/index.php?rest_route=\/wp\/v2\/types\/post"}],"author":[{"embeddable":true,"href":"https:\/\/gazetaregionalna.com\/index.php?rest_route=\/wp\/v2\/users\/3"}],"replies":[{"embeddable":true,"href":"https:\/\/gazetaregionalna.com\/index.php?rest_route=%2Fwp%2Fv2%2Fcomments&post=4435"}],"version-history":[{"count":1,"href":"https:\/\/gazetaregionalna.com\/index.php?rest_route=\/wp\/v2\/posts\/4435\/revisions"}],"predecessor-version":[{"id":4437,"href":"https:\/\/gazetaregionalna.com\/index.php?rest_route=\/wp\/v2\/posts\/4435\/revisions\/4437"}],"wp:featuredmedia":[{"embeddable":true,"href":"https:\/\/gazetaregionalna.com\/index.php?rest_route=\/wp\/v2\/media\/4436"}],"wp:attachment":[{"href":"https:\/\/gazetaregionalna.com\/index.php?rest_route=%2Fwp%2Fv2%2Fmedia&parent=4435"}],"wp:term":[{"taxonomy":"category","embeddable":true,"href":"https:\/\/gazetaregionalna.com\/index.php?rest_route=%2Fwp%2Fv2%2Fcategories&post=4435"},{"taxonomy":"post_tag","embeddable":true,"href":"https:\/\/gazetaregionalna.com\/index.php?rest_route=%2Fwp%2Fv2%2Ftags&post=4435"}],"curies":[{"name":"wp","href":"https:\/\/api.w.org\/{rel}","templated":true}]}}