{"id":44343,"date":"2021-06-11T05:26:17","date_gmt":"2021-06-11T05:26:17","guid":{"rendered":"https:\/\/gazetaregionalna.com\/?p=44343"},"modified":"2021-06-11T05:26:19","modified_gmt":"2021-06-11T05:26:19","slug":"gmina-zarki-zaprasza-na-rodzinny-weekend","status":"publish","type":"post","link":"https:\/\/gazetaregionalna.com\/?p=44343","title":{"rendered":"Gmina \u017barki zaprasza na rodzinny weekend"},"content":{"rendered":"\n<h2 class=\"wp-block-heading\">Gmina \u017barki zaprasza na rodzinny weekend. Dla dzieci i doros\u0142ych przygotowywane s\u0105 liczne atrakcje. B\u0119dzie weso\u0142o i ciekawie.<\/h2>\n\n\n\n<p><\/p>\n\n\n\n<p>Bogactwo opowie\u015bci, kreatywne warsztaty, pokazy, multimedia, blisko\u015b\u0107 przyrody, przeja\u017cd\u017cki\u00a0 Jurajskim Ekspresem, to tylko cz\u0119\u015b\u0107 oferty, jak\u0105 na nadchodz\u0105cy weekend szykuj\u0105 \u017barki.<\/p>\n\n\n\n<p><br>Oto szczg\u00f3\u0142y:<\/p>\n\n\n\n<p>\u2022\u00a0\u00a0 \u00a0<strong>Muzeum Dawnych Rzemios\u0142 w Starym M\u0142ynie w \u017barkach &#8211; zwiedzanie z przewodnikiem,\u00a0<\/strong>sob. &#8211; niedz. godz. 10.00 -18.00, wej\u015bcia o pe\u0142nych godzinach. Rezerwacja 690 070 772, ul. Ofiar Katynia 5, 42-310 \u017barki<br>\u2022\u00a0\u00a0 \u00a0<strong>Wehiku\u0142 Czasu na Jurajskim Szlaku &#8211; zwiedzanie z przewodnikiem ekspozycji o \u015bredniowieczu, warsztaty lepienia z gliny, makramowe ludziki, dodatkowo strzelanie z \u0142uku<\/strong>, sob.- niedz. godz 11.00- 16.00, Rezerwacja 603 770 627, ul Le\u015bna 19, 42-310 \u017barki<br>\u2022\u00a0\u00a0\u00a0<strong>\u00a0Manufaktura S\u0142odyczy Hokus Pokuss &#8211; warsztaty wytwarzania kolorowych lizak\u00f3w,<\/strong>sob. godz. 11.00, 12.00, 13.00. Rezerwacja 530 815 045, ul. Pi\u0142sudskiego 17, 42-310 \u017barki<br>\u2022\u00a0\u00a0 \u00a0<strong>Etno Pracownia- warsztaty wytwarzania zabawek z siana,<\/strong>\u00a0niedz. godz. 11.00 i 13.00, Rezerwacja 731 926 776, Warsztaty na \u015bwie\u017cym powietrzu ul. Ofiar Katynia 4 (w razie niepogody warsztaty w jednej z zabytkowych stod\u00f3\u0142).<br>\u2022\u00a0\u00a0<strong>\u00a0\u00a0Maciej\u00f3wka- kreatywne warsztaty filcowania,warsztaty tkackie, maskotki Misie Przytulisie oraz warsztaty kulinarne\u00a0<\/strong>sob. &#8211; niedz. Rezerwacja 609 989 464, Ostr\u00f3w, ul. Jurajska 70, 42-311 \u017barki Letnisko<br>\u2022\u00a0\u00a0\u00a0<strong>\u00a0Agroska\u0142ka \u2013 warsztaty edukacyjne \u015bwiece kreatywnie<\/strong>, wizyta w skansenie, zwierzy\u0144cu, przejazdy Jurajskim Ekspresem, dmucha\u0144ce, sob.- niedz. godz. 11.00-18.00. Przybyn\u00f3w, ul. Szkolna 34, 42-310 \u017barki.<\/p>\n\n\n\n<figure class=\"wp-block-image size-large\"><img decoding=\"async\" width=\"724\" height=\"1024\" data-src=\"https:\/\/gazetaregionalna.com\/wp-content\/uploads\/2021\/06\/Rodzinny-weekend-12-13.06-724x1024.jpg\" alt=\"\" class=\"wp-image-44347 lazyload\" data-srcset=\"https:\/\/gazetaregionalna.com\/wp-content\/uploads\/2021\/06\/Rodzinny-weekend-12-13.06-724x1024.jpg 724w, https:\/\/gazetaregionalna.com\/wp-content\/uploads\/2021\/06\/Rodzinny-weekend-12-13.06-212x300.jpg 212w, https:\/\/gazetaregionalna.com\/wp-content\/uploads\/2021\/06\/Rodzinny-weekend-12-13.06-768x1086.jpg 768w, https:\/\/gazetaregionalna.com\/wp-content\/uploads\/2021\/06\/Rodzinny-weekend-12-13.06-1086x1536.jpg 1086w, https:\/\/gazetaregionalna.com\/wp-content\/uploads\/2021\/06\/Rodzinny-weekend-12-13.06-1448x2048.jpg 1448w, https:\/\/gazetaregionalna.com\/wp-content\/uploads\/2021\/06\/Rodzinny-weekend-12-13.06-696x985.jpg 696w, https:\/\/gazetaregionalna.com\/wp-content\/uploads\/2021\/06\/Rodzinny-weekend-12-13.06-1068x1511.jpg 1068w, https:\/\/gazetaregionalna.com\/wp-content\/uploads\/2021\/06\/Rodzinny-weekend-12-13.06-297x420.jpg 297w, https:\/\/gazetaregionalna.com\/wp-content\/uploads\/2021\/06\/Rodzinny-weekend-12-13.06.jpg 1131w\" data-sizes=\"(max-width: 724px) 100vw, 724px\" src=\"data:image\/svg+xml;base64,PHN2ZyB3aWR0aD0iMSIgaGVpZ2h0PSIxIiB4bWxucz0iaHR0cDovL3d3dy53My5vcmcvMjAwMC9zdmciPjwvc3ZnPg==\" style=\"--smush-placeholder-width: 724px; --smush-placeholder-aspect-ratio: 724\/1024;\" \/><\/figure>\n\n\n\n<p>(zdj\u0119cie ilustracyjne: Wehiku\u0142 Czasu Facebook)<\/p>\n","protected":false},"excerpt":{"rendered":"<p>Gmina \u017barki zaprasza na rodzinny weekend. Dla dzieci i doros\u0142ych przygotowywane s\u0105 liczne atrakcje. B\u0119dzie weso\u0142o i ciekawie. Bogactwo opowie\u015bci, kreatywne warsztaty, pokazy, multimedia,<\/p>\n","protected":false},"author":7,"featured_media":44349,"comment_status":"open","ping_status":"open","sticky":false,"template":"","format":"standard","meta":{"_monsterinsights_skip_tracking":false,"_monsterinsights_sitenote_active":false,"_monsterinsights_sitenote_note":"","_monsterinsights_sitenote_category":0,"_uf_show_specific_survey":0,"_uf_disable_surveys":false,"footnotes":""},"categories":[94,26,4,2],"tags":[],"class_list":["post-44343","post","type-post","status-publish","format-standard","has-post-thumbnail","hentry","category-polecane","category-myszkow","category-region","category-wiadomosci"],"_links":{"self":[{"href":"https:\/\/gazetaregionalna.com\/index.php?rest_route=\/wp\/v2\/posts\/44343","targetHints":{"allow":["GET"]}}],"collection":[{"href":"https:\/\/gazetaregionalna.com\/index.php?rest_route=\/wp\/v2\/posts"}],"about":[{"href":"https:\/\/gazetaregionalna.com\/index.php?rest_route=\/wp\/v2\/types\/post"}],"author":[{"embeddable":true,"href":"https:\/\/gazetaregionalna.com\/index.php?rest_route=\/wp\/v2\/users\/7"}],"replies":[{"embeddable":true,"href":"https:\/\/gazetaregionalna.com\/index.php?rest_route=%2Fwp%2Fv2%2Fcomments&post=44343"}],"version-history":[{"count":5,"href":"https:\/\/gazetaregionalna.com\/index.php?rest_route=\/wp\/v2\/posts\/44343\/revisions"}],"predecessor-version":[{"id":44350,"href":"https:\/\/gazetaregionalna.com\/index.php?rest_route=\/wp\/v2\/posts\/44343\/revisions\/44350"}],"wp:featuredmedia":[{"embeddable":true,"href":"https:\/\/gazetaregionalna.com\/index.php?rest_route=\/wp\/v2\/media\/44349"}],"wp:attachment":[{"href":"https:\/\/gazetaregionalna.com\/index.php?rest_route=%2Fwp%2Fv2%2Fmedia&parent=44343"}],"wp:term":[{"taxonomy":"category","embeddable":true,"href":"https:\/\/gazetaregionalna.com\/index.php?rest_route=%2Fwp%2Fv2%2Fcategories&post=44343"},{"taxonomy":"post_tag","embeddable":true,"href":"https:\/\/gazetaregionalna.com\/index.php?rest_route=%2Fwp%2Fv2%2Ftags&post=44343"}],"curies":[{"name":"wp","href":"https:\/\/api.w.org\/{rel}","templated":true}]}}