{"id":4432,"date":"2019-07-17T13:27:15","date_gmt":"2019-07-17T13:27:15","guid":{"rendered":"https:\/\/gazetaregionalna.com\/?p=4432"},"modified":"2019-07-17T13:27:17","modified_gmt":"2019-07-17T13:27:17","slug":"lubliniec-walka-o-miejsca-w-szkolach-sytuacja-po-rekrutacji","status":"publish","type":"post","link":"https:\/\/gazetaregionalna.com\/?p=4432","title":{"rendered":"Lubliniec. Walka o miejsca w szko\u0142ach. Sytuacja po rekrutacji"},"content":{"rendered":"\n<p>W rekrutacji elektronicznej do szk\u00f3\u0142 prowadzonych przez Powiat Lubliniecki uczestniczy\u0142o 909 uczni\u00f3w z pierwszej preferencji (411 absolwent\u00f3w szk\u00f3\u0142 gimnazjalnych + 498 absolwent\u00f3w szk\u00f3\u0142 podstawowych).<\/p>\n\n\n\n<p>W Zespole Szk\u00f3\u0142 Og\u00f3lnokszta\u0142c\u0105co-Technicznych w Lubli\u0144cu o miejsce walczy\u0142o 187 absolwent\u00f3w szk\u00f3\u0142 podstawowych oraz 149 absolwent\u00f3w gimnazj\u00f3w. Niewiele mniej uczni\u00f3w wybra\u0142o Zesp\u00f3\u0142 Szk\u00f3\u0142 nr 1 w Lubli\u0144cu: 138 absolwent\u00f3w szk\u00f3\u0142 podstawowych oraz 130 absolwent\u00f3w gimnazj\u00f3w. W pozosta\u0142ych szko\u0142ach, tj. w Zespole Szk\u00f3\u0142 Zawodowych w Lubli\u0144cu o miejsce ubiega\u0142o si\u0119  141 absolwent\u00f3w szk\u00f3\u0142 podstawowych oraz 100 absolwent\u00f3w gimnazj\u00f3w, natomiast w Centrum Kszta\u0142cenia Zawodowego i Ustawicznego w Lubli\u0144cu: 32 absolwent\u00f3w szk\u00f3\u0142 podstawowych oraz 32 absolwent\u00f3w gimnazj\u00f3w. W zwi\u0105zku z tzw. podw\u00f3jnym rocznikiem ju\u017c kilka lat temu zacz\u0119li\u015bmy przygotowania do tej sytuacji przygotowuj\u0105c tak\u0105 liczb\u0119 miejsc, kt\u00f3ra pozwoli ka\u017cdemu absolwentowi szko\u0142y podstawowej i gimnazjum na podj\u0119cie nauki w szko\u0142ach prowadzonych przez Powiat Lubliniecki. Cieszymy si\u0119, \u017ce kszta\u0142ceniem w naszych szko\u0142ach s\u0105 zainteresowani nie tylko uczniowie z terenu naszego powiatu \u2013 m\u00f3wi\u0142 Tadeusz Konina , wicestarosta lubliniecki.<\/p>\n\n\n\n<p>Po przeprowadzeniu wszystkich tur symulacji przydzia\u0142u uczni\u00f3w do poszczeg\u00f3lnych oddzia\u0142\u00f3w w rekrutacji elektronicznej w Zespole Szk\u00f3\u0142 Zawodowych postanowiono o uruchomieniu dodatkowych oddzia\u0142\u00f3w w szkole bran\u017cowej I stopnia (dla absolwent\u00f3w szk\u00f3\u0142 podstawowych) oraz zwi\u0119kszeniu liczebno\u015bci oddzia\u0142\u00f3w w technikum oraz szkole bran\u017cowej I stopnia dla absolwent\u00f3w gimnazj\u00f3w.<\/p>\n\n\n\n<p>W Zespole Szk\u00f3\u0142 Og\u00f3lnokszta\u0142c\u0105co-Technicznych &#8211; bior\u0105c pod uwag\u0119 ogromne zainteresowanie oraz bardzo du\u017c\u0105 liczb\u0119 kandydat\u00f3w z pierwszej preferencji niekt\u00f3rymi kierunkami technicznymi (technik informatyk oraz logistyk) \u2013 postanowiono o zwi\u0119kszeniu liczby miejsc w tych oddzia\u0142ach.<br>\nW wyniku przeprowadzonej rekrutacji elektronicznej planowane do uruchomienia s\u0105:<\/p>\n\n\n\n<p>W Zespole Szk\u00f3\u0142 nr 1 w Lubli\u0144cu \u2013 cztery klasy pierwsze liceum og\u00f3lnokszta\u0142c\u0105cego i dwie klasy pierwsze technikum \u2013 dla absolwent\u00f3w szk\u00f3\u0142 podstawowych oraz cztery klasy pierwsze liceum og\u00f3lnokszta\u0142c\u0105cego i jedna klasa pierwsza technikum \u2013 dla absolwent\u00f3w gimnazj\u00f3w;<\/p>\n\n\n\n<p>W Zespole Szk\u00f3\u0142 Og\u00f3lnokszta\u0142c\u0105co-Technicznych w Lubli\u0144cu \u2013 jedna klasa pierwsza liceum og\u00f3lnokszta\u0142c\u0105cego i trzy klasy pierwsze technikum \u2013 dla absolwent\u00f3w szk\u00f3\u0142 podstawowych oraz analogicznie dla absolwent\u00f3w gimnazj\u00f3w;<\/p>\n\n\n\n<p>W Zespole Szk\u00f3\u0142 Zawodowych w Lubli\u0144cu \u2013 jedna klasa pierwsza technikum oraz pi\u0119\u0107 klas pierwszych szko\u0142y bran\u017cowej I stopnia \u2013 dla absolwent\u00f3w szk\u00f3\u0142 podstawowych oraz jedna klasa pierwsza technikum i trzy klasy pierwsze szko\u0142y bran\u017cowej I stopnia \u2013 dla absolwent\u00f3w gimnazj\u00f3w;<\/p>\n\n\n\n<p>W Centrum Kszta\u0142cenia Zawodowego i Ustawicznego w Lubli\u0144cu \u2013 po jednej klasie pierwszej liceum og\u00f3lnokszta\u0142c\u0105cego dla absolwent\u00f3w szk\u00f3\u0142 podstawowych oraz gimnazjalnych.       <\/p>\n\n\n\n<p>Liczba os\u00f3b nieprzydzielonych do szk\u00f3\u0142 w rekrutacji elektronicznej wynosi 23 \u2013 dla absolwent\u00f3w szk\u00f3\u0142 podstawowych, natomiast liczba wolnych miejsc: 30. Liczba os\u00f3b nieprzydzielonych do szk\u00f3\u0142 w rekrutacji elektronicznej dla absolwent\u00f3w gimnazj\u00f3w wynosi 14, natomiast liczba miejsc wolnych: 18<\/p>\n\n\n\n<p>Ostateczna liczba os\u00f3b przyj\u0119tych i liczb\u0119 wolnych miejsc b\u0119dzie znana dopiero po zako\u0144czeniu etapu \u201epotwierdzania woli podj\u0119cia nauki\u201d (do 24 lipca), kiedy to uczniowie zakwalifikowani do przydzia\u0142u musz\u0105 uda\u0107 si\u0119 do szk\u00f3\u0142 i potwierdzi\u0107 ch\u0119\u0107 podj\u0119cia nauki. Publikacja list przyj\u0119tych uczni\u00f3w nast\u0105pi 25 lipca. Nast\u0119pnie rozpocznie si\u0119 rekrutacja uzupe\u0142niaj\u0105ca.                                                            (red.)<\/p>\n","protected":false},"excerpt":{"rendered":"<p>W rekrutacji elektronicznej do szk\u00f3\u0142 prowadzonych przez Powiat Lubliniecki uczestniczy\u0142o 909 uczni\u00f3w z pierwszej preferencji (411 absolwent\u00f3w szk\u00f3\u0142 gimnazjalnych + 498 absolwent\u00f3w szk\u00f3\u0142 podstawowych).<\/p>\n","protected":false},"author":3,"featured_media":4433,"comment_status":"open","ping_status":"open","sticky":false,"template":"","format":"standard","meta":{"_monsterinsights_skip_tracking":false,"_monsterinsights_sitenote_active":false,"_monsterinsights_sitenote_note":"","_monsterinsights_sitenote_category":0,"_uf_show_specific_survey":0,"_uf_disable_surveys":false,"footnotes":""},"categories":[41,25,2],"tags":[],"class_list":["post-4432","post","type-post","status-publish","format-standard","has-post-thumbnail","hentry","category-edukacja","category-lubliniec","category-wiadomosci"],"_links":{"self":[{"href":"https:\/\/gazetaregionalna.com\/index.php?rest_route=\/wp\/v2\/posts\/4432","targetHints":{"allow":["GET"]}}],"collection":[{"href":"https:\/\/gazetaregionalna.com\/index.php?rest_route=\/wp\/v2\/posts"}],"about":[{"href":"https:\/\/gazetaregionalna.com\/index.php?rest_route=\/wp\/v2\/types\/post"}],"author":[{"embeddable":true,"href":"https:\/\/gazetaregionalna.com\/index.php?rest_route=\/wp\/v2\/users\/3"}],"replies":[{"embeddable":true,"href":"https:\/\/gazetaregionalna.com\/index.php?rest_route=%2Fwp%2Fv2%2Fcomments&post=4432"}],"version-history":[{"count":1,"href":"https:\/\/gazetaregionalna.com\/index.php?rest_route=\/wp\/v2\/posts\/4432\/revisions"}],"predecessor-version":[{"id":4434,"href":"https:\/\/gazetaregionalna.com\/index.php?rest_route=\/wp\/v2\/posts\/4432\/revisions\/4434"}],"wp:featuredmedia":[{"embeddable":true,"href":"https:\/\/gazetaregionalna.com\/index.php?rest_route=\/wp\/v2\/media\/4433"}],"wp:attachment":[{"href":"https:\/\/gazetaregionalna.com\/index.php?rest_route=%2Fwp%2Fv2%2Fmedia&parent=4432"}],"wp:term":[{"taxonomy":"category","embeddable":true,"href":"https:\/\/gazetaregionalna.com\/index.php?rest_route=%2Fwp%2Fv2%2Fcategories&post=4432"},{"taxonomy":"post_tag","embeddable":true,"href":"https:\/\/gazetaregionalna.com\/index.php?rest_route=%2Fwp%2Fv2%2Ftags&post=4432"}],"curies":[{"name":"wp","href":"https:\/\/api.w.org\/{rel}","templated":true}]}}