{"id":44287,"date":"2021-06-10T20:00:15","date_gmt":"2021-06-10T20:00:15","guid":{"rendered":"https:\/\/gazetaregionalna.com\/?p=44287"},"modified":"2021-06-10T20:00:17","modified_gmt":"2021-06-10T20:00:17","slug":"jakub-miskowiak-awansowal-do-finalu-imp","status":"publish","type":"post","link":"https:\/\/gazetaregionalna.com\/?p=44287","title":{"rendered":"Jakub Mi\u015bkowiak awansowa\u0142 do fina\u0142u IMP"},"content":{"rendered":"\n<p>Eltrox W\u0142\u00f3kniarz Cz\u0119stochowa b\u0119dzie mia\u0142 dw\u00f3ch reprezentant\u00f3w w finale Indywidualnych Mistrzostw Polski. Jakub Mi\u015bkowiak b\u0119dzie walczy\u0142 o medale IMP, a Kacper Woryna na chwil\u0119 obecn\u0105 b\u0119dzie rezerwowym.<\/p>\n\n\n\n<p>W p\u00f3\u0142fina\u0142ach w Gnie\u017anie i Kro\u015bnie startowa\u0142o czterech reprezentant\u00f3w Eltrox W\u0142\u00f3kniarza: Bartosz Smekta\u0142a, Jakub Mi\u015bkowiak, Kacper Woryna i Bartosz Kowalski. Mi\u015bkowiak i Smekta\u0142a \u015bcigali si\u0119 w Gnie\u017anie. Po rundzie zasadniczej Mi\u015bkowiak mia\u0142 na koncie 8 punkt\u00f3w, a Smekta\u0142a 6 i zaj\u0105\u0142 12. pozycj\u0119. Mi\u015bkowiak jecha\u0142 w biegu bara\u017cowym o 5 miejsce. Wygra\u0142 go z Marcinem Nowakiem, Przemys\u0142awem Pawlickim i Norbertem Ko\u015bciuchem i zosta\u0142 sklasyfikowany na 5. pozycji.<\/p>\n\n\n\n<p>Kacper Woryna i Bart\u0142omiej Kowalski startowali w Kro\u015bnie. Woryna zdoby\u0142 8 punkt\u00f3w i o 7. miejsce daj\u0105ce w finale pozycj\u0119 rezerwowego musia\u0142 \u015bciga\u0107 si\u0119 z Krzysztofem Buczkowksim i Rafa\u0142em Karczmarzem. Woryna wygra\u0142 bieg bara\u017cowy i na chwil\u0119 obecn\u0105 b\u0119dzie rezerwowym w finale IMP.<\/p>\n\n\n\n<p>Zawody w Kro\u015bnie by\u0142y nieudane dla Kowalskiego, kt\u00f3ry mia\u0142 problemy sprz\u0119towe, nie zdoby\u0142 punktu i zako\u0144czy\u0142 zawody na ostatnim, 17. miejscu.<\/p>\n\n\n\n<p>Foto: Gazeta Regionalna\/AK<\/p>\n\n\n\n<p>Foto: Reklama<\/p>\n\n\n\n<figure class=\"wp-block-image size-large\"><img decoding=\"async\" width=\"1024\" height=\"768\" data-src=\"https:\/\/gazetaregionalna.com\/wp-content\/uploads\/2021\/05\/CKM-GKM-3-1024x768.jpg\" alt=\"\" class=\"wp-image-43080 lazyload\" data-srcset=\"https:\/\/gazetaregionalna.com\/wp-content\/uploads\/2021\/05\/CKM-GKM-3-1024x768.jpg 1024w, https:\/\/gazetaregionalna.com\/wp-content\/uploads\/2021\/05\/CKM-GKM-3-300x225.jpg 300w, https:\/\/gazetaregionalna.com\/wp-content\/uploads\/2021\/05\/CKM-GKM-3-768x576.jpg 768w, https:\/\/gazetaregionalna.com\/wp-content\/uploads\/2021\/05\/CKM-GKM-3-1536x1152.jpg 1536w, https:\/\/gazetaregionalna.com\/wp-content\/uploads\/2021\/05\/CKM-GKM-3-2048x1536.jpg 2048w, https:\/\/gazetaregionalna.com\/wp-content\/uploads\/2021\/05\/CKM-GKM-3-696x522.jpg 696w, https:\/\/gazetaregionalna.com\/wp-content\/uploads\/2021\/05\/CKM-GKM-3-1068x801.jpg 1068w, https:\/\/gazetaregionalna.com\/wp-content\/uploads\/2021\/05\/CKM-GKM-3-1920x1440.jpg 1920w, https:\/\/gazetaregionalna.com\/wp-content\/uploads\/2021\/05\/CKM-GKM-3-560x420.jpg 560w, https:\/\/gazetaregionalna.com\/wp-content\/uploads\/2021\/05\/CKM-GKM-3-80x60.jpg 80w, https:\/\/gazetaregionalna.com\/wp-content\/uploads\/2021\/05\/CKM-GKM-3-265x198.jpg 265w, https:\/\/gazetaregionalna.com\/wp-content\/uploads\/2021\/05\/CKM-GKM-3-scaled.jpg 1200w\" data-sizes=\"(max-width: 1024px) 100vw, 1024px\" src=\"data:image\/svg+xml;base64,PHN2ZyB3aWR0aD0iMSIgaGVpZ2h0PSIxIiB4bWxucz0iaHR0cDovL3d3dy53My5vcmcvMjAwMC9zdmciPjwvc3ZnPg==\" style=\"--smush-placeholder-width: 1024px; --smush-placeholder-aspect-ratio: 1024\/768;\" \/><\/figure>\n\n\n\n<figure class=\"wp-block-image size-large\"><img decoding=\"async\" width=\"1024\" height=\"713\" data-src=\"https:\/\/gazetaregionalna.com\/wp-content\/uploads\/2021\/05\/CKM-GKM-000-1024x713.jpg\" alt=\"\" class=\"wp-image-43074 lazyload\" data-srcset=\"https:\/\/gazetaregionalna.com\/wp-content\/uploads\/2021\/05\/CKM-GKM-000-1024x713.jpg 1024w, https:\/\/gazetaregionalna.com\/wp-content\/uploads\/2021\/05\/CKM-GKM-000-300x209.jpg 300w, https:\/\/gazetaregionalna.com\/wp-content\/uploads\/2021\/05\/CKM-GKM-000-768x534.jpg 768w, https:\/\/gazetaregionalna.com\/wp-content\/uploads\/2021\/05\/CKM-GKM-000-1536x1069.jpg 1536w, https:\/\/gazetaregionalna.com\/wp-content\/uploads\/2021\/05\/CKM-GKM-000-2048x1425.jpg 2048w, https:\/\/gazetaregionalna.com\/wp-content\/uploads\/2021\/05\/CKM-GKM-000-696x484.jpg 696w, https:\/\/gazetaregionalna.com\/wp-content\/uploads\/2021\/05\/CKM-GKM-000-1068x743.jpg 1068w, https:\/\/gazetaregionalna.com\/wp-content\/uploads\/2021\/05\/CKM-GKM-000-1920x1336.jpg 1920w, https:\/\/gazetaregionalna.com\/wp-content\/uploads\/2021\/05\/CKM-GKM-000-604x420.jpg 604w, https:\/\/gazetaregionalna.com\/wp-content\/uploads\/2021\/05\/CKM-GKM-000-100x70.jpg 100w, https:\/\/gazetaregionalna.com\/wp-content\/uploads\/2021\/05\/CKM-GKM-000-scaled.jpg 1200w\" data-sizes=\"(max-width: 1024px) 100vw, 1024px\" src=\"data:image\/svg+xml;base64,PHN2ZyB3aWR0aD0iMSIgaGVpZ2h0PSIxIiB4bWxucz0iaHR0cDovL3d3dy53My5vcmcvMjAwMC9zdmciPjwvc3ZnPg==\" style=\"--smush-placeholder-width: 1024px; --smush-placeholder-aspect-ratio: 1024\/713;\" \/><\/figure>\n\n\n\n<figure class=\"wp-block-image size-large\"><img decoding=\"async\" width=\"1024\" height=\"547\" data-src=\"https:\/\/gazetaregionalna.com\/wp-content\/uploads\/2021\/05\/CKM-GKM-7-1024x547.jpg\" alt=\"\" class=\"wp-image-43084 lazyload\" data-srcset=\"https:\/\/gazetaregionalna.com\/wp-content\/uploads\/2021\/05\/CKM-GKM-7-1024x547.jpg 1024w, https:\/\/gazetaregionalna.com\/wp-content\/uploads\/2021\/05\/CKM-GKM-7-300x160.jpg 300w, https:\/\/gazetaregionalna.com\/wp-content\/uploads\/2021\/05\/CKM-GKM-7-768x410.jpg 768w, https:\/\/gazetaregionalna.com\/wp-content\/uploads\/2021\/05\/CKM-GKM-7-1536x820.jpg 1536w, https:\/\/gazetaregionalna.com\/wp-content\/uploads\/2021\/05\/CKM-GKM-7-2048x1094.jpg 2048w, https:\/\/gazetaregionalna.com\/wp-content\/uploads\/2021\/05\/CKM-GKM-7-696x372.jpg 696w, https:\/\/gazetaregionalna.com\/wp-content\/uploads\/2021\/05\/CKM-GKM-7-1068x570.jpg 1068w, https:\/\/gazetaregionalna.com\/wp-content\/uploads\/2021\/05\/CKM-GKM-7-1920x1025.jpg 1920w, https:\/\/gazetaregionalna.com\/wp-content\/uploads\/2021\/05\/CKM-GKM-7-787x420.jpg 787w, https:\/\/gazetaregionalna.com\/wp-content\/uploads\/2021\/05\/CKM-GKM-7-scaled.jpg 1200w\" data-sizes=\"(max-width: 1024px) 100vw, 1024px\" src=\"data:image\/svg+xml;base64,PHN2ZyB3aWR0aD0iMSIgaGVpZ2h0PSIxIiB4bWxucz0iaHR0cDovL3d3dy53My5vcmcvMjAwMC9zdmciPjwvc3ZnPg==\" style=\"--smush-placeholder-width: 1024px; --smush-placeholder-aspect-ratio: 1024\/547;\" \/><\/figure>\n\n\n\n<figure class=\"wp-block-image size-large\"><img decoding=\"async\" width=\"1024\" height=\"753\" data-src=\"https:\/\/gazetaregionalna.com\/wp-content\/uploads\/2021\/05\/CKM-GKM-22-1024x753.jpg\" alt=\"\" class=\"wp-image-43093 lazyload\" data-srcset=\"https:\/\/gazetaregionalna.com\/wp-content\/uploads\/2021\/05\/CKM-GKM-22-1024x753.jpg 1024w, https:\/\/gazetaregionalna.com\/wp-content\/uploads\/2021\/05\/CKM-GKM-22-300x221.jpg 300w, https:\/\/gazetaregionalna.com\/wp-content\/uploads\/2021\/05\/CKM-GKM-22-768x565.jpg 768w, https:\/\/gazetaregionalna.com\/wp-content\/uploads\/2021\/05\/CKM-GKM-22-1536x1130.jpg 1536w, https:\/\/gazetaregionalna.com\/wp-content\/uploads\/2021\/05\/CKM-GKM-22-2048x1507.jpg 2048w, https:\/\/gazetaregionalna.com\/wp-content\/uploads\/2021\/05\/CKM-GKM-22-696x512.jpg 696w, https:\/\/gazetaregionalna.com\/wp-content\/uploads\/2021\/05\/CKM-GKM-22-1068x786.jpg 1068w, https:\/\/gazetaregionalna.com\/wp-content\/uploads\/2021\/05\/CKM-GKM-22-1920x1413.jpg 1920w, https:\/\/gazetaregionalna.com\/wp-content\/uploads\/2021\/05\/CKM-GKM-22-571x420.jpg 571w, https:\/\/gazetaregionalna.com\/wp-content\/uploads\/2021\/05\/CKM-GKM-22-80x60.jpg 80w, https:\/\/gazetaregionalna.com\/wp-content\/uploads\/2021\/05\/CKM-GKM-22-scaled.jpg 1200w\" data-sizes=\"(max-width: 1024px) 100vw, 1024px\" src=\"data:image\/svg+xml;base64,PHN2ZyB3aWR0aD0iMSIgaGVpZ2h0PSIxIiB4bWxucz0iaHR0cDovL3d3dy53My5vcmcvMjAwMC9zdmciPjwvc3ZnPg==\" style=\"--smush-placeholder-width: 1024px; --smush-placeholder-aspect-ratio: 1024\/753;\" \/><\/figure>\n\n\n\n<figure class=\"wp-block-image size-large\"><img decoding=\"async\" width=\"755\" height=\"1024\" data-src=\"https:\/\/gazetaregionalna.com\/wp-content\/uploads\/2021\/06\/ReklamaBOSZPS-755x1024.jpg\" alt=\"\" class=\"wp-image-44021 lazyload\" data-srcset=\"https:\/\/gazetaregionalna.com\/wp-content\/uploads\/2021\/06\/ReklamaBOSZPS-755x1024.jpg 755w, https:\/\/gazetaregionalna.com\/wp-content\/uploads\/2021\/06\/ReklamaBOSZPS-221x300.jpg 221w, https:\/\/gazetaregionalna.com\/wp-content\/uploads\/2021\/06\/ReklamaBOSZPS-768x1041.jpg 768w, https:\/\/gazetaregionalna.com\/wp-content\/uploads\/2021\/06\/ReklamaBOSZPS-1133x1536.jpg 1133w, https:\/\/gazetaregionalna.com\/wp-content\/uploads\/2021\/06\/ReklamaBOSZPS-696x943.jpg 696w, https:\/\/gazetaregionalna.com\/wp-content\/uploads\/2021\/06\/ReklamaBOSZPS-1068x1448.jpg 1068w, https:\/\/gazetaregionalna.com\/wp-content\/uploads\/2021\/06\/ReklamaBOSZPS-310x420.jpg 310w, https:\/\/gazetaregionalna.com\/wp-content\/uploads\/2021\/06\/ReklamaBOSZPS.jpg 1180w\" data-sizes=\"(max-width: 755px) 100vw, 755px\" src=\"data:image\/svg+xml;base64,PHN2ZyB3aWR0aD0iMSIgaGVpZ2h0PSIxIiB4bWxucz0iaHR0cDovL3d3dy53My5vcmcvMjAwMC9zdmciPjwvc3ZnPg==\" style=\"--smush-placeholder-width: 755px; --smush-placeholder-aspect-ratio: 755\/1024;\" \/><figcaption>Reklama<\/figcaption><\/figure>\n","protected":false},"excerpt":{"rendered":"<p>Eltrox W\u0142\u00f3kniarz Cz\u0119stochowa b\u0119dzie mia\u0142 dw\u00f3ch reprezentant\u00f3w w finale Indywidualnych Mistrzostw Polski. Jakub Mi\u015bkowiak b\u0119dzie walczy\u0142 o medale IMP, a Kacper Woryna na chwil\u0119<\/p>\n","protected":false},"author":15,"featured_media":43078,"comment_status":"open","ping_status":"open","sticky":false,"template":"","format":"standard","meta":{"_monsterinsights_skip_tracking":false,"_monsterinsights_sitenote_active":false,"_monsterinsights_sitenote_note":"","_monsterinsights_sitenote_category":0,"_uf_show_specific_survey":0,"_uf_disable_surveys":false,"footnotes":""},"categories":[5,7],"tags":[],"class_list":["post-44287","post","type-post","status-publish","format-standard","has-post-thumbnail","hentry","category-sport","category-zuzel"],"_links":{"self":[{"href":"https:\/\/gazetaregionalna.com\/index.php?rest_route=\/wp\/v2\/posts\/44287","targetHints":{"allow":["GET"]}}],"collection":[{"href":"https:\/\/gazetaregionalna.com\/index.php?rest_route=\/wp\/v2\/posts"}],"about":[{"href":"https:\/\/gazetaregionalna.com\/index.php?rest_route=\/wp\/v2\/types\/post"}],"author":[{"embeddable":true,"href":"https:\/\/gazetaregionalna.com\/index.php?rest_route=\/wp\/v2\/users\/15"}],"replies":[{"embeddable":true,"href":"https:\/\/gazetaregionalna.com\/index.php?rest_route=%2Fwp%2Fv2%2Fcomments&post=44287"}],"version-history":[{"count":1,"href":"https:\/\/gazetaregionalna.com\/index.php?rest_route=\/wp\/v2\/posts\/44287\/revisions"}],"predecessor-version":[{"id":44288,"href":"https:\/\/gazetaregionalna.com\/index.php?rest_route=\/wp\/v2\/posts\/44287\/revisions\/44288"}],"wp:featuredmedia":[{"embeddable":true,"href":"https:\/\/gazetaregionalna.com\/index.php?rest_route=\/wp\/v2\/media\/43078"}],"wp:attachment":[{"href":"https:\/\/gazetaregionalna.com\/index.php?rest_route=%2Fwp%2Fv2%2Fmedia&parent=44287"}],"wp:term":[{"taxonomy":"category","embeddable":true,"href":"https:\/\/gazetaregionalna.com\/index.php?rest_route=%2Fwp%2Fv2%2Fcategories&post=44287"},{"taxonomy":"post_tag","embeddable":true,"href":"https:\/\/gazetaregionalna.com\/index.php?rest_route=%2Fwp%2Fv2%2Ftags&post=44287"}],"curies":[{"name":"wp","href":"https:\/\/api.w.org\/{rel}","templated":true}]}}