{"id":44146,"date":"2021-06-09T13:47:22","date_gmt":"2021-06-09T13:47:22","guid":{"rendered":"https:\/\/gazetaregionalna.com\/?p=44146"},"modified":"2021-06-09T13:47:23","modified_gmt":"2021-06-09T13:47:23","slug":"to-juz-pewne-kamil-dlugosz-ze-stali-nysa-trafil-do-exact-systems-norwid-czestochowa","status":"publish","type":"post","link":"https:\/\/gazetaregionalna.com\/?p=44146","title":{"rendered":"To ju\u017c pewne. Kamil D\u0142ugosz ze Stali Nysa trafi\u0142 do Exact Systems Norwid Cz\u0119stochowa"},"content":{"rendered":"\n<p>W \u015brod\u0119 oficjalnie potwierdzi\u0142y si\u0119 informacje, o kt\u00f3rych Gazeta Regionalna informowa\u0142a ju\u017c w pierwszej po\u0142owie maja. Kamil D\u0142ugosz z graj\u0105cej w Plus Lidze Stali Nysa przenosi si\u0119 do Exact Systems Norwid Cz\u0119stochowa.<\/p>\n\n\n\n<p>Trwa budowa zespo\u0142u Exact Systems Norwid. Dru\u017cyna b\u0119dzie mia\u0142a nowego trenera, kt\u00f3rym zosta\u0142 450-krotny reprezentant Polski i absolwent Norwida Piotr Gruszka. Do klubu do\u0142\u0105czy\u0142o ju\u017c czterech nowych zawodnik\u00f3w. To libero: Mateusz Podbor\u0105czy\u0144ski oraz trzech przyjmuj\u0105cych: Artur S\u0142ugocki, Krzysztof Gibek i teraz Kamil D\u0142ugosz. Umow\u0119 z Exact Systems Norwid przed\u0142u\u017cy\u0142 te\u017c uzdolniony rozgrywaj\u0105cy Damian Bili\u0144ski.<\/p>\n\n\n\n<p>Kibice czekaj\u0105 na nazwisko czwartego nowego przyjmuj\u0105cego, czwartego \u015brodkowego i atakuj\u0105cego, kt\u00f3ry b\u0119dzie gra\u0142 na tej pozycji na przemian z Tomaszem Kry\u0144skim.<\/p>\n\n\n\n<p>Kami D\u0142ugosz to trzeci nowy przyjmuj\u0105cy w sk\u0142adzie trenera Piotra Gruszki. Siatkarz ten ma 29-lat. Ma do\u015bwiadczenie w Plus Lidze. Gra\u0142 w niej m.in. w barwach Aluron Warty Zawiercie i Stali Nysa. W Stali wyst\u0119powa\u0142 od 2018 roku\u2026<\/p>\n\n\n\n<p>W poprzednim sezonie w Plus Lidze w barwach Stali rozegra\u0142 37 set\u00f3w.<\/p>\n\n\n\n<p>Foto: Exact Systems Norwid<\/p>\n\n\n\n<p>Foto: Reklama<\/p>\n\n\n\n<figure class=\"wp-block-image size-large\"><img decoding=\"async\" width=\"1024\" height=\"677\" data-src=\"https:\/\/gazetaregionalna.com\/wp-content\/uploads\/2021\/06\/Dlugosz-1-1024x677.jpg\" alt=\"\" class=\"wp-image-44147 lazyload\" data-srcset=\"https:\/\/gazetaregionalna.com\/wp-content\/uploads\/2021\/06\/Dlugosz-1-1024x677.jpg 1024w, https:\/\/gazetaregionalna.com\/wp-content\/uploads\/2021\/06\/Dlugosz-1-300x198.jpg 300w, https:\/\/gazetaregionalna.com\/wp-content\/uploads\/2021\/06\/Dlugosz-1-768x508.jpg 768w, https:\/\/gazetaregionalna.com\/wp-content\/uploads\/2021\/06\/Dlugosz-1-696x460.jpg 696w, https:\/\/gazetaregionalna.com\/wp-content\/uploads\/2021\/06\/Dlugosz-1-1068x707.jpg 1068w, https:\/\/gazetaregionalna.com\/wp-content\/uploads\/2021\/06\/Dlugosz-1-635x420.jpg 635w, https:\/\/gazetaregionalna.com\/wp-content\/uploads\/2021\/06\/Dlugosz-1.jpg 1200w\" data-sizes=\"(max-width: 1024px) 100vw, 1024px\" src=\"data:image\/svg+xml;base64,PHN2ZyB3aWR0aD0iMSIgaGVpZ2h0PSIxIiB4bWxucz0iaHR0cDovL3d3dy53My5vcmcvMjAwMC9zdmciPjwvc3ZnPg==\" style=\"--smush-placeholder-width: 1024px; --smush-placeholder-aspect-ratio: 1024\/677;\" \/><\/figure>\n\n\n\n<figure class=\"wp-block-image size-large\"><img decoding=\"async\" width=\"755\" height=\"1024\" data-src=\"https:\/\/gazetaregionalna.com\/wp-content\/uploads\/2021\/06\/ReklamaBOSZPS-755x1024.jpg\" alt=\"\" class=\"wp-image-44021 lazyload\" data-srcset=\"https:\/\/gazetaregionalna.com\/wp-content\/uploads\/2021\/06\/ReklamaBOSZPS-755x1024.jpg 755w, https:\/\/gazetaregionalna.com\/wp-content\/uploads\/2021\/06\/ReklamaBOSZPS-221x300.jpg 221w, https:\/\/gazetaregionalna.com\/wp-content\/uploads\/2021\/06\/ReklamaBOSZPS-768x1041.jpg 768w, https:\/\/gazetaregionalna.com\/wp-content\/uploads\/2021\/06\/ReklamaBOSZPS-1133x1536.jpg 1133w, https:\/\/gazetaregionalna.com\/wp-content\/uploads\/2021\/06\/ReklamaBOSZPS-696x943.jpg 696w, https:\/\/gazetaregionalna.com\/wp-content\/uploads\/2021\/06\/ReklamaBOSZPS-1068x1448.jpg 1068w, https:\/\/gazetaregionalna.com\/wp-content\/uploads\/2021\/06\/ReklamaBOSZPS-310x420.jpg 310w, https:\/\/gazetaregionalna.com\/wp-content\/uploads\/2021\/06\/ReklamaBOSZPS.jpg 1180w\" data-sizes=\"(max-width: 755px) 100vw, 755px\" src=\"data:image\/svg+xml;base64,PHN2ZyB3aWR0aD0iMSIgaGVpZ2h0PSIxIiB4bWxucz0iaHR0cDovL3d3dy53My5vcmcvMjAwMC9zdmciPjwvc3ZnPg==\" style=\"--smush-placeholder-width: 755px; --smush-placeholder-aspect-ratio: 755\/1024;\" \/><figcaption>Reklama<\/figcaption><\/figure>\n","protected":false},"excerpt":{"rendered":"<p>W \u015brod\u0119 oficjalnie potwierdzi\u0142y si\u0119 informacje, o kt\u00f3rych Gazeta Regionalna informowa\u0142a ju\u017c w pierwszej po\u0142owie maja. Kamil D\u0142ugosz z graj\u0105cej w Plus Lidze Stali<\/p>\n","protected":false},"author":15,"featured_media":44147,"comment_status":"open","ping_status":"open","sticky":false,"template":"","format":"standard","meta":{"_monsterinsights_skip_tracking":false,"_monsterinsights_sitenote_active":false,"_monsterinsights_sitenote_note":"","_monsterinsights_sitenote_category":0,"_uf_show_specific_survey":0,"_uf_disable_surveys":false,"footnotes":""},"categories":[5,8],"tags":[],"class_list":["post-44146","post","type-post","status-publish","format-standard","has-post-thumbnail","hentry","category-sport","category-siatkowka"],"_links":{"self":[{"href":"https:\/\/gazetaregionalna.com\/index.php?rest_route=\/wp\/v2\/posts\/44146","targetHints":{"allow":["GET"]}}],"collection":[{"href":"https:\/\/gazetaregionalna.com\/index.php?rest_route=\/wp\/v2\/posts"}],"about":[{"href":"https:\/\/gazetaregionalna.com\/index.php?rest_route=\/wp\/v2\/types\/post"}],"author":[{"embeddable":true,"href":"https:\/\/gazetaregionalna.com\/index.php?rest_route=\/wp\/v2\/users\/15"}],"replies":[{"embeddable":true,"href":"https:\/\/gazetaregionalna.com\/index.php?rest_route=%2Fwp%2Fv2%2Fcomments&post=44146"}],"version-history":[{"count":1,"href":"https:\/\/gazetaregionalna.com\/index.php?rest_route=\/wp\/v2\/posts\/44146\/revisions"}],"predecessor-version":[{"id":44148,"href":"https:\/\/gazetaregionalna.com\/index.php?rest_route=\/wp\/v2\/posts\/44146\/revisions\/44148"}],"wp:featuredmedia":[{"embeddable":true,"href":"https:\/\/gazetaregionalna.com\/index.php?rest_route=\/wp\/v2\/media\/44147"}],"wp:attachment":[{"href":"https:\/\/gazetaregionalna.com\/index.php?rest_route=%2Fwp%2Fv2%2Fmedia&parent=44146"}],"wp:term":[{"taxonomy":"category","embeddable":true,"href":"https:\/\/gazetaregionalna.com\/index.php?rest_route=%2Fwp%2Fv2%2Fcategories&post=44146"},{"taxonomy":"post_tag","embeddable":true,"href":"https:\/\/gazetaregionalna.com\/index.php?rest_route=%2Fwp%2Fv2%2Ftags&post=44146"}],"curies":[{"name":"wp","href":"https:\/\/api.w.org\/{rel}","templated":true}]}}