{"id":44136,"date":"2021-06-09T13:24:26","date_gmt":"2021-06-09T13:24:26","guid":{"rendered":"https:\/\/gazetaregionalna.com\/?p=44136"},"modified":"2021-06-09T13:24:27","modified_gmt":"2021-06-09T13:24:27","slug":"bezpieczny","status":"publish","type":"post","link":"https:\/\/gazetaregionalna.com\/?p=44136","title":{"rendered":"Rozstrzygni\u0119cie konkursu \u201eJestem bezpieczny\u201d"},"content":{"rendered":"\n<h2 class=\"wp-block-heading\">Tegorocznymi zwyci\u0119zcami Powiatowego Konkursu Wiedzy i Umiej\u0119tno\u015bci \u201eJestem bezpieczny\u201d zostali uczniowie ze Szko\u0142y Podstawowej w \u0141ojkach.<\/h2>\n\n\n\n<figure class=\"wp-block-image size-large\"><img decoding=\"async\" width=\"970\" height=\"728\" data-src=\"https:\/\/gazetaregionalna.com\/wp-content\/uploads\/2021\/06\/jestem-bezpieczny-konkurs-5.jpg\" alt=\"jestem bezpieczny - konkurs 5\" class=\"wp-image-44142 lazyload\" data-srcset=\"https:\/\/gazetaregionalna.com\/wp-content\/uploads\/2021\/06\/jestem-bezpieczny-konkurs-5.jpg 970w, https:\/\/gazetaregionalna.com\/wp-content\/uploads\/2021\/06\/jestem-bezpieczny-konkurs-5-300x225.jpg 300w, https:\/\/gazetaregionalna.com\/wp-content\/uploads\/2021\/06\/jestem-bezpieczny-konkurs-5-768x576.jpg 768w, https:\/\/gazetaregionalna.com\/wp-content\/uploads\/2021\/06\/jestem-bezpieczny-konkurs-5-696x522.jpg 696w, https:\/\/gazetaregionalna.com\/wp-content\/uploads\/2021\/06\/jestem-bezpieczny-konkurs-5-560x420.jpg 560w, https:\/\/gazetaregionalna.com\/wp-content\/uploads\/2021\/06\/jestem-bezpieczny-konkurs-5-80x60.jpg 80w, https:\/\/gazetaregionalna.com\/wp-content\/uploads\/2021\/06\/jestem-bezpieczny-konkurs-5-265x198.jpg 265w\" data-sizes=\"(max-width: 970px) 100vw, 970px\" src=\"data:image\/svg+xml;base64,PHN2ZyB3aWR0aD0iMSIgaGVpZ2h0PSIxIiB4bWxucz0iaHR0cDovL3d3dy53My5vcmcvMjAwMC9zdmciPjwvc3ZnPg==\" style=\"--smush-placeholder-width: 970px; --smush-placeholder-aspect-ratio: 970\/728;\" \/><figcaption>Fot. KMP w Cz\u0119stochowie<\/figcaption><\/figure>\n\n\n\n<p><strong>\u201eJestem bezpieczny\u201d<\/strong> to Powiatowy Konkurs Wiedzy i Umiej\u0119tno\u015bci organizowany po raz kolejny przez Szko\u0142\u0119 Podstawow\u0105 imienia Tadeusza Ko\u015bciuszki w Mstowie i gmin\u0119 Mst\u00f3w.<\/p>\n\n\n\n<p>Zabawa kierowana do uczni\u00f3w szk\u00f3\u0142 podstawowych oraz przedszkoli z powiatu cz\u0119stochowskiego mia\u0142a za zadanie:<\/p>\n\n\n\n<ul class=\"wp-block-list\"><li>rozpowszechni\u0107 i podnie\u015b\u0107 wiedz\u0119, oraz umiej\u0119tno\u015bci z zakresu udzielania pierwszej pomocy przedmedycznej;<\/li><li>kszta\u0142towa\u0107 postawy w sytuacjach zagro\u017cenia \u017cycia lub zdrowia, w tym odpowiednie reagowanie i zachowanie si\u0119 w czasie po\u017caru;<\/li><li>kszta\u0142towanie postaw bezpiecznego wypoczynku i zachowania si\u0119 nad wod\u0105;<\/li><li>zapobieganie wypadkom poprzez upowszechnianie zasad bezpiecze\u0144stwa;<\/li><li>przestrzeganie zasad ruchu drogowego i propagowanie bezpiecznego zachowania na drodze.<\/li><\/ul>\n\n\n\n<p>W tym roku ze wzgl\u0119du na pandemi\u0119 konkurs odby\u0142 si\u0119 w trybie online. Do wsp\u00f3\u0142zawodnictwa zg\u0142osi\u0142o si\u0119 27 szk\u00f3\u0142 podstawowych, kt\u00f3re zaprezentowa\u0142y bardzo wysoki poziom wiedzy i umiej\u0119tno\u015bci.<\/p>\n\n\n\n<p>Najlepsi okazali si\u0119 uczniowie ze <strong>Szko\u0142y Podstawowej w \u0141ojkach<\/strong> (Gmina Blachownia).<\/p>\n\n\n\n<p>W trakcie og\u0142aszania wynik\u00f3w obecni byli: zast\u0119pca Komendanta Miejskiego Policji w Cz\u0119stochowie podinspektor Gra\u017cyna Dudek, przedstawiciele stra\u017cy po\u017carnej, s\u0142u\u017cb medycznych, w\u0142adze gminy oraz wsp\u00f3\u0142organizatorzy.<\/p>\n\n\n\n<figure class=\"wp-block-gallery columns-3 is-cropped wp-block-gallery-1 is-layout-flex wp-block-gallery-is-layout-flex\"><ul class=\"blocks-gallery-grid\"><li class=\"blocks-gallery-item\"><figure><a href=\"https:\/\/gazetaregionalna.com\/wp-content\/uploads\/2021\/06\/jestem-bezpieczny-konkurs-6.jpg\"><img decoding=\"async\" width=\"832\" height=\"569\" data-src=\"https:\/\/gazetaregionalna.com\/wp-content\/uploads\/2021\/06\/jestem-bezpieczny-konkurs-6.jpg\" alt=\"jestem bezpieczny - konkurs 6\" data-id=\"44137\" data-full-url=\"https:\/\/gazetaregionalna.com\/wp-content\/uploads\/2021\/06\/jestem-bezpieczny-konkurs-6.jpg\" data-link=\"https:\/\/gazetaregionalna.com\/?attachment_id=44137\" class=\"wp-image-44137 lazyload\" data-srcset=\"https:\/\/gazetaregionalna.com\/wp-content\/uploads\/2021\/06\/jestem-bezpieczny-konkurs-6.jpg 832w, https:\/\/gazetaregionalna.com\/wp-content\/uploads\/2021\/06\/jestem-bezpieczny-konkurs-6-300x205.jpg 300w, https:\/\/gazetaregionalna.com\/wp-content\/uploads\/2021\/06\/jestem-bezpieczny-konkurs-6-768x525.jpg 768w, https:\/\/gazetaregionalna.com\/wp-content\/uploads\/2021\/06\/jestem-bezpieczny-konkurs-6-218x150.jpg 218w, https:\/\/gazetaregionalna.com\/wp-content\/uploads\/2021\/06\/jestem-bezpieczny-konkurs-6-696x476.jpg 696w, https:\/\/gazetaregionalna.com\/wp-content\/uploads\/2021\/06\/jestem-bezpieczny-konkurs-6-614x420.jpg 614w\" data-sizes=\"(max-width: 832px) 100vw, 832px\" src=\"data:image\/svg+xml;base64,PHN2ZyB3aWR0aD0iMSIgaGVpZ2h0PSIxIiB4bWxucz0iaHR0cDovL3d3dy53My5vcmcvMjAwMC9zdmciPjwvc3ZnPg==\" style=\"--smush-placeholder-width: 832px; --smush-placeholder-aspect-ratio: 832\/569;\" \/><\/a><\/figure><\/li><li class=\"blocks-gallery-item\"><figure><a href=\"https:\/\/gazetaregionalna.com\/wp-content\/uploads\/2021\/06\/jestem-bezpieczny-konkurs-4.jpg\"><img decoding=\"async\" width=\"909\" height=\"643\" data-src=\"https:\/\/gazetaregionalna.com\/wp-content\/uploads\/2021\/06\/jestem-bezpieczny-konkurs-4.jpg\" alt=\"jestem bezpieczny - konkurs 4\" data-id=\"44141\" data-full-url=\"https:\/\/gazetaregionalna.com\/wp-content\/uploads\/2021\/06\/jestem-bezpieczny-konkurs-4.jpg\" data-link=\"https:\/\/gazetaregionalna.com\/?attachment_id=44141\" class=\"wp-image-44141 lazyload\" data-srcset=\"https:\/\/gazetaregionalna.com\/wp-content\/uploads\/2021\/06\/jestem-bezpieczny-konkurs-4.jpg 909w, https:\/\/gazetaregionalna.com\/wp-content\/uploads\/2021\/06\/jestem-bezpieczny-konkurs-4-300x212.jpg 300w, https:\/\/gazetaregionalna.com\/wp-content\/uploads\/2021\/06\/jestem-bezpieczny-konkurs-4-768x543.jpg 768w, https:\/\/gazetaregionalna.com\/wp-content\/uploads\/2021\/06\/jestem-bezpieczny-konkurs-4-696x492.jpg 696w, https:\/\/gazetaregionalna.com\/wp-content\/uploads\/2021\/06\/jestem-bezpieczny-konkurs-4-594x420.jpg 594w, https:\/\/gazetaregionalna.com\/wp-content\/uploads\/2021\/06\/jestem-bezpieczny-konkurs-4-100x70.jpg 100w\" data-sizes=\"(max-width: 909px) 100vw, 909px\" src=\"data:image\/svg+xml;base64,PHN2ZyB3aWR0aD0iMSIgaGVpZ2h0PSIxIiB4bWxucz0iaHR0cDovL3d3dy53My5vcmcvMjAwMC9zdmciPjwvc3ZnPg==\" style=\"--smush-placeholder-width: 909px; --smush-placeholder-aspect-ratio: 909\/643;\" \/><\/a><\/figure><\/li><li class=\"blocks-gallery-item\"><figure><a href=\"https:\/\/gazetaregionalna.com\/wp-content\/uploads\/2021\/06\/jestem-bezpieczny-konkurs-3.jpg\"><img decoding=\"async\" width=\"970\" height=\"728\" data-src=\"https:\/\/gazetaregionalna.com\/wp-content\/uploads\/2021\/06\/jestem-bezpieczny-konkurs-3.jpg\" alt=\"jestem bezpieczny - konkurs 3\" data-id=\"44140\" data-full-url=\"https:\/\/gazetaregionalna.com\/wp-content\/uploads\/2021\/06\/jestem-bezpieczny-konkurs-3.jpg\" data-link=\"https:\/\/gazetaregionalna.com\/?attachment_id=44140\" class=\"wp-image-44140 lazyload\" data-srcset=\"https:\/\/gazetaregionalna.com\/wp-content\/uploads\/2021\/06\/jestem-bezpieczny-konkurs-3.jpg 970w, https:\/\/gazetaregionalna.com\/wp-content\/uploads\/2021\/06\/jestem-bezpieczny-konkurs-3-300x225.jpg 300w, https:\/\/gazetaregionalna.com\/wp-content\/uploads\/2021\/06\/jestem-bezpieczny-konkurs-3-768x576.jpg 768w, https:\/\/gazetaregionalna.com\/wp-content\/uploads\/2021\/06\/jestem-bezpieczny-konkurs-3-696x522.jpg 696w, https:\/\/gazetaregionalna.com\/wp-content\/uploads\/2021\/06\/jestem-bezpieczny-konkurs-3-560x420.jpg 560w, https:\/\/gazetaregionalna.com\/wp-content\/uploads\/2021\/06\/jestem-bezpieczny-konkurs-3-80x60.jpg 80w, https:\/\/gazetaregionalna.com\/wp-content\/uploads\/2021\/06\/jestem-bezpieczny-konkurs-3-265x198.jpg 265w\" data-sizes=\"(max-width: 970px) 100vw, 970px\" src=\"data:image\/svg+xml;base64,PHN2ZyB3aWR0aD0iMSIgaGVpZ2h0PSIxIiB4bWxucz0iaHR0cDovL3d3dy53My5vcmcvMjAwMC9zdmciPjwvc3ZnPg==\" style=\"--smush-placeholder-width: 970px; --smush-placeholder-aspect-ratio: 970\/728;\" \/><\/a><\/figure><\/li><li class=\"blocks-gallery-item\"><figure><a href=\"https:\/\/gazetaregionalna.com\/wp-content\/uploads\/2021\/06\/jestem-bezpieczny-konkurs-1.jpg\"><img decoding=\"async\" width=\"953\" height=\"683\" data-src=\"https:\/\/gazetaregionalna.com\/wp-content\/uploads\/2021\/06\/jestem-bezpieczny-konkurs-1.jpg\" alt=\"jestem bezpieczny - konkurs 1\" data-id=\"44138\" data-full-url=\"https:\/\/gazetaregionalna.com\/wp-content\/uploads\/2021\/06\/jestem-bezpieczny-konkurs-1.jpg\" data-link=\"https:\/\/gazetaregionalna.com\/?attachment_id=44138\" class=\"wp-image-44138 lazyload\" data-srcset=\"https:\/\/gazetaregionalna.com\/wp-content\/uploads\/2021\/06\/jestem-bezpieczny-konkurs-1.jpg 953w, https:\/\/gazetaregionalna.com\/wp-content\/uploads\/2021\/06\/jestem-bezpieczny-konkurs-1-300x215.jpg 300w, https:\/\/gazetaregionalna.com\/wp-content\/uploads\/2021\/06\/jestem-bezpieczny-konkurs-1-768x550.jpg 768w, https:\/\/gazetaregionalna.com\/wp-content\/uploads\/2021\/06\/jestem-bezpieczny-konkurs-1-696x499.jpg 696w, https:\/\/gazetaregionalna.com\/wp-content\/uploads\/2021\/06\/jestem-bezpieczny-konkurs-1-586x420.jpg 586w\" data-sizes=\"(max-width: 953px) 100vw, 953px\" src=\"data:image\/svg+xml;base64,PHN2ZyB3aWR0aD0iMSIgaGVpZ2h0PSIxIiB4bWxucz0iaHR0cDovL3d3dy53My5vcmcvMjAwMC9zdmciPjwvc3ZnPg==\" style=\"--smush-placeholder-width: 953px; --smush-placeholder-aspect-ratio: 953\/683;\" \/><\/a><\/figure><\/li><\/ul><figcaption class=\"blocks-gallery-caption\">Fot. KMP w Cz\u0119stochowie<\/figcaption><\/figure>\n","protected":false},"excerpt":{"rendered":"<p>Tegorocznymi zwyci\u0119zcami Powiatowego Konkursu Wiedzy i Umiej\u0119tno\u015bci \u201eJestem bezpieczny\u201d zostali uczniowie ze Szko\u0142y Podstawowej w \u0141ojkach. \u201eJestem bezpieczny\u201d to Powiatowy Konkurs Wiedzy i Umiej\u0119tno\u015bci<\/p>\n","protected":false},"author":12,"featured_media":44139,"comment_status":"open","ping_status":"open","sticky":false,"template":"","format":"standard","meta":{"_monsterinsights_skip_tracking":false,"_monsterinsights_sitenote_active":false,"_monsterinsights_sitenote_note":"","_monsterinsights_sitenote_category":0,"_uf_show_specific_survey":0,"_uf_disable_surveys":false,"footnotes":""},"categories":[94,3,4,2],"tags":[2101],"class_list":["post-44136","post","type-post","status-publish","format-standard","has-post-thumbnail","hentry","category-polecane","category-czestochowa-informacje","category-region","category-wiadomosci","tag-jestem-bezpieczny"],"_links":{"self":[{"href":"https:\/\/gazetaregionalna.com\/index.php?rest_route=\/wp\/v2\/posts\/44136","targetHints":{"allow":["GET"]}}],"collection":[{"href":"https:\/\/gazetaregionalna.com\/index.php?rest_route=\/wp\/v2\/posts"}],"about":[{"href":"https:\/\/gazetaregionalna.com\/index.php?rest_route=\/wp\/v2\/types\/post"}],"author":[{"embeddable":true,"href":"https:\/\/gazetaregionalna.com\/index.php?rest_route=\/wp\/v2\/users\/12"}],"replies":[{"embeddable":true,"href":"https:\/\/gazetaregionalna.com\/index.php?rest_route=%2Fwp%2Fv2%2Fcomments&post=44136"}],"version-history":[{"count":1,"href":"https:\/\/gazetaregionalna.com\/index.php?rest_route=\/wp\/v2\/posts\/44136\/revisions"}],"predecessor-version":[{"id":44143,"href":"https:\/\/gazetaregionalna.com\/index.php?rest_route=\/wp\/v2\/posts\/44136\/revisions\/44143"}],"wp:featuredmedia":[{"embeddable":true,"href":"https:\/\/gazetaregionalna.com\/index.php?rest_route=\/wp\/v2\/media\/44139"}],"wp:attachment":[{"href":"https:\/\/gazetaregionalna.com\/index.php?rest_route=%2Fwp%2Fv2%2Fmedia&parent=44136"}],"wp:term":[{"taxonomy":"category","embeddable":true,"href":"https:\/\/gazetaregionalna.com\/index.php?rest_route=%2Fwp%2Fv2%2Fcategories&post=44136"},{"taxonomy":"post_tag","embeddable":true,"href":"https:\/\/gazetaregionalna.com\/index.php?rest_route=%2Fwp%2Fv2%2Ftags&post=44136"}],"curies":[{"name":"wp","href":"https:\/\/api.w.org\/{rel}","templated":true}]}}