{"id":44108,"date":"2021-06-09T08:25:00","date_gmt":"2021-06-09T08:25:00","guid":{"rendered":"https:\/\/gazetaregionalna.com\/?p=44108"},"modified":"2021-06-09T11:29:23","modified_gmt":"2021-06-09T11:29:23","slug":"buduja-sciezke-rowerowa-na-jurze","status":"publish","type":"post","link":"https:\/\/gazetaregionalna.com\/?p=44108","title":{"rendered":"Buduj\u0105 \u015bcie\u017ck\u0119 rowerow\u0105 na Jurze"},"content":{"rendered":"\n<h2 class=\"wp-block-heading\">W gminie \u017barki, pomi\u0119dzy miejscowo\u015bciami Suliszowicami a Jaroszowem powstaje \u015bcie\u017cka rowerowa. Droga po\u0142\u0105czy gminy \u017barki i Olsztyn.<\/h2>\n\n\n\n<figure class=\"wp-block-gallery columns-2 is-cropped wp-block-gallery-1 is-layout-flex wp-block-gallery-is-layout-flex\"><ul class=\"blocks-gallery-grid\"><li class=\"blocks-gallery-item\"><figure><a href=\"https:\/\/gazetaregionalna.com\/wp-content\/uploads\/2021\/06\/sciezka_02-scaled.jpg\"><img decoding=\"async\" width=\"1024\" height=\"683\" data-src=\"https:\/\/gazetaregionalna.com\/wp-content\/uploads\/2021\/06\/sciezka_02-1024x683.jpg\" alt=\"\" data-id=\"44110\" data-full-url=\"https:\/\/gazetaregionalna.com\/wp-content\/uploads\/2021\/06\/sciezka_02-scaled.jpg\" data-link=\"https:\/\/gazetaregionalna.com\/?attachment_id=44110\" class=\"wp-image-44110 lazyload\" data-srcset=\"https:\/\/gazetaregionalna.com\/wp-content\/uploads\/2021\/06\/sciezka_02-1024x683.jpg 1024w, https:\/\/gazetaregionalna.com\/wp-content\/uploads\/2021\/06\/sciezka_02-300x200.jpg 300w, https:\/\/gazetaregionalna.com\/wp-content\/uploads\/2021\/06\/sciezka_02-768x512.jpg 768w, https:\/\/gazetaregionalna.com\/wp-content\/uploads\/2021\/06\/sciezka_02-1536x1024.jpg 1536w, https:\/\/gazetaregionalna.com\/wp-content\/uploads\/2021\/06\/sciezka_02-2048x1365.jpg 2048w, https:\/\/gazetaregionalna.com\/wp-content\/uploads\/2021\/06\/sciezka_02-696x464.jpg 696w, https:\/\/gazetaregionalna.com\/wp-content\/uploads\/2021\/06\/sciezka_02-1068x712.jpg 1068w, https:\/\/gazetaregionalna.com\/wp-content\/uploads\/2021\/06\/sciezka_02-1920x1280.jpg 1920w, https:\/\/gazetaregionalna.com\/wp-content\/uploads\/2021\/06\/sciezka_02-630x420.jpg 630w, https:\/\/gazetaregionalna.com\/wp-content\/uploads\/2021\/06\/sciezka_02-scaled.jpg 1200w\" data-sizes=\"(max-width: 1024px) 100vw, 1024px\" src=\"data:image\/svg+xml;base64,PHN2ZyB3aWR0aD0iMSIgaGVpZ2h0PSIxIiB4bWxucz0iaHR0cDovL3d3dy53My5vcmcvMjAwMC9zdmciPjwvc3ZnPg==\" style=\"--smush-placeholder-width: 1024px; --smush-placeholder-aspect-ratio: 1024\/683;\" \/><\/a><\/figure><\/li><li class=\"blocks-gallery-item\"><figure><a href=\"https:\/\/gazetaregionalna.com\/wp-content\/uploads\/2021\/06\/sciezka_03-scaled.jpg\"><img decoding=\"async\" width=\"1024\" height=\"683\" data-src=\"https:\/\/gazetaregionalna.com\/wp-content\/uploads\/2021\/06\/sciezka_03-1024x683.jpg\" alt=\"\" data-id=\"44111\" data-full-url=\"https:\/\/gazetaregionalna.com\/wp-content\/uploads\/2021\/06\/sciezka_03-scaled.jpg\" data-link=\"https:\/\/gazetaregionalna.com\/?attachment_id=44111\" class=\"wp-image-44111 lazyload\" data-srcset=\"https:\/\/gazetaregionalna.com\/wp-content\/uploads\/2021\/06\/sciezka_03-1024x683.jpg 1024w, https:\/\/gazetaregionalna.com\/wp-content\/uploads\/2021\/06\/sciezka_03-300x200.jpg 300w, https:\/\/gazetaregionalna.com\/wp-content\/uploads\/2021\/06\/sciezka_03-768x512.jpg 768w, https:\/\/gazetaregionalna.com\/wp-content\/uploads\/2021\/06\/sciezka_03-1536x1024.jpg 1536w, https:\/\/gazetaregionalna.com\/wp-content\/uploads\/2021\/06\/sciezka_03-2048x1365.jpg 2048w, https:\/\/gazetaregionalna.com\/wp-content\/uploads\/2021\/06\/sciezka_03-696x464.jpg 696w, https:\/\/gazetaregionalna.com\/wp-content\/uploads\/2021\/06\/sciezka_03-1068x712.jpg 1068w, https:\/\/gazetaregionalna.com\/wp-content\/uploads\/2021\/06\/sciezka_03-1920x1280.jpg 1920w, https:\/\/gazetaregionalna.com\/wp-content\/uploads\/2021\/06\/sciezka_03-630x420.jpg 630w, https:\/\/gazetaregionalna.com\/wp-content\/uploads\/2021\/06\/sciezka_03-scaled.jpg 1200w\" data-sizes=\"(max-width: 1024px) 100vw, 1024px\" src=\"data:image\/svg+xml;base64,PHN2ZyB3aWR0aD0iMSIgaGVpZ2h0PSIxIiB4bWxucz0iaHR0cDovL3d3dy53My5vcmcvMjAwMC9zdmciPjwvc3ZnPg==\" style=\"--smush-placeholder-width: 1024px; --smush-placeholder-aspect-ratio: 1024\/683;\" \/><\/a><\/figure><\/li><li class=\"blocks-gallery-item\"><figure><a href=\"https:\/\/gazetaregionalna.com\/wp-content\/uploads\/2021\/06\/sciezka_04-scaled.jpg\"><img decoding=\"async\" width=\"1024\" height=\"683\" data-src=\"https:\/\/gazetaregionalna.com\/wp-content\/uploads\/2021\/06\/sciezka_04-1024x683.jpg\" alt=\"\" data-id=\"44112\" data-full-url=\"https:\/\/gazetaregionalna.com\/wp-content\/uploads\/2021\/06\/sciezka_04-scaled.jpg\" data-link=\"https:\/\/gazetaregionalna.com\/?attachment_id=44112\" class=\"wp-image-44112 lazyload\" data-srcset=\"https:\/\/gazetaregionalna.com\/wp-content\/uploads\/2021\/06\/sciezka_04-1024x683.jpg 1024w, https:\/\/gazetaregionalna.com\/wp-content\/uploads\/2021\/06\/sciezka_04-300x200.jpg 300w, https:\/\/gazetaregionalna.com\/wp-content\/uploads\/2021\/06\/sciezka_04-768x512.jpg 768w, https:\/\/gazetaregionalna.com\/wp-content\/uploads\/2021\/06\/sciezka_04-1536x1024.jpg 1536w, https:\/\/gazetaregionalna.com\/wp-content\/uploads\/2021\/06\/sciezka_04-2048x1365.jpg 2048w, https:\/\/gazetaregionalna.com\/wp-content\/uploads\/2021\/06\/sciezka_04-696x464.jpg 696w, https:\/\/gazetaregionalna.com\/wp-content\/uploads\/2021\/06\/sciezka_04-1068x712.jpg 1068w, https:\/\/gazetaregionalna.com\/wp-content\/uploads\/2021\/06\/sciezka_04-1920x1280.jpg 1920w, https:\/\/gazetaregionalna.com\/wp-content\/uploads\/2021\/06\/sciezka_04-630x420.jpg 630w, https:\/\/gazetaregionalna.com\/wp-content\/uploads\/2021\/06\/sciezka_04-scaled.jpg 1200w\" data-sizes=\"(max-width: 1024px) 100vw, 1024px\" src=\"data:image\/svg+xml;base64,PHN2ZyB3aWR0aD0iMSIgaGVpZ2h0PSIxIiB4bWxucz0iaHR0cDovL3d3dy53My5vcmcvMjAwMC9zdmciPjwvc3ZnPg==\" style=\"--smush-placeholder-width: 1024px; --smush-placeholder-aspect-ratio: 1024\/683;\" \/><\/a><\/figure><\/li><li class=\"blocks-gallery-item\"><figure><a href=\"https:\/\/gazetaregionalna.com\/wp-content\/uploads\/2021\/06\/sciezka_05-scaled.jpg\"><img decoding=\"async\" width=\"1024\" height=\"683\" data-src=\"https:\/\/gazetaregionalna.com\/wp-content\/uploads\/2021\/06\/sciezka_05-1024x683.jpg\" alt=\"\" data-id=\"44113\" data-full-url=\"https:\/\/gazetaregionalna.com\/wp-content\/uploads\/2021\/06\/sciezka_05-scaled.jpg\" data-link=\"https:\/\/gazetaregionalna.com\/?attachment_id=44113\" class=\"wp-image-44113 lazyload\" data-srcset=\"https:\/\/gazetaregionalna.com\/wp-content\/uploads\/2021\/06\/sciezka_05-1024x683.jpg 1024w, https:\/\/gazetaregionalna.com\/wp-content\/uploads\/2021\/06\/sciezka_05-300x200.jpg 300w, https:\/\/gazetaregionalna.com\/wp-content\/uploads\/2021\/06\/sciezka_05-768x512.jpg 768w, https:\/\/gazetaregionalna.com\/wp-content\/uploads\/2021\/06\/sciezka_05-1536x1024.jpg 1536w, https:\/\/gazetaregionalna.com\/wp-content\/uploads\/2021\/06\/sciezka_05-2048x1365.jpg 2048w, https:\/\/gazetaregionalna.com\/wp-content\/uploads\/2021\/06\/sciezka_05-696x464.jpg 696w, https:\/\/gazetaregionalna.com\/wp-content\/uploads\/2021\/06\/sciezka_05-1068x712.jpg 1068w, https:\/\/gazetaregionalna.com\/wp-content\/uploads\/2021\/06\/sciezka_05-1920x1280.jpg 1920w, https:\/\/gazetaregionalna.com\/wp-content\/uploads\/2021\/06\/sciezka_05-630x420.jpg 630w, https:\/\/gazetaregionalna.com\/wp-content\/uploads\/2021\/06\/sciezka_05-scaled.jpg 1200w\" data-sizes=\"(max-width: 1024px) 100vw, 1024px\" src=\"data:image\/svg+xml;base64,PHN2ZyB3aWR0aD0iMSIgaGVpZ2h0PSIxIiB4bWxucz0iaHR0cDovL3d3dy53My5vcmcvMjAwMC9zdmciPjwvc3ZnPg==\" style=\"--smush-placeholder-width: 1024px; --smush-placeholder-aspect-ratio: 1024\/683;\" \/><\/a><\/figure><\/li><\/ul><\/figure>\n\n\n\n<p>Trwaj\u0105 prace przy budowie nowej drogi rowerowej pomi\u0119dzy Suliszowicami a Jaroszowem. Jest to pierwszy z etap\u00f3w w ramach \u015bcie\u017cki o d\u0142ugo\u015bci ponad 10 km, kt\u00f3ra po\u0142\u0105czy gminy Olsztyn i \u017barki.<\/p>\n\n\n\n<p>Dofinansowanie unijne i \u015brodki w\u0142asne sprawiaj\u0105, i\u017c w ci\u0105gu dw\u00f3ch lat powstanie nowa droga rowerowego wraz z miejscami do odpoczynku na odcinku: Zr\u0119bice, Krasawa \u2013 w gminie Olsztyn (5,6 km); Suliszowice, Jarosz\u00f3w \u2013 w gminie \u017barki (4,6 km).<\/p>\n\n\n\n<p>Projekt wsp\u00f3\u0142finansowany przez Uni\u0119 Europejsk\u0105 z Europejskiego Funduszu Rozwoju Regionalnego w ramach RPO WSL 2014-2020.<\/p>\n\n\n\n<p>(fot. UG \u017barki)<\/p>\n","protected":false},"excerpt":{"rendered":"<p>W gminie \u017barki, pomi\u0119dzy miejscowo\u015bciami Suliszowicami a Jaroszowem powstaje \u015bcie\u017cka rowerowa. Droga po\u0142\u0105czy gminy \u017barki i Olsztyn. Trwaj\u0105 prace przy budowie nowej drogi rowerowej<\/p>\n","protected":false},"author":7,"featured_media":44111,"comment_status":"open","ping_status":"open","sticky":false,"template":"","format":"standard","meta":{"_monsterinsights_skip_tracking":false,"_monsterinsights_sitenote_active":false,"_monsterinsights_sitenote_note":"","_monsterinsights_sitenote_category":0,"_uf_show_specific_survey":0,"_uf_disable_surveys":false,"footnotes":""},"categories":[2,26,4],"tags":[],"class_list":["post-44108","post","type-post","status-publish","format-standard","has-post-thumbnail","hentry","category-wiadomosci","category-myszkow","category-region"],"_links":{"self":[{"href":"https:\/\/gazetaregionalna.com\/index.php?rest_route=\/wp\/v2\/posts\/44108","targetHints":{"allow":["GET"]}}],"collection":[{"href":"https:\/\/gazetaregionalna.com\/index.php?rest_route=\/wp\/v2\/posts"}],"about":[{"href":"https:\/\/gazetaregionalna.com\/index.php?rest_route=\/wp\/v2\/types\/post"}],"author":[{"embeddable":true,"href":"https:\/\/gazetaregionalna.com\/index.php?rest_route=\/wp\/v2\/users\/7"}],"replies":[{"embeddable":true,"href":"https:\/\/gazetaregionalna.com\/index.php?rest_route=%2Fwp%2Fv2%2Fcomments&post=44108"}],"version-history":[{"count":2,"href":"https:\/\/gazetaregionalna.com\/index.php?rest_route=\/wp\/v2\/posts\/44108\/revisions"}],"predecessor-version":[{"id":44114,"href":"https:\/\/gazetaregionalna.com\/index.php?rest_route=\/wp\/v2\/posts\/44108\/revisions\/44114"}],"wp:featuredmedia":[{"embeddable":true,"href":"https:\/\/gazetaregionalna.com\/index.php?rest_route=\/wp\/v2\/media\/44111"}],"wp:attachment":[{"href":"https:\/\/gazetaregionalna.com\/index.php?rest_route=%2Fwp%2Fv2%2Fmedia&parent=44108"}],"wp:term":[{"taxonomy":"category","embeddable":true,"href":"https:\/\/gazetaregionalna.com\/index.php?rest_route=%2Fwp%2Fv2%2Fcategories&post=44108"},{"taxonomy":"post_tag","embeddable":true,"href":"https:\/\/gazetaregionalna.com\/index.php?rest_route=%2Fwp%2Fv2%2Ftags&post=44108"}],"curies":[{"name":"wp","href":"https:\/\/api.w.org\/{rel}","templated":true}]}}